{"id":1410,"date":"2024-12-03T08:00:18","date_gmt":"2024-12-03T07:00:18","guid":{"rendered":"https:\/\/monde25.info\/index.php\/2024\/12\/03\/le-ministre-iranien-des-affaires-etrangeres-a-ete-recu-par-le-president-syrien\/"},"modified":"2024-12-03T08:00:18","modified_gmt":"2024-12-03T07:00:18","slug":"le-ministre-iranien-des-affaires-etrangeres-a-ete-recu-par-le-president-syrien","status":"publish","type":"post","link":"https:\/\/monde25.info\/index.php\/2024\/12\/03\/le-ministre-iranien-des-affaires-etrangeres-a-ete-recu-par-le-president-syrien\/","title":{"rendered":"Le ministre iranien des Affaires \u00e9trang\u00e8res a \u00e9t\u00e9 re\u00e7u par le pr\u00e9sident syrien"},"content":{"rendered":"<p> <br \/>\n<\/p>\n<div>\n<ol class=\"campaign-loop campaign-list\">\n<li id=\"campaign-433393\" class=\"post-433393 campaign type-campaign status-publish hentry campaign-has-goal campaign-has-not-achieved-goal campaign-has-end-date campaign-has-not-ended\">\n\t<a target=\"_blank\" href=\"https:\/\/reseauinternational.net\/campaigns\/campagne-de-dons-decembre-2024\/\"><\/p>\n<h3>Campagne de dons D\u00e9cembre 2024<\/h3>\n<p>\t\t\t<\/a><\/p>\n<p>\n\tChers amis lecteurs, R\u00e9seau International a de nouveau besoin de vous. Gr\u00e2ce \u00e0 vous, nous avons pu nous doter d\u2019un serveur plus s\u00e9curis\u00e9, avec des capacit\u00e9s bien plus aptes \u00e0 g\u00e9rer la tr\u00e8s grosse taille des donn\u00e9es du site et son important trafic. C\u2019est gr\u00e2ce \u00e0 vos dons que nous pouvons garder notre ind\u00e9pendance et\u00a0 vous fournir le meilleur de l\u2019information internationale alternative. Votre soutien nous est indispensable; nous comptons sur vous.<\/p>\n<p>\n<span class=\"amount\">580,00\u00a0\u20ac<\/span> de l\u2019objectif de <span class=\"goal-amount\">25 000,00\u00a0\u20ac<\/span> atteint<\/p>\n<\/li>\n<\/ol>\n<p>par <strong>PressTV<\/strong><\/p>\n<p><strong>\u00c0 la t\u00eate d\u2019une d\u00e9l\u00e9gation, le ministre iranien des Affaires \u00e9trang\u00e8res, Abbas Araghchi, a effectu\u00e9, ce dimanche 1er d\u00e9cembre, une visite \u00e0 Damas, o\u00f9 il a rencontr\u00e9 le pr\u00e9sident syrien Bachar al-Assad.<\/strong><\/p>\n<p>Cette rencontre a eu lieu dans un contexte de tensions croissantes en Syrie, exacerb\u00e9es par une offensive de groupes terroristes takfiristes, soutenus par des puissances \u00e9trang\u00e8res.<\/p>\n<p>Araghchi a profit\u00e9 de cette occasion pour r\u00e9affirmer le soutien ind\u00e9fectible de T\u00e9h\u00e9ran envers le gouvernement syrien, soulignant l\u2019importance des relations bilat\u00e9rales dans la lutte contre le terrorisme.<\/p>\n<p>Araghchi a affirm\u00e9 que les r\u00e9cents agissements des groupes terroristes [en Syrie] font partie des conspirations des ennemis de la stabilit\u00e9 et de la s\u00e9curit\u00e9 de la r\u00e9gion. \u00ab<em>C\u2019est le signe d\u2019ailleurs de l\u2019alignement des sinistres objectifs des terroristes sur la politique am\u00e9ricano-isra\u00e9lienne d\u2019attiser la conflictualit\u00e9 et l\u2019ins\u00e9curit\u00e9 dans la r\u00e9gion afin de compenser les \u00e9checs des sionistes face au front de la R\u00e9sistance<\/em>\u00bb, a pr\u00e9cis\u00e9 Araghchi qui s\u2019est d\u00e9clar\u00e9 convaincu que la Syrie vaincra les terroristes comme auparavant.<\/p>\n<p>Pour sa part, Bachar al-Assad a qualifi\u00e9 de \u00ab<em>tr\u00e8s significative<\/em>\u00bb la visite en Syrie du ministre iranien des Affaires \u00e9trang\u00e8res dans la situation sensible actuelle, ce qui transmet selon lui un fort message d\u2019appui de la part de la RII, en ce sens que T\u00e9h\u00e9ran reste aux c\u00f4t\u00e9s des pays de l\u2019axe de la R\u00e9sistance face au r\u00e9gime sioniste.<\/p>\n<p>\u00c0 son arriv\u00e9e, Araghchi a exprim\u00e9 son intention de transmettre un message clair de solidarit\u00e9 de la R\u00e9publique islamique d\u2019Iran au gouvernement syrien.<\/p>\n<p>Avant son d\u00e9part, il a d\u00e9clar\u00e9 aux journalistes que sa visite en Syrie avait pour but de renforcer le soutien \u00e0 l\u2019arm\u00e9e syrienne et \u00e0 son gouvernement face aux menaces ext\u00e9rieures.<\/p>\n<p>Il a insist\u00e9 sur le fait que l\u2019Iran ne fait pas de distinction entre les terroristes takfiristes et le r\u00e9gime isra\u00e9lien, affirmant que les deux repr\u00e9sentent des dangers similaires pour la stabilit\u00e9 de la r\u00e9gion.<\/p>\n<p>Araghchi a averti que suite aux revers subis par le r\u00e9gime isra\u00e9lien, l\u2019ennemi cherche \u00e0 r\u00e9aliser ses objectifs malveillants, en s\u2019appuyant sur les organisations terroristes dans le but de cr\u00e9er un climat d\u2019ins\u00e9curit\u00e9 au sein de la r\u00e9gion.<\/p>\n<p>Le ministre iranien des Affaires \u00e9trang\u00e8res a \u00e9galement salu\u00e9 la r\u00e9silience de l\u2019arm\u00e9e syrienne, affirmant qu\u2019elle parviendrait, comme par le pass\u00e9, \u00e0 l\u2019emporter sur des groupes terroristes.<\/p>\n<p>Au cours de sa visite \u00e0 Damas, le ministre iranien des Affaires \u00e9trang\u00e8res pr\u00e9voit d\u2019aborder des questions cruciales avec les responsables syriens, notamment les relations bilat\u00e9rales et les r\u00e9cents \u00e9v\u00e9nements survenus dans la r\u00e9gion.<\/p>\n<p>Plus t\u00f4t dans la journ\u00e9e, le chef de la diplomatie iranienne a affirm\u00e9 que les groupes terroristes takfiristes, soutenus par des puissances \u00e9trang\u00e8res, sont condamn\u00e9s \u00e0 l\u2019\u00e9chec face aux forces de la R\u00e9sistance.<\/p>\n<p>Araghchi a \u00e9galement mis en lumi\u00e8re la situation complexe de l\u2019Asie de l\u2019Ouest, qu\u2019il d\u00e9crit comme un terrain fertile pour de nouvelles conspirations.<\/p>\n<p>Il a sp\u00e9cifiquement mentionn\u00e9 la pr\u00e9sence croissante de groupes terroristes takfiristes, qui agissent en synergie avec les \u00c9tats-Unis et Isra\u00ebl, exacerbant ainsi les tensions d\u00e9j\u00e0 pr\u00e9sentes dans la r\u00e9gion.<\/p>\n<p>De plus, lors d\u2019un \u00e9change t\u00e9l\u00e9phonique avec son homologue russe, Sergue\u00ef Lavrov, il a exprim\u00e9 ses pr\u00e9occupations concernant le retour du terrorisme takfiriste dans le nord de la Syrie, qu\u2019il consid\u00e8re comme une man\u0153uvre orchestr\u00e9e par les \u00c9tats-Unis et Isra\u00ebl pour semer le chaos dans la r\u00e9gion.<\/p>\n<p>source : <a target=\"_blank\" href=\"https:\/\/french.presstv.ir\/Detail\/2024\/12\/01\/738294\/Diplomatie-iranienne---Araghchi-%C3%A0-Damas\" target=\"_blank\" rel=\"noopener\" title=\"\">PressTV<\/a><\/p>\n<div class=\"sharedaddy sd-block sd-like jetpack-likes-widget-wrapper jetpack-likes-widget-unloaded\" id=\"like-post-wrapper-237719536-433493-674dfd150b624\" data-src=\"https:\/\/widgets.wp.com\/likes\/?ver=14.0#blog_id=237719536&amp;post_id=433493&amp;origin=reseauinternational.net&amp;obj_id=237719536-433493-674dfd150b624&amp;n=1\" data-name=\"like-post-frame-237719536-433493-674dfd150b624\" data-title=\"Aimer ou rebloguer\">\n<h3 class=\"sd-title\">J\u2019aime \u00e7a\u00a0:<\/h3>\n<p><span class=\"button\"><span>J\u2019aime<\/span><\/span> <span class=\"loading\">chargement\u2026<\/span><\/p>\n<p><span class=\"sd-text-color\"\/><a target=\"_blank\" class=\"sd-link-color\"\/><\/div>\n<p><meta itemscope=\"\" itemprop=\"mainEntityOfPage\" itemtype=\"https:\/\/schema.org\/WebPage\" itemid=\"https:\/\/reseauinternational.net\/le-ministre-iranien-des-affaires-etrangeres-a-ete-recu-par-le-president-syrien\/\"\/><meta itemprop=\"headline\" content=\"Le ministre iranien des Affaires \u00e9trang\u00e8res a \u00e9t\u00e9 re\u00e7u par le pr\u00e9sident syrien\"\/><span style=\"display: none;\" itemprop=\"author\" itemscope=\"\" itemtype=\"https:\/\/schema.org\/Person\"><meta itemprop=\"name\" content=\"R\u00e9seau International\"\/><\/span><span style=\"display: none;\" itemprop=\"image\" itemscope=\"\" itemtype=\"https:\/\/schema.org\/ImageObject\"><meta itemprop=\"url\" content=\"https:\/\/i0.wp.com\/reseauinternational.net\/wp-content\/uploads\/2024\/12\/Sans-titre-19-1.png?fit=800%2C467&amp;ssl=1\"\/><meta itemprop=\"width\" content=\"800\"\/><meta itemprop=\"height\" content=\"467\"\/><\/span><span style=\"display: none;\" itemprop=\"publisher\" itemscope=\"\" itemtype=\"https:\/\/schema.org\/Organization\"><span style=\"display: none;\" itemprop=\"logo\" itemscope=\"\" itemtype=\"https:\/\/schema.org\/ImageObject\"><meta itemprop=\"url\" content=\"https:\/\/reseauinternational.net\/wp-content\/uploads\/2022\/06\/Capture-de\u0301cran-2022-06-14-a\u0300-16.51.07.png\"\/><\/span><meta itemprop=\"name\" content=\"R\u00e9seau International\"\/><\/span><meta itemprop=\"datePublished\" content=\"2024-12-02T10:16:53+00:00\"\/><meta itemprop=\"dateModified\" content=\"2024-12-02T10:17:20+00:00\"\/><\/div>\n<p><br \/>\n<br \/><a href=\"https:\/\/reseauinternational.net\/le-ministre-iranien-des-affaires-etrangeres-a-ete-recu-par-le-president-syrien\/\" target=\"_blank\"\">Source link <\/a><\/p>\n","protected":false},"excerpt":{"rendered":"<p>Campagne de dons D\u00e9cembre 2024 Chers amis lecteurs, R\u00e9seau International a de nouveau besoin de vous. Gr\u00e2ce \u00e0 vous, nous avons pu nous doter d\u2019un serveur plus s\u00e9curis\u00e9, avec des&hellip; <\/p>\n","protected":false},"author":1,"featured_media":1411,"comment_status":"open","ping_status":"open","sticky":false,"template":"","format":"standard","meta":{"footnotes":""},"categories":[1],"tags":[],"class_list":["post-1410","post","type-post","status-publish","format-standard","has-post-thumbnail","hentry","category-non-classe"],"_links":{"self":[{"href":"https:\/\/monde25.info\/index.php\/wp-json\/wp\/v2\/posts\/1410","targetHints":{"allow":["GET"]}}],"collection":[{"href":"https:\/\/monde25.info\/index.php\/wp-json\/wp\/v2\/posts"}],"about":[{"href":"https:\/\/monde25.info\/index.php\/wp-json\/wp\/v2\/types\/post"}],"author":[{"embeddable":true,"href":"https:\/\/monde25.info\/index.php\/wp-json\/wp\/v2\/users\/1"}],"replies":[{"embeddable":true,"href":"https:\/\/monde25.info\/index.php\/wp-json\/wp\/v2\/comments?post=1410"}],"version-history":[{"count":0,"href":"https:\/\/monde25.info\/index.php\/wp-json\/wp\/v2\/posts\/1410\/revisions"}],"wp:featuredmedia":[{"embeddable":true,"href":"https:\/\/monde25.info\/index.php\/wp-json\/wp\/v2\/media\/1411"}],"wp:attachment":[{"href":"https:\/\/monde25.info\/index.php\/wp-json\/wp\/v2\/media?parent=1410"}],"wp:term":[{"taxonomy":"category","embeddable":true,"href":"https:\/\/monde25.info\/index.php\/wp-json\/wp\/v2\/categories?post=1410"},{"taxonomy":"post_tag","embeddable":true,"href":"https:\/\/monde25.info\/index.php\/wp-json\/wp\/v2\/tags?post=1410"}],"curies":[{"name":"wp","href":"https:\/\/api.w.org\/{rel}","templated":true}]}}