{"id":1414,"date":"2024-12-03T09:06:29","date_gmt":"2024-12-03T08:06:29","guid":{"rendered":"https:\/\/monde25.info\/index.php\/2024\/12\/03\/letat-belge-condamne-pour-le-placement-force-denfants-metis-au-congo\/"},"modified":"2024-12-03T09:06:29","modified_gmt":"2024-12-03T08:06:29","slug":"letat-belge-condamne-pour-le-placement-force-denfants-metis-au-congo","status":"publish","type":"post","link":"https:\/\/monde25.info\/index.php\/2024\/12\/03\/letat-belge-condamne-pour-le-placement-force-denfants-metis-au-congo\/","title":{"rendered":"L\u2019\u00c9tat belge condamn\u00e9 pour le placement forc\u00e9 d\u2019enfants m\u00e9tis au Congo"},"content":{"rendered":"<p> <br \/>\n<br \/><img decoding=\"async\" src=\"https:\/\/cdn1.img.sputniknews.africa\/img\/07e5\/02\/15\/1045254433_0:160:3072:1888_600x0_80_0_0_9deb12f8d062546b3250cedf5670203a.jpg\" \/><\/p>\n<div itemscope=\"\" itemtype=\"https:\/\/schema.org\/Article\">\n<p>https:\/\/fr.sputniknews.africa\/20241203\/letat-belge-condamne-pour-le-placement-force-denfants-metis-au-congo-1069521112.html<\/p>\n<p><a target=\"_blank\" itemprop=\"url\" href=\"https:\/\/fr.sputniknews.africa\/20241203\/letat-belge-condamne-pour-le-placement-force-denfants-metis-au-congo-1069521112.html\" title=\"L\u2019\u00c9tat belge condamn\u00e9 pour le placement forc\u00e9 d\u2019enfants m\u00e9tis au Congo\"\/><\/p>\n<p>L\u2019\u00c9tat belge condamn\u00e9 pour le placement forc\u00e9 d\u2019enfants m\u00e9tis au Congo<\/p>\n<p>L\u2019\u00c9tat belge condamn\u00e9 pour le placement forc\u00e9 d\u2019enfants m\u00e9tis au Congo<\/p>\n<p>Sputnik Afrique<\/p>\n<p>Dans une d\u00e9cision rendue le 2 d\u00e9cembre, la cour d\u2019appel de Bruxelles a estim\u00e9 que l\u2019\u00c9tat belge s\u2019\u00e9tait rendu coupable de crimes contre l\u2019humanit\u00e9. Les 5&#8230; 03.12.2024, Sputnik Afrique<\/p>\n<p>2024-12-03T08:48+0100<\/p>\n<p>2024-12-03T08:48+0100<\/p>\n<p>2024-12-03T08:48+0100<\/p>\n<p>international<\/p>\n<p>afrique subsaharienne<\/p>\n<p>r\u00e9publique d\u00e9mocratique du congo (rdc)<\/p>\n<p>colonies<\/p>\n<p>colonialisme<\/p>\n<p>belgique<\/p>\n<p>enl\u00e8vement<\/p>\n<p>m\u00e9tissage<\/p>\n<p>https:\/\/cdn1.img.sputniknews.africa\/img\/07e5\/02\/15\/1045254433_0:160:3072:1888_1920x0_80_0_0_983c4b627430ded563cbfb4c8b8ce978.jpg<\/p>\n<p>Les plaignantes sont cinq femmes, aujourd&rsquo;hui septuag\u00e9naires. Elles sont n\u00e9es entre 1946 et 1950, dans une ancienne colonie belge, actuellement la RDC, d\u2019un p\u00e8re blanc et d\u2019une m\u00e8re noire.   Elles avaient 21 mois pour la plus jeune et 5 ans pour la plus \u00e2g\u00e9e lorsqu&rsquo;elles ont \u00e9t\u00e9 enlev\u00e9es de force et plac\u00e9es dans des institutions religieuses. Ensuite, elles ont \u00e9t\u00e9 abandonn\u00e9es \u00e0 leur sort au moment de l\u2019ind\u00e9pendance, en 1960. \ufe0fSimone Ngalula, Monique Bitu Bingi, L\u00e9a Tavares Mujinga, No\u00eblle Verbeken et Marie-Jos\u00e9 Loshi ont d\u00e9pos\u00e9 leur plainte en 2020.  Dans une d\u00e9cision rendue le 2 d\u00e9cembre, la cour d\u2019appel de Bruxelles a estim\u00e9 que l\u2019\u00c9tat belge s\u2019\u00e9tait rendu coupable de crimes contre l\u2019humanit\u00e9. Les plaignantes seront d\u00e9dommag\u00e9es \u00e0 hauteur de 50.000 euros chacune.\ufe0f La d\u00e9cision renverse donc le jugement pr\u00e9c\u00e9dent, lorsque les juges avaient estim\u00e9 que l\u2019\u00c9tat belge ne pouvait \u00eatre reconnu coupable de crimes contre l\u2019humanit\u00e9, cette notion n\u2019existant pas, selon la cour, au moment des faits.\ufe0fD\u2019apr\u00e8s l\u2019un des avocats des femmes, c&rsquo;est la premi\u00e8re fois qu&rsquo;un ancien \u00c9tat colonial est condamn\u00e9 pour des faits commis durant la colonisation et qualifi\u00e9s de crimes contre l&rsquo;humanit\u00e9, et d\u00e8s lors non prescrit. La plupart des enfants m\u00e9tis n\u00e9s dans les anciennes colonies belges (Congo, Rwanda et Burundi) n&rsquo;\u00e9taient pas reconnus par leurs p\u00e8res et ne devaient se m\u00ealer ni aux Blancs, ni aux Africains<\/p>\n<p>afrique subsaharienne<\/p>\n<p>r\u00e9publique d\u00e9mocratique du congo (rdc)<\/p>\n<p>belgique<\/p>\n<div itemprop=\"copyrightHolder\" itemscope=\"\" itemtype=\"http:\/\/schema.org\/Organization\">\n<p>Sputnik Afrique<\/p>\n<p><a target=\"_blank\" itemprop=\"url\" href=\"https:\/\/fr.sputniknews.africa\" title=\"Sputnik Afrique\"> <\/a><\/p>\n<p>feedback.fr@sputniknews.com<\/p>\n<p>+74956456601<\/p>\n<p>MIA \u201eRossiya Segodnya\u201c<\/p>\n<p><a target=\"_blank\" itemprop=\"sameAs\" href=\"https:\/\/t.me\/sputnik_afrique\"> <\/a><a target=\"_blank\" itemprop=\"sameAs\" href=\"https:\/\/t.me\/sputnik_africa\"> <\/a><a target=\"_blank\" itemprop=\"sameAs\" href=\"https:\/\/t.me\/sputnik_ethiopia\"> <\/a><a target=\"_blank\" itemprop=\"sameAs\" href=\"https:\/\/x.com\/sputnik_afrique\"> <\/a><a target=\"_blank\" itemprop=\"sameAs\" href=\"https:\/\/x.com\/sputnik_africa\"> <\/a><\/div>\n<p>2024<\/p>\n<div itemprop=\"creator\" itemscope=\"\" itemtype=\"http:\/\/schema.org\/Organization\">\n<p>Sputnik Afrique<\/p>\n<p><a target=\"_blank\" itemprop=\"url\" href=\"https:\/\/fr.sputniknews.africa\" title=\"Sputnik Afrique\"> <\/a><\/p>\n<p>feedback.fr@sputniknews.com<\/p>\n<p>+74956456601<\/p>\n<p>MIA \u201eRossiya Segodnya\u201c<\/p>\n<p><a target=\"_blank\" itemprop=\"sameAs\" href=\"https:\/\/t.me\/sputnik_afrique\"> <\/a><a target=\"_blank\" itemprop=\"sameAs\" href=\"https:\/\/t.me\/sputnik_africa\"> <\/a><a target=\"_blank\" itemprop=\"sameAs\" href=\"https:\/\/t.me\/sputnik_ethiopia\"> <\/a><a target=\"_blank\" itemprop=\"sameAs\" href=\"https:\/\/x.com\/sputnik_afrique\"> <\/a><a target=\"_blank\" itemprop=\"sameAs\" href=\"https:\/\/x.com\/sputnik_africa\"> <\/a><\/div>\n<p>Actus<\/p>\n<p>fr_FR<\/p>\n<div itemprop=\"sourceOrganization\" itemscope=\"\" itemtype=\"http:\/\/schema.org\/Organization\">\n<p>Sputnik Afrique<\/p>\n<p><a target=\"_blank\" itemprop=\"url\" href=\"https:\/\/fr.sputniknews.africa\" title=\"Sputnik Afrique\"> <\/a><\/p>\n<p>feedback.fr@sputniknews.com<\/p>\n<p>+74956456601<\/p>\n<p>MIA \u201eRossiya Segodnya\u201c<\/p>\n<p><a target=\"_blank\" itemprop=\"sameAs\" href=\"https:\/\/t.me\/sputnik_afrique\"> <\/a><a target=\"_blank\" itemprop=\"sameAs\" href=\"https:\/\/t.me\/sputnik_africa\"> <\/a><a target=\"_blank\" itemprop=\"sameAs\" href=\"https:\/\/t.me\/sputnik_ethiopia\"> <\/a><a target=\"_blank\" itemprop=\"sameAs\" href=\"https:\/\/x.com\/sputnik_afrique\"> <\/a><a target=\"_blank\" itemprop=\"sameAs\" href=\"https:\/\/x.com\/sputnik_africa\"> <\/a><\/div>\n<p><a target=\"_blank\" itemprop=\"thumbnailUrl\" href=\"https:\/\/cdn1.img.sputniknews.africa\/img\/07e5\/02\/15\/1045254433_0:160:3072:1888_1920x0_80_0_0_983c4b627430ded563cbfb4c8b8ce978.jpg\"\/><a target=\"_blank\" itemprop=\"thumbnailUrl\" href=\"https:\/\/cdn1.img.sputniknews.africa\/img\/07e5\/02\/15\/1045254433_171:0:2902:2048_1920x0_80_0_0_8be6ab14f04230cb0f44e92767c78833.jpg\">https:\/\/cdn1.img.sputniknews.africa\/img\/07e5\/02\/15\/1045254433_171:0:2902:2048_1920x0_80_0_0_8be6ab14f04230cb0f44e92767c78833.jpg<\/a><a target=\"_blank\" itemprop=\"thumbnailUrl\" href=\"https:\/\/cdn1.img.sputniknews.africa\/img\/07e5\/02\/15\/1045254433_512:0:2560:2048_1920x0_80_0_0_a162652803e9db3301af971137f85b34.jpg\" title=\"Le b\u00e2timent Europa \u00e0 Bruxelles (archive photo)\"\/><\/p>\n<div itemprop=\"publisher\" itemscope=\"\" itemtype=\"http:\/\/schema.org\/Organization\">\n<p>Sputnik Afrique<\/p>\n<p><a target=\"_blank\" itemprop=\"url\" href=\"https:\/\/fr.sputniknews.africa\" title=\"Sputnik Afrique\"> <\/a><\/p>\n<p>feedback.fr@sputniknews.com<\/p>\n<p>+74956456601<\/p>\n<p>MIA \u201eRossiya Segodnya\u201c<\/p>\n<p><a target=\"_blank\" itemprop=\"sameAs\" href=\"https:\/\/t.me\/sputnik_afrique\"> <\/a><a target=\"_blank\" itemprop=\"sameAs\" href=\"https:\/\/t.me\/sputnik_africa\"> <\/a><a target=\"_blank\" itemprop=\"sameAs\" href=\"https:\/\/t.me\/sputnik_ethiopia\"> <\/a><a target=\"_blank\" itemprop=\"sameAs\" href=\"https:\/\/x.com\/sputnik_afrique\"> <\/a><a target=\"_blank\" itemprop=\"sameAs\" href=\"https:\/\/x.com\/sputnik_africa\"> <\/a><\/div>\n<p>international, afrique subsaharienne, r\u00e9publique d\u00e9mocratique du congo (rdc), colonies, colonialisme, belgique, enl\u00e8vement, m\u00e9tissage<\/p>\n<div itemprop=\"about\" itemscope=\"\" itemtype=\"https:\/\/schema.org\/Thing\">\n<p>international, afrique subsaharienne, r\u00e9publique d\u00e9mocratique du congo (rdc), colonies, colonialisme, belgique, enl\u00e8vement, m\u00e9tissage<\/p>\n<\/div>\n<\/div>\n<div>\n<p>Dans une d\u00e9cision rendue le 2 d\u00e9cembre, la cour d\u2019appel de Bruxelles a estim\u00e9 que l\u2019\u00c9tat belge s\u2019\u00e9tait rendu coupable de crimes contre l\u2019humanit\u00e9. Les 5 plaignantes seront d\u00e9dommag\u00e9es \u00e0 hauteur de 50.000 euros chacune.  <\/p>\n<\/div>\n<div>\n<div class=\"article__block\" data-type=\"text\">\n<p>Les plaignantes sont cinq femmes, aujourd&rsquo;hui septuag\u00e9naires. Elles sont n\u00e9es entre 1946 et 1950, dans une ancienne colonie belge, actuellement la RDC, d\u2019un p\u00e8re blanc et d\u2019une m\u00e8re noire.   Elles avaient 21 mois pour la plus jeune et 5 ans pour la plus \u00e2g\u00e9e lorsqu&rsquo;elles ont \u00e9t\u00e9 enlev\u00e9es de force et plac\u00e9es dans des institutions religieuses. Ensuite, elles ont \u00e9t\u00e9 abandonn\u00e9es \u00e0 leur sort au moment de l\u2019ind\u00e9pendance, en 1960. <\/p>\n<\/div>\n<div class=\"article__block\" data-type=\"text\">\n<p>\ufe0fSimone Ngalula, Monique Bitu Bingi, L\u00e9a Tavares Mujinga, No\u00eblle Verbeken et Marie-Jos\u00e9 Loshi ont d\u00e9pos\u00e9 leur plainte en 2020.  <\/p>\n<\/div>\n<div class=\"article__block\" data-type=\"text\">\n<p>Dans une d\u00e9cision rendue le 2 d\u00e9cembre, la cour d\u2019appel de Bruxelles a estim\u00e9 que l\u2019\u00c9tat belge s\u2019\u00e9tait rendu coupable de crimes contre l\u2019humanit\u00e9. Les plaignantes seront d\u00e9dommag\u00e9es \u00e0 hauteur de 50.000 euros chacune.\ufe0f La d\u00e9cision renverse donc le jugement pr\u00e9c\u00e9dent, lorsque les juges avaient estim\u00e9 que l\u2019\u00c9tat belge ne pouvait \u00eatre reconnu coupable de crimes contre l\u2019humanit\u00e9, cette notion n\u2019existant pas, selon la cour, au moment des faits.<\/p>\n<\/div>\n<div class=\"article__block\" data-type=\"text\">\n<p>\ufe0fD\u2019apr\u00e8s l\u2019un des avocats des femmes, c&rsquo;est la premi\u00e8re fois qu&rsquo;un ancien \u00c9tat colonial est condamn\u00e9 pour des faits commis durant la colonisation et qualifi\u00e9s de crimes contre l&rsquo;humanit\u00e9, et d\u00e8s lors non prescrit.<\/p>\n<\/div>\n<div class=\"article__block\" data-type=\"text\">\n<p> La plupart des enfants m\u00e9tis n\u00e9s dans les anciennes colonies belges (Congo, Rwanda et Burundi) n&rsquo;\u00e9taient pas reconnus par leurs p\u00e8res et ne devaient se m\u00ealer ni aux Blancs, ni aux Africains<\/p>\n<\/div>\n<\/div>\n<p><script async=\"async\" type=\"text\/plain\" class=\"_iub_cs_activate\" data-iub-purposes=\"3\" data-suppressedsrc=\"https:\/\/connect.facebook.net\/en_US\/sdk.js#xfbml=1&amp;version=v3.2\"><\/script><br \/>\n<br \/><br \/>\n<br \/><a href=\"https:\/\/fr.sputniknews.africa\/20241203\/letat-belge-condamne-pour-le-placement-force-denfants-metis-au-congo-1069521112.html\" target=\"_blank\"\">Source link <\/a><\/p>\n","protected":false},"excerpt":{"rendered":"<p>https:\/\/fr.sputniknews.africa\/20241203\/letat-belge-condamne-pour-le-placement-force-denfants-metis-au-congo-1069521112.html L\u2019\u00c9tat belge condamn\u00e9 pour le placement forc\u00e9 d\u2019enfants m\u00e9tis au Congo L\u2019\u00c9tat belge condamn\u00e9 pour le placement forc\u00e9 d\u2019enfants m\u00e9tis au Congo Sputnik Afrique Dans une d\u00e9cision rendue le&hellip; <\/p>\n","protected":false},"author":1,"featured_media":1415,"comment_status":"open","ping_status":"open","sticky":false,"template":"","format":"standard","meta":{"footnotes":""},"categories":[1],"tags":[],"class_list":["post-1414","post","type-post","status-publish","format-standard","has-post-thumbnail","hentry","category-non-classe"],"_links":{"self":[{"href":"https:\/\/monde25.info\/index.php\/wp-json\/wp\/v2\/posts\/1414","targetHints":{"allow":["GET"]}}],"collection":[{"href":"https:\/\/monde25.info\/index.php\/wp-json\/wp\/v2\/posts"}],"about":[{"href":"https:\/\/monde25.info\/index.php\/wp-json\/wp\/v2\/types\/post"}],"author":[{"embeddable":true,"href":"https:\/\/monde25.info\/index.php\/wp-json\/wp\/v2\/users\/1"}],"replies":[{"embeddable":true,"href":"https:\/\/monde25.info\/index.php\/wp-json\/wp\/v2\/comments?post=1414"}],"version-history":[{"count":0,"href":"https:\/\/monde25.info\/index.php\/wp-json\/wp\/v2\/posts\/1414\/revisions"}],"wp:featuredmedia":[{"embeddable":true,"href":"https:\/\/monde25.info\/index.php\/wp-json\/wp\/v2\/media\/1415"}],"wp:attachment":[{"href":"https:\/\/monde25.info\/index.php\/wp-json\/wp\/v2\/media?parent=1414"}],"wp:term":[{"taxonomy":"category","embeddable":true,"href":"https:\/\/monde25.info\/index.php\/wp-json\/wp\/v2\/categories?post=1414"},{"taxonomy":"post_tag","embeddable":true,"href":"https:\/\/monde25.info\/index.php\/wp-json\/wp\/v2\/tags?post=1414"}],"curies":[{"name":"wp","href":"https:\/\/api.w.org\/{rel}","templated":true}]}}