{"id":1420,"date":"2024-12-03T10:46:06","date_gmt":"2024-12-03T09:46:06","guid":{"rendered":"https:\/\/monde25.info\/index.php\/2024\/12\/03\/climatisme-la-tres-grande-majorite-de-la-population-ne-croit-pas-au-bullshit-climatique\/"},"modified":"2024-12-03T10:46:06","modified_gmt":"2024-12-03T09:46:06","slug":"climatisme-la-tres-grande-majorite-de-la-population-ne-croit-pas-au-bullshit-climatique","status":"publish","type":"post","link":"https:\/\/monde25.info\/index.php\/2024\/12\/03\/climatisme-la-tres-grande-majorite-de-la-population-ne-croit-pas-au-bullshit-climatique\/","title":{"rendered":"Climatisme : la tr\u00e8s grande majorit\u00e9 de la population ne croit pas au bullshit climatique"},"content":{"rendered":"<p> <br \/>\n<\/p>\n<div id=\"comp-m2vya88o2\" data-testid=\"richTextElement\">\n<p class=\"font_3 wixui-rich-text__text\"><strong><span class=\"color_41 wixui-rich-text__text\">Toujours plus de climatosceptiques ? Une tendance haussi\u00e8re \u00e0 interroger<\/span><\/strong><\/p>\n<\/div>\n<div id=\"comp-m2vya88q2\" data-testid=\"richTextElement\">\n<p class=\"font_8 wixui-rich-text__text\">Depuis 2000, l\u2019ADEME re\u0301alise un barome\u0300tre annuel sur le rapport des Franc\u0327ais au climat,\u00a0 qui fait re\u0301fe\u0301rence en la matie\u0300re. Alors que la part de climatosceptiques e\u0301tait contenue entre 18% et 22% entre 2020 et 2022, ce chiffre a bondi a\u0300 35% en 2023. Cette croissance, si elle peut illustrer une tendance de fond, est aussi li\u00e9e \u00e0 une \u00e9volution m\u00e9thodologique au fil des ans pour mieux rendre compte de la pens\u00e9e des Fran\u00e7ais, avec l\u2019ajout de modalit\u00e9s de r\u00e9ponse permettant de pr\u00e9ciser le doute sur l\u2019existence ou les origines du changement climatique.\u00a0<span class=\"wixui-rich-text__text\">Cette absence de standard occasionne aujourd\u2019hui des variations de r\u00e9sultats notables entre les principaux sondages d\u2019opinion.<\/span><\/p>\n<p class=\"font_8 wixui-rich-text__text\"><strong><span class=\"wixui-rich-text__text\">\u200b<\/span><span class=\"color_41 wixui-rich-text__text\">Le climatoscepticisme te\u0301moigne surtout d\u2019un rejet du sujet environnemental<\/span><\/strong><\/p>\n<p class=\"font_8 wixui-rich-text__text\"><span class=\"wixui-rich-text__text\">Le climatosceptiscisme impr\u00e8gne l\u2019ensemble de la soci\u00e9t\u00e9 fran\u00e7aise : aucune cate\u0301gorie de la population n\u2019est e\u0301pargne\u0301e<\/span>, que ce soit en termes de classe d\u2019a\u0302ge, de sexe, de lieu d\u2019habitation ou de milieu social. Cependant :<\/p>\n<ul class=\"font_8 wixui-rich-text__text\">\n<li class=\"wixui-rich-text__text\">\n<p class=\"font_8 wixui-rich-text__text\"><span class=\"wixui-rich-text__text\">l\u2019\u00e2ge a un effet notable\u00a0<\/span>: chez les plus de 65 ans, un individu sur trois est sceptique, soit environ sept points de plus que les autres classes d\u2019\u00e2ge.<\/p>\n<\/li>\n<li class=\"wixui-rich-text__text\">\n<p class=\"font_8 wixui-rich-text__text\"><span class=\"wixui-rich-text__text\">les climatosceptiques se retrouvent un peu plus au sein des classes populaires<\/span>, faiblement diplo\u0302me\u0301es et disposant d\u2019un faible revenu.<\/p>\n<\/li>\n<li class=\"wixui-rich-text__text\">\n<p class=\"font_8 wixui-rich-text__text\"><span class=\"wixui-rich-text__text\">l\u2019appartenance politique constitue un de\u0301terminant particulie\u0300rement fort<\/span>\u00a0: 30% des individus se de\u0301clarant de droite sont climatosceptiques ; 42% chez ceux se de\u0301clarant tre\u0300s a\u0300 droite, contre 13,5% chez les individus se positionnant a\u0300 gauche.<\/p>\n<\/li>\n<\/ul>\n<p class=\"font_8 wixui-rich-text__text\"><span class=\"wixui-rich-text__text\">Mais le pre\u0301dicteur le plus fort du climatoscepticisme est le rejet\u00a0<\/span>du sujet environnemental, et surtout\u00a0<span class=\"wixui-rich-text__text\">le rejet des mouvements \u00e9cologistes. \u00a0 \u00a0\u00a0<\/span><\/p>\n<p class=\"font_8 wixui-rich-text__text\"><span class=\"wixui-rich-text__text\">\u200b<\/span><strong><span class=\"wixui-rich-text__text\">\u200b<\/span><span class=\"color_41 wixui-rich-text__text\">Derrie\u0300re le climatoscepticisme, des rapports aux enjeux climatiques vari\u00e9s : 30% sont des potentiels alli\u00e9s de la lutte climatique<\/span><\/strong><\/p>\n<p class=\"font_8 wixui-rich-text__text\"><span class=\"wixui-rich-text__text\">Le climatoscepticisme englobe en re\u0301alite\u0301 des niveaux de doutes tre\u0300s he\u0301te\u0301roge\u0300nes<\/span>, de l\u2019ignorance au de\u0301ni, en passant par l\u2019ambivalence. Ainsi, il n\u2019existe pas un<br class=\"wixui-rich-text__text\"\/>\u00ab climatosceptiscime \u00bb, mais des climatosceptiques.<\/p>\n<p class=\"font_8 wixui-rich-text__text\">Au sein de ce segment qui n\u2019est donc pas homog\u00e8ne,\u00a0<span class=\"wixui-rich-text__text\">deux blocs oppos\u00e9s se d\u00e9gagent : les climatosceptiques \u201cmous\u201d\u00a0<\/span>(30% des climatosceptiques)\u00a0<span class=\"wixui-rich-text__text\">et les climatosceptiques \u201cdurs\u201d<\/span>\u00a0(24%) Chez les premiers, le doute porte essentiellement sur la part de responsabilit\u00e9 de l\u2019activit\u00e9 humaine dans le changement climatique. Sa r\u00e9alit\u00e9, ses impacts, la n\u00e9cessit\u00e9 de trouver des solutions sont accept\u00e9s \u00e0 la m\u00eame hauteur que dans le reste de la population. Tandis que chez les seconds, ce sont tous les aspects de la cause climatique qui sont tenus a\u0300 distance, avec des justifications politiques voire complotistes.<\/p>\n<\/div>\n<div id=\"comp-m2vya88v1\" data-testid=\"richTextElement\">\n<p class=\"font_8 wixui-rich-text__text\"><span class=\"wixui-rich-text__text\">Contre intuitivement, tous les climatosceptiques ne sont donc pas des ennemis de la lutte contre le changement climatique<\/span>\u00a0et 30% sont me\u0302me de potentiels allie\u0301s. Si le climatoscepticisme a, en moyenne, un effet n\u00e9gatif sur le soutien aux politiques de transition, cet effet n\u2019est pas syst\u00e9matique et tous les climatosceptiques ne sont pas oppos\u00e9s \u00e0 la transition \u00e9cologique.<\/p>\n<p class=\"font_3 wixui-rich-text__text\"><strong><span class=\"color_41 wixui-rich-text__text\">\u00catre climatosceptique : une posture r\u00e9sultant d\u2019un manque d\u2019agentivit\u00e9, de d\u00e9fense d\u2019une identit\u00e9 ou d\u2019un mode de vie plus qu\u2019une d\u00e9fiance vis-\u00e0-vis de la science<\/span><\/strong><span class=\"wixui-rich-text__text\">\u200b<br class=\"wixui-rich-text__text\"\/>\u200b<\/span>Si le climatoscepticisme s\u2019accompagne le plus souvent d\u2019une mise en cause du consensus climatique, il n\u2019est pas syst\u00e9matiquement la r\u00e9sultante d\u2019un manque d\u2019informations scientifiques. Ainsi,\u00a0<span class=\"wixui-rich-text__text\">comme les sciences cognitives nous l\u2019apprennent, la perception du changement climatique tient davantage a\u0300 la vision du monde, et a\u0300 l\u2019ide\u0301ologie politique des individus et \u00e0 la possibilit\u00e9 d\u2019agir sur ce dernier qu\u2019a\u0300 un raisonnement rationnel et a\u0300 l\u2019exposition aux faits scientifiques.<\/span><\/p>\n<p class=\"font_8 wixui-rich-text__text\"><span class=\"wixui-rich-text__text\">Le climatoscepticisme est souvent une r\u00e9action d\u00e9fensive<\/span> a\u0300 une transition e\u0301cologique face \u00e0 laquelle des personnes peuvent se sentir impuissantes et qui interroge les mode de vie, les valeurs, les croyances, les identit\u00e9s et croyances politiques.<\/p>\n<\/div>\n<p><br \/>\n<br \/><a href=\"https:\/\/www.lelibrepenseur.org\/climatisme-la-tres-grande-majorite-de-la-population-ne-croit-pas-au-bullshit-climatique\/\" target=\"_blank\"\">Source link <\/a><\/p>\n","protected":false},"excerpt":{"rendered":"<p>Toujours plus de climatosceptiques ? Une tendance haussi\u00e8re \u00e0 interroger Depuis 2000, l\u2019ADEME re\u0301alise un barome\u0300tre annuel sur le rapport des Franc\u0327ais au climat,\u00a0 qui fait re\u0301fe\u0301rence en la matie\u0300re.&hellip; <\/p>\n","protected":false},"author":1,"featured_media":0,"comment_status":"open","ping_status":"open","sticky":false,"template":"","format":"standard","meta":{"footnotes":""},"categories":[1],"tags":[],"class_list":["post-1420","post","type-post","status-publish","format-standard","hentry","category-non-classe"],"_links":{"self":[{"href":"https:\/\/monde25.info\/index.php\/wp-json\/wp\/v2\/posts\/1420","targetHints":{"allow":["GET"]}}],"collection":[{"href":"https:\/\/monde25.info\/index.php\/wp-json\/wp\/v2\/posts"}],"about":[{"href":"https:\/\/monde25.info\/index.php\/wp-json\/wp\/v2\/types\/post"}],"author":[{"embeddable":true,"href":"https:\/\/monde25.info\/index.php\/wp-json\/wp\/v2\/users\/1"}],"replies":[{"embeddable":true,"href":"https:\/\/monde25.info\/index.php\/wp-json\/wp\/v2\/comments?post=1420"}],"version-history":[{"count":0,"href":"https:\/\/monde25.info\/index.php\/wp-json\/wp\/v2\/posts\/1420\/revisions"}],"wp:attachment":[{"href":"https:\/\/monde25.info\/index.php\/wp-json\/wp\/v2\/media?parent=1420"}],"wp:term":[{"taxonomy":"category","embeddable":true,"href":"https:\/\/monde25.info\/index.php\/wp-json\/wp\/v2\/categories?post=1420"},{"taxonomy":"post_tag","embeddable":true,"href":"https:\/\/monde25.info\/index.php\/wp-json\/wp\/v2\/tags?post=1420"}],"curies":[{"name":"wp","href":"https:\/\/api.w.org\/{rel}","templated":true}]}}