{"id":1425,"date":"2024-12-03T13:01:20","date_gmt":"2024-12-03T12:01:20","guid":{"rendered":"https:\/\/monde25.info\/index.php\/2024\/12\/03\/en-arctique-le-premier-jour-sans-glace-pourrait-avoir-lieu-des-2027\/"},"modified":"2024-12-03T13:01:20","modified_gmt":"2024-12-03T12:01:20","slug":"en-arctique-le-premier-jour-sans-glace-pourrait-avoir-lieu-des-2027","status":"publish","type":"post","link":"https:\/\/monde25.info\/index.php\/2024\/12\/03\/en-arctique-le-premier-jour-sans-glace-pourrait-avoir-lieu-des-2027\/","title":{"rendered":"En Arctique, le premier jour sans glace pourrait avoir lieu d\u00e8s 2027"},"content":{"rendered":"<p> <br \/>\n<\/p>\n<div style=\"position:relative;\">\n        <picture><source type=\"image\/webp\" srcset=\"https:\/\/reporterre.net\/local\/cache-gd2\/e7\/526e602bd5e4f9f49b7dc6a83f32b2.jpg@.webp?1733150613\"><img loading=\"lazy\" decoding=\"async\" src=\"https:\/\/reporterre.net\/local\/cache-gd2\/e7\/526e602bd5e4f9f49b7dc6a83f32b2.jpg?1733150613\" width=\"720\" height=\"480\" alt=\"En Arctique, le premier jour sans glace pourrait avoir lieu d\u00e8s 2027\" class=\"image_logo voir_logo\"\/><\/p>\n<p><\/source><\/picture>\n<p class=\"legende_logo\">Le manque de glace affecte fortement les capacit\u00e9s de chasse et de survie des ours polaires. <span class=\"copyright_logo\">&#8211; Mario Hoppmann \/ Nasa<\/span><\/p>\n<p class=\"legende_logo_480\">Le manque de glace affecte fortement les capacit\u00e9s de chasse et de survie des ours polaires. <span class=\"copyright_logo\">&#8211; Mario Hoppmann \/ Nasa<\/span><\/p>\n<\/p><\/div>\n<div>\n        <span class=\"date\">3 d\u00e9cembre 2024  \u00e0 12h18<\/span><\/p>\n<p class=\"duree_lecture\">\n        Dur\u00e9e de lecture : 2 minutes\n      <\/p>\n<\/p><\/div>\n<div>\n<p>La banquise qui couvre l\u2019oc\u00e9an Arctique se r\u00e9duit d\u2019ann\u00e9e en ann\u00e9e, sous l\u2019effet du <a target=\"_blank\" href=\"Qu-est-ce-que-le-rechauffement-climatique\">changement climatique<\/a>. Et elle pourrait pour la premi\u00e8re fois dispara\u00eetre totalement, au moins le temps d\u2019une journ\u00e9e, d\u00e8s 2027. C\u2019est la conclusion d\u2019<a target=\"_blank\" href=\"https:\/\/dx.doi.org\/10.1038\/s41467-024-54508-3\" class=\"spip_out\" rel=\"external\">une \u00e9tude publi\u00e9e mardi 3\u00a0d\u00e9cembre<\/a> dans la revue <i>Nature Communications<\/i>, par des chercheurs de l\u2019universit\u00e9 de G\u00f6teborg (Su\u00e8de) et de l\u2019universit\u00e9 du Colorado (\u00c9tats-Unis).<\/p>\n<p>Plus pr\u00e9cis\u00e9ment, les scientifiques d\u00e9finissent l\u2019oc\u00e9an Arctique comme \u00e9tant <i>\u00ab<small class=\"fine d-inline\">\u00a0<\/small>libre de glace<small class=\"fine d-inline\">\u00a0<\/small>\u00bb<\/i> lorsque celle-ci ne s\u2019\u00e9tend plus que sur moins d\u2019un million de km\u00b2 au total. Chaque ann\u00e9e, la banquise grandit durant l\u2019hiver puis fond durant l\u2019\u00e9t\u00e9, atteignant sa superficie minimale en septembre. Et cette superficie minimale se r\u00e9tr\u00e9cit comme peau de chagrin\u00a0: de 12<small class=\"fine d-inline\">\u00a0<\/small>% par d\u00e9cennie en moyenne, <a target=\"_blank\" href=\"https:\/\/climate.nasa.gov\/vital-signs\/arctic-sea-ice\/?intent=121\" class=\"spip_out\" rel=\"external\">d\u2019apr\u00e8s les observations satellite de la Nasa<\/a>. Ces derni\u00e8res ann\u00e9es, le minimum tournait autour de 4\u00a0millions de km\u00b2.<\/p>\n<p>En 2023, <a target=\"_blank\" href=\"https:\/\/reporterre.net\/L-ocean-Arctique-pourrait-etre-depourvu-de-glace-l-ete-des-2035\">les m\u00eames chercheurs estimaient d\u00e9j\u00e0<\/a> que l\u2019Arctique pourrait conna\u00eetre son premier mois entier sans glace d\u00e8s 2035. Dans leurs nouvelles simulations num\u00e9riques, les auteurs estiment que le premier jour sans glace aurait la plus haute probabilit\u00e9 d\u2019intervenir d\u2019ici 7 \u00e0 20\u00a0ans.<\/p>\n<p>Mais dans les sc\u00e9narios les plus extr\u00eames \u2014\u00a09 simulations sur 366\u00a0\u2014 l\u2019\u00e9v\u00e8nement pourrait se produire d\u00e8s 2027. Le plus inqui\u00e9tant \u00e9tant que cette pr\u00e9cocit\u00e9 de l\u2019\u00e9v\u00e8nement pourrait \u00eatre d\u00e9clench\u00e9e quel que soit le sc\u00e9nario de nos \u00e9missions futures de carbone.<\/p>\n<p>Autrement dit, la probabilit\u00e9 que cela arrive aussi vite est faible mais cela d\u00e9pend avant tout de la variabilit\u00e9 interne du climat, de variations impr\u00e9visibles. Plusieurs ann\u00e9es extr\u00eamement chaudes cons\u00e9cutives dans la r\u00e9gion, ainsi que la survenue de temp\u00eates, pourrait dans certaines conditions suffire \u00e0 venir \u00e0 bout de la glace.<\/p>\n<p>Le premier jour sans glace sera surtout symbolique, notent les chercheurs. Il ne signalera pas le <a target=\"_blank\" href=\"https:\/\/reporterre.net\/Climat-Nous-sommes-proches-de-plusieurs-points-de-bascule\">d\u00e9clenchement d\u2019un point de bascule climatique<\/a> \u00e0 lui tout seul, mais souligne que l\u2019on se rapproche de ce risque. Le seul moyen d\u2019affaiblir ces probabilit\u00e9s est de r\u00e9duire drastiquement nos \u00e9missions de gaz \u00e0 effet de serre, rappellent les auteurs.<\/p>\n<aside class=\"boite_encarts\">\n<div class=\"encart encart_gris noprint\">\n<p><strong>Il est de retour.<\/strong><\/p>\n<p>Dans quelques semaines, Donald Trump se r\u00e9-installera \u00e0 la Maison Blanche.<\/p>\n<p>Un milliardaire, pour qui le r\u00e9chauffement climatique est \u00ab<small class=\"fine d-inline\">\u00a0<\/small>un canular<small class=\"fine d-inline\">\u00a0<\/small>\u00bb, sera \u00e0 la t\u00eate de la plus grande puissance mondiale.<\/p>\n<p>Dans une d\u00e9cennie cruciale pour l\u2019\u00e9cologie, nous ne pouvons pas nous permettre de perdre plus de temps.<\/p>\n<p>La soci\u00e9t\u00e9 civile doit continuer de se soulever, de se mobiliser et de faire pression sur les puissants.<\/p>\n<p>Mais pour agir, il faut savoir.<\/p>\n<p><strong>Depuis 11 ans, nous publions des articles de qualit\u00e9 sur l\u2019\u00e9cologie, en acc\u00e8s libre et sans publicit\u00e9, pour tous.<\/strong><\/p>\n<p>Nous avons la conviction que l\u2019urgence \u00e9cologique est l\u2019enjeu majeur de notre \u00e9poque.<br class=\"autobr\"\/><br \/>\n Et comme plus de 2 millions de lectrices et lecteurs chaque mois, vous partagez sans doute cette conviction&#8230;<\/p>\n<p>Alors si vous en avez les moyens, sachez qu\u2019un don, m\u00eame d\u20191\u20ac, est un acte de soutien fort pour l\u2019\u00e9cologie et le journalisme ind\u00e9pendant.<br class=\"autobr\"\/><br \/>\n (Et \u00e7a vous prendra moins de temps que la lecture de ce texte).<\/p>\n<p><strong>Si vous le pouvez, choisissez un soutien mensuel. Merci.<\/strong><\/p>\n<p><a target=\"_blank\" href=\"https:\/\/reporterre.net\/dons\" class=\"bt_soutenir\">Je soutiens <i>Reporterre<\/i><\/a><\/p>\n<\/p><\/div>\n<div class=\"encart encart_vert noprint montre_1023\">\n<div class=\"infolettre-form-container noprint\">\n<p>Abonnez-vous \u00e0 la lettre d\u2019info de Reporterre<\/p>\n<\/div><\/div>\n<\/aside>\n<aside class=\"boite_apresarticle encart_note\">\n<h4>Apr\u00e8s cet article<\/h4>\n<p>      <a target=\"_blank\" href=\"https:\/\/reporterre.net\/Les-folles-idees-des-scientifiques-pour-sauver-les-glaciers\" class=\"lien_article\">\n      <picture class=\"vignette_gauche\"><source type=\"image\/webp\" srcset=\"https:\/\/reporterre.net\/local\/cache-gd2\/68\/60c9ee67771655bba3def4c1ea01e4.jpg@.webp?1730143122\"><img decoding=\"async\" src=\"https:\/\/reporterre.net\/local\/cache-gd2\/68\/60c9ee67771655bba3def4c1ea01e4.jpg?1730143122\" width=\"450\" height=\"300\" alt=\"\" class=\"marge12\" loading=\"lazy\"\/><br \/>\n<\/source><\/picture>\n<p class=\"libelle\">\n<p>      Sciences\n    <\/p>\n<p class=\"titre pol20\">Forage des glaciers, rideaux sous l\u2019oc\u00e9an\u00a0: la g\u00e9oing\u00e9nierie polaire passe \u00e0 l\u2019offensive<\/p>\n<p>      <\/a><br \/>\n    <\/aside>\n<aside class=\"boite_complement texte\">\n<p>      <!-- zone_forum --><br \/>\n          <\/aside>\n<aside class=\"boite_lireaussi noprint\">\n<\/aside>\n<aside class=\"colonne\">\n<div class=\"article_info cache_1023 noprint\">\n        <span class=\"date\">3 d\u00e9cembre 2024  \u00e0 12h18<\/span><\/p>\n<p class=\"duree_lecture\">\n        Dur\u00e9e de lecture : 2 minutes\n      <\/p>\n<\/p><\/div>\n<div class=\"bloc_infolettre\">\n<div class=\"infolettre-form-container noprint\">\n<p>Abonnez-vous \u00e0 la lettre d\u2019info de Reporterre<\/p>\n<\/div><\/div>\n<\/aside>\n<div id=\"galerie\">\n  <img decoding=\"async\" src=\"\" class=\"principale\" id=\"principale\"\/><\/p>\n<p id=\"legende\">legende<\/p>\n<\/div>\n<footer class=\"noprint\">\n<\/footer>\n<\/div>\n<p><br \/>\n<br \/><a href=\"https:\/\/reporterre.net\/En-Arctique-le-premier-jour-sans-glace-pourrait-avoir-lieu-des-2027\" target=\"_blank\"\">Source link <\/a><\/p>\n","protected":false},"excerpt":{"rendered":"<p>Le manque de glace affecte fortement les capacit\u00e9s de chasse et de survie des ours polaires. &#8211; Mario Hoppmann \/ Nasa Le manque de glace affecte fortement les capacit\u00e9s de&hellip; <\/p>\n","protected":false},"author":1,"featured_media":1426,"comment_status":"open","ping_status":"open","sticky":false,"template":"","format":"standard","meta":{"footnotes":""},"categories":[1],"tags":[],"class_list":["post-1425","post","type-post","status-publish","format-standard","has-post-thumbnail","hentry","category-non-classe"],"_links":{"self":[{"href":"https:\/\/monde25.info\/index.php\/wp-json\/wp\/v2\/posts\/1425","targetHints":{"allow":["GET"]}}],"collection":[{"href":"https:\/\/monde25.info\/index.php\/wp-json\/wp\/v2\/posts"}],"about":[{"href":"https:\/\/monde25.info\/index.php\/wp-json\/wp\/v2\/types\/post"}],"author":[{"embeddable":true,"href":"https:\/\/monde25.info\/index.php\/wp-json\/wp\/v2\/users\/1"}],"replies":[{"embeddable":true,"href":"https:\/\/monde25.info\/index.php\/wp-json\/wp\/v2\/comments?post=1425"}],"version-history":[{"count":0,"href":"https:\/\/monde25.info\/index.php\/wp-json\/wp\/v2\/posts\/1425\/revisions"}],"wp:featuredmedia":[{"embeddable":true,"href":"https:\/\/monde25.info\/index.php\/wp-json\/wp\/v2\/media\/1426"}],"wp:attachment":[{"href":"https:\/\/monde25.info\/index.php\/wp-json\/wp\/v2\/media?parent=1425"}],"wp:term":[{"taxonomy":"category","embeddable":true,"href":"https:\/\/monde25.info\/index.php\/wp-json\/wp\/v2\/categories?post=1425"},{"taxonomy":"post_tag","embeddable":true,"href":"https:\/\/monde25.info\/index.php\/wp-json\/wp\/v2\/tags?post=1425"}],"curies":[{"name":"wp","href":"https:\/\/api.w.org\/{rel}","templated":true}]}}