{"id":1427,"date":"2024-12-03T13:35:43","date_gmt":"2024-12-03T12:35:43","guid":{"rendered":"https:\/\/monde25.info\/index.php\/2024\/12\/03\/quel-est-lobjectif-des-terroristes-en-syrie\/"},"modified":"2024-12-03T13:35:43","modified_gmt":"2024-12-03T12:35:43","slug":"quel-est-lobjectif-des-terroristes-en-syrie","status":"publish","type":"post","link":"https:\/\/monde25.info\/index.php\/2024\/12\/03\/quel-est-lobjectif-des-terroristes-en-syrie\/","title":{"rendered":"Quel est l\u2019objectif des terroristes en Syrie?"},"content":{"rendered":"<p> <br \/>\n<\/p>\n<div>\n<ol class=\"campaign-loop campaign-list\">\n<li id=\"campaign-433393\" class=\"post-433393 campaign type-campaign status-publish hentry campaign-has-goal campaign-has-not-achieved-goal campaign-has-end-date campaign-has-not-ended\">\n\t<a target=\"_blank\" href=\"https:\/\/reseauinternational.net\/campaigns\/campagne-de-dons-decembre-2024\/\"><\/p>\n<h3>Campagne de dons D\u00e9cembre 2024<\/h3>\n<p>\t\t\t<\/a><\/p>\n<p>\n\tChers amis lecteurs, R\u00e9seau International a de nouveau besoin de vous. Gr\u00e2ce \u00e0 vous, nous avons pu nous doter d\u2019un serveur plus s\u00e9curis\u00e9, avec des capacit\u00e9s bien plus aptes \u00e0 g\u00e9rer la tr\u00e8s grosse taille des donn\u00e9es du site et son important trafic. C\u2019est gr\u00e2ce \u00e0 vos dons que nous pouvons garder notre ind\u00e9pendance et\u00a0 vous fournir le meilleur de l\u2019information internationale alternative. Votre soutien nous est indispensable; nous comptons sur vous.<\/p>\n<p>\n<span class=\"amount\">880,00\u00a0\u20ac<\/span> de l\u2019objectif de <span class=\"goal-amount\">25 000,00\u00a0\u20ac<\/span> atteint<\/p>\n<\/li>\n<\/ol>\n<p>par<strong> Eva Bartlett<\/strong><\/p>\n<p>Les attaques contre Alep et Idlib pourraient \u00eatre une tentative de briser \u00abl\u2019Axe de la R\u00e9sistance\u00bb contre Isra\u00ebl et m\u00eame de relancer la \u00abr\u00e9volution\u00bb de 2011<\/p>\n<p>Ces derniers jours, des terroristes soutenus par l\u2019\u00e9tranger dans le nord-ouest de la Syrie ont attaqu\u00e9 des positions de l\u2019arm\u00e9e syrienne dans la campagne d\u2019Alep et d\u2019Idlib, et bombard\u00e9 des quartiers civils d\u2019Alep.<\/p>\n<p>Alors que les m\u00e9dias r\u00e9gionaux font le point sur ces attaques et contre-attaques men\u00e9es par la Syrie et la Russie, ce qui est moins clair, c\u2019est ce qui se passe \u00e0 Alep m\u00eame. Les m\u00e9dias proches du terrorisme affirment que Tahrir al-Sham (rebaptis\u00e9 al-Qaida) et ses alli\u00e9s terroristes ont pris le contr\u00f4le de nombreux quartiers occidentaux et m\u00eame du centre-ville.<\/p>\n<p>Mais leurs preuves \u2013 de courtes vid\u00e9os montrant des terroristes dans diff\u00e9rentes zones qu\u2019ils pr\u00e9tendent contr\u00f4ler \u2013 ont \u00e9t\u00e9 contredites par des vid\u00e9os de Syriens marchant dans des quartiers cl\u00e9s, affirmant que la situation \u00e9tait calme. Nous y reviendrons plus tard.<\/p>\n<p>Voici ce que l\u2019on sait en r\u00e9sum\u00e9 sur ces attaques.<br \/>Le mercredi 27 novembre, Hayat Tahrir al-Sham et des factions de l\u2019Arm\u00e9e nationale soutenues par la Turquie ont lanc\u00e9 des attaques dans les campagnes d\u2019Idlib et d\u2019Alep, dans le cadre de ce qu\u2019ils ont baptis\u00e9 \u00ab<em>Op\u00e9ration de dissuasion de l\u2019agression<\/em>\u00bb.<\/p>\n<p>Selon Al-Mayadeen, tel que rapport\u00e9 par le journaliste syrien Wassim Issa, des convois de militants, d\u2019\u00e9quipements et de munitions sont entr\u00e9s par le passage de Bab al-Salam avec la Turquie et se sont dirig\u00e9s vers les fronts de combat dans l\u2019ouest d\u2019Alep et la campagne du sud d\u2019Idlib.<\/p>\n<p>Al Mayadeen a rapport\u00e9 que Tahrir al-Sham a utilis\u00e9 de nouvelles armes et de nouveaux \u00e9quipements, notamment des drones ukrainiens, \u00ab<em>apparemment acquis aupr\u00e8s des services de renseignement de Kiev<\/em>\u00bb.<\/p>\n<p>Depuis jeudi soir, les terroristes ont bombard\u00e9 les r\u00e9sidences universitaires d\u2019Alep et des quartiers de l\u2019ouest d\u2019Alep. Vendredi, les bombardements terroristes ont tu\u00e9 quatre \u00e9tudiants et bless\u00e9 des dizaines d\u2019autres.<\/p>\n<p>Vendredi, l\u2019arm\u00e9e arabe syrienne avait repris de nombreux points perc\u00e9s par les terroristes, a rapport\u00e9 Al Mayadeen, notant que des combats intenses se poursuivent sur deux fronts dans la campagne d\u2019Alep, et que sur le front d\u2019Idlib, \u00ab<em>des groupes arm\u00e9s tentent d\u2019ouvrir un nouvel axe apr\u00e8s leur \u00e9chec \u00e0 avancer davantage vers l\u2019autoroute internationale M5 pour tout le trafic du sud vers Alep, via Hama et le sud-est d\u2019Idlib<\/em>\u00bb.<\/p>\n<p>Le commandement g\u00e9n\u00e9ral de l\u2019arm\u00e9e et des forces arm\u00e9es a publi\u00e9 la d\u00e9claration suivante :<br \/>\u00ab<em>Nos forces arm\u00e9es ont pu infliger de lourdes pertes aux organisations attaquantes, infligeant des centaines de morts et de bless\u00e9s dans leurs rangs, d\u00e9truisant des dizaines de v\u00e9hicules et de v\u00e9hicules blind\u00e9s, et ont pu abattre et d\u00e9truire dix-sept drones.<\/em><br \/>\u00ab<em>Dans un contexte similaire, les organisations terroristes, \u00e0 travers leurs plateformes, diffusent des informations trompeuses, des nouvelles et des clips vid\u00e9o visant \u00e0 terroriser les citoyens. Le commandement g\u00e9n\u00e9ral de l\u2019arm\u00e9e et des forces arm\u00e9es met en garde nos concitoyens de ne pas accepter ces nouvelles et ces fausses informations, et de se contenter de ce qui est diffus\u00e9 par les m\u00e9dias nationaux et leurs plateformes officielles<\/em>.\u00bb<\/p>\n<p>Selon le Centre de coordination russe en Syrie, Al Mayadeen a rapport\u00e9 vendredi soir que plus de 600 terroristes avaient \u00e9t\u00e9 tu\u00e9s. Cette mise \u00e0 jour d\u00e9taille ensuite les frappes a\u00e9riennes syriennes et russes contre les terroristes dans le nord d\u2019Alep et dans la campagne d\u2019Idlib.<\/p>\n<p>Ces attaques, apparemment soutenues par la Turquie, les \u00c9tats-Unis et Isra\u00ebl, constituent la derni\u00e8re tentative en date de d\u00e9stabiliser la Syrie et d\u2019affaiblir \u00abl\u2019Axe de la R\u00e9sistance\u00bb contre Isra\u00ebl. Il est bien s\u00fbr remarquable que ces attaques aient commenc\u00e9 juste apr\u00e8s le pr\u00e9tendu cessez-le-feu entre la R\u00e9sistance libanaise, le Hezbollah et Isra\u00ebl (qui a commenc\u00e9 \u00e0 violer le cessez-le-feu presque imm\u00e9diatement, comme Isra\u00ebl l\u2019a fait \u00e0 chaque fois dans le pass\u00e9).<\/p>\n<p>L\u2019une des raisons possibles de l\u2019implication de la Turquie dans la guerre pourrait \u00eatre de faire pression sur le pr\u00e9sident syrien Bachar al-Assad pour qu\u2019il reconsid\u00e8re sa position sur les n\u00e9gociations de normalisation avec Ankara. Assad avait jusqu\u2019\u00e0 pr\u00e9sent rejet\u00e9 de telles n\u00e9gociations tant que les forces turques resteraient en Syrie et, selon certains analystes, le pr\u00e9sident turc Recep Tayyip Erdogan aurait pu favoriser une escalade militaire pour contraindre Assad \u00e0 changer d\u2019avis.<\/p>\n<p>Une autre motivation de l\u2019attaque pourrait \u00eatre de couper les lignes d\u2019approvisionnement du Hezbollah libanais pendant le cessez-le-feu avec Isra\u00ebl. Depuis Damas, la journaliste britannique Vanessa Beeley \u00e9crit: \u00ab<em>Cette attaque a \u00e9t\u00e9 \u00e9voqu\u00e9e et planifi\u00e9e depuis le d\u00e9but de l\u2019agression isra\u00e9lienne contre le Liban. La Syrie sera d\u00e9sormais la cible de la destruction des lignes d\u2019approvisionnement en armes et des installations de fabrication qui r\u00e9armeraient le Hezbollah pendant le cessez-le-feu. Des tentatives seront faites pour d\u00e9truire l\u2019infrastructure des ponts terrestres qui acheminent les mat\u00e9riaux d\u2019Iran vers le Liban, via l\u2019Irak et la Syrie. Cela comprend les lignes d\u2019approvisionnement en aide humanitaire essentielle. La Syrie est le c\u0153ur battant de la R\u00e9sistance et doit \u00eatre prot\u00e9g\u00e9e \u00e0 tout prix<\/em>.\u00bb<\/p>\n<p><strong>Tentatives de r\u00e9animation de la \u00abr\u00e9volution\u00bb syrienne<\/strong><\/p>\n<p>Sans surprise, des appels se multiplient sur les r\u00e9seaux sociaux pour que le pr\u00e9sident Assad soit destitu\u00e9; les m\u00eames appels entendus lors de l\u2019op\u00e9ration psychologique orchestr\u00e9e par l\u2019Occident dans les m\u00e9dias, qui a vu des gens ignorants du monde entier soutenir une \u00abr\u00e9volution\u00bb tr\u00e8s sanglante en 2011.<\/p>\n<p>Ce n\u2019est pas une r\u00e9volution, et ce n\u2019est pas non plus (pour les Syriens) une r\u00e9bellion qui aurait pour but de d\u00e9truire Assad (qui b\u00e9n\u00e9ficie d\u2019un soutien massif). Quel genre de r\u00e9volution d\u00e9truit sa propre culture, son patrimoine, ses civils et qui est soutenue par les \u00c9tats-Unis et Isra\u00ebl?<\/p>\n<p>Lors d\u2019un de mes quatre voyages \u00e0 Alep en 2016 seule, en novembre, avant qu\u2019Alep ne soit lib\u00e9r\u00e9e des forces terroristes, le chef du service de m\u00e9decine l\u00e9gale d\u2019un h\u00f4pital local, le Dr Zaher Hajo, m\u2019a dit que depuis l\u2019occupation d\u2019Alep en 2012, 10,750 civils avaient \u00e9t\u00e9 tu\u00e9s par des terroristes, dont 40% \u00e9taient des femmes et des enfants.<br \/>Lors de cette m\u00eame visite, j\u2019ai rencontr\u00e9 trois dirigeants sunnites de premier plan qui, selon le pr\u00eatre qui nous a pr\u00e9sent\u00e9, \u00e9taient consid\u00e9r\u00e9s comme des \u00abinfid\u00e8les\u00bb par al-Nosra et ses complices parce qu\u2019ils ne suivaient pas leur id\u00e9ologie terroriste d\u00e9form\u00e9e. L\u2019un d\u2019eux, le Dr Kukeh, a d\u00e9clar\u00e9: \u00ab<em>Ceux qui tuent les sunnites sont les m\u00eames qui pr\u00e9tendent les d\u00e9fendre. Les obus qui nous frappent quotidiennement sont envoy\u00e9s par eux<\/em>.\u00bb<\/p>\n<p>Le Dr Kukeh, qui a dit avoir donn\u00e9 \u00e0 son fils a\u00een\u00e9 le pr\u00e9nom du chef du Hezbollah, Hassan Nasrallah, \u00abparce que j\u2019aime cet homme\u00bb, a expliqu\u00e9 qu\u2019en 2012, il vivait dans l\u2019est d\u2019Alep lorsque les terroristes ont commenc\u00e9 \u00e0 occuper des quartiers de la ville. Il a \u00e9t\u00e9 la cible d\u2019un assassinat parce qu\u2019il n\u2019\u00e9tait pas d\u2019accord avec l\u2019id\u00e9ologie des terroristes.<br \/>Les r\u00e9sidences universitaires d\u2019Alep, r\u00e9cemment prises pour cible, l\u2019ont \u00e9t\u00e9 r\u00e9guli\u00e8rement en 2016. \u00c0 l\u2019\u00e9poque, elles abritaient depuis quatre ans plus de 10,000 Syriens d\u00e9plac\u00e9s \u00e0 l\u2019int\u00e9rieur du pays, venus de zones d\u2019Alep et de sa banlieue, y compris de zones occup\u00e9es par les terroristes.<\/p>\n<p>Lors de visites ult\u00e9rieures en 2017 et des ann\u00e9es suivantes, j\u2019ai vu les vestiges de l\u2019occupation des r\u00e9gions orientales d\u2019Alep par les terroristes (prisons souterraines avec cellules d\u2019isolement), j\u2019ai recueilli des t\u00e9moignages de civils syriens sur la vie sous le r\u00e9gime terroriste, et plus tard, j\u2019ai vu la ville commencer \u00e0 se reconstruire et \u00e0 prosp\u00e9rer, avec la r\u00e9ouverture des commerces, la restauration des anciens march\u00e9s , la vie anim\u00e9e autour de la c\u00e9l\u00e8bre citadelle (sous le r\u00e8gne des terroristes, marcher \u00e0 proximit\u00e9 signifiait presque certainement \u00eatre tu\u00e9 par balle) et au sommet de la citadelle .<\/p>\n<p>La ville que les m\u00e9dias occidentaux et du Golfe ont annonc\u00e9 comme \u00e9tant \u00abtomb\u00e9e\u00bb lorsqu\u2019elle a \u00e9t\u00e9 lib\u00e9r\u00e9e d\u2019Al-Qa\u00efda, de l\u2019EI et de leurs co-terroristes est revenue \u00e0 la vie sous le r\u00e8gne du gouvernement syrien.<br \/>Chaos actuel: Alep occup\u00e9e?<\/p>\n<p>Tout au long des combats, des informations contradictoires ont circul\u00e9 sur la prise de certaines parties d\u2019Alep par les terroristes. Comme je l\u2019ai \u00e9crit au d\u00e9but, les photos et vid\u00e9os qui semblent montrer une pr\u00e9sence terroriste dans les quartiers ouest d\u2019Alep et m\u00eame dans le centre-ville ne prouvent pas que les terroristes aient pris des quartiers.<br \/>Il n\u2019est pas difficile pour des terroristes dormants de surgir, de prendre ces photos et vid\u00e9os et de repartir. Le temps nous dira lesquelles de leurs affirmations sont vraies et lesquelles rel\u00e8vent d\u2019une guerre psychologique visant \u00e0 d\u00e9moraliser les Syriens et \u00e0 les retourner contre leur arm\u00e9e, voire contre la Russie.<\/p>\n<p>Rappelons l\u2019avertissement du commandement g\u00e9n\u00e9ral de l\u2019arm\u00e9e concernant la d\u00e9sinformation. Faire des d\u00e9clarations d\u00e9finitives sur la situation d\u2019Alep et de la r\u00e9gion environnante, sans preuve, est irresponsable et inutile. \u00c0 l\u2019\u00e8re du clickbait o\u00f9 tout le monde veut \u00eatre le premier \u00e0 poster \u00abBREAKING\u00bb suivi d\u2019une petite phrase non v\u00e9rifi\u00e9e, discerner la v\u00e9rit\u00e9 est compliqu\u00e9.<\/p>\n<p>Si l\u2019impensable se produit et que des quartiers d\u2019Alep sont r\u00e9occup\u00e9s par des terroristes qui ne sont pas diff\u00e9rents de l\u2019EI, voire m\u00eame l\u2019incluent, ils seront finalement vaincus par la Syrie, la Russie et leurs alli\u00e9s, comme ils l\u2019ont \u00e9t\u00e9 auparavant.<\/p>\n<p>URL de l\u2019article en anglais :\u00a0<a target=\"_blank\" href=\"https:\/\/www.rt.com\/news\/608503-syria-terrorists-attack-aleppo\/\" target=\"_blank\" rel=\"noopener\" title=\"\">https:\/\/www.rt.com\/news\/608503-syria-terrorists-attack-aleppo\/<\/a><\/p>\n<p>source :<a target=\"_blank\" href=\"http:\/\/lagazetteducitoyen.over-blog.com\/2024\/12\/quel-est-l-objectif-des-terroristes-en-syrie.html\" target=\"_blank\" rel=\"noopener\" title=\" La Gazette du Citoyen\"> La Gazette du Citoyen<\/a><\/p>\n<div class=\"sharedaddy sd-block sd-like jetpack-likes-widget-wrapper jetpack-likes-widget-unloaded\" id=\"like-post-wrapper-237719536-433611-674ef85479d3b\" data-src=\"https:\/\/widgets.wp.com\/likes\/?ver=14.0#blog_id=237719536&amp;post_id=433611&amp;origin=reseauinternational.net&amp;obj_id=237719536-433611-674ef85479d3b&amp;n=1\" data-name=\"like-post-frame-237719536-433611-674ef85479d3b\" data-title=\"Aimer ou rebloguer\">\n<h3 class=\"sd-title\">J\u2019aime \u00e7a\u00a0:<\/h3>\n<p><span class=\"button\"><span>J\u2019aime<\/span><\/span> <span class=\"loading\">chargement\u2026<\/span><\/p>\n<p><span class=\"sd-text-color\"\/><a target=\"_blank\" class=\"sd-link-color\"\/><\/div>\n<p><meta itemscope=\"\" itemprop=\"mainEntityOfPage\" itemtype=\"https:\/\/schema.org\/WebPage\" itemid=\"https:\/\/reseauinternational.net\/quel-est-lobjectif-des-terroristes-en-syrie\/\"\/><meta itemprop=\"headline\" content=\"Quel est l\u2019objectif des terroristes en Syrie?\"\/><span style=\"display: none;\" itemprop=\"author\" itemscope=\"\" itemtype=\"https:\/\/schema.org\/Person\"><meta itemprop=\"name\" content=\"R\u00e9seau International\"\/><\/span><span style=\"display: none;\" itemprop=\"image\" itemscope=\"\" itemtype=\"https:\/\/schema.org\/ImageObject\"><meta itemprop=\"url\" content=\"https:\/\/i0.wp.com\/reseauinternational.net\/wp-content\/uploads\/2024\/12\/troupes-a-Alep-20241203.jpg?fit=800%2C467&amp;ssl=1\"\/><meta itemprop=\"width\" content=\"800\"\/><meta itemprop=\"height\" content=\"467\"\/><\/span><span style=\"display: none;\" itemprop=\"publisher\" itemscope=\"\" itemtype=\"https:\/\/schema.org\/Organization\"><span style=\"display: none;\" itemprop=\"logo\" itemscope=\"\" itemtype=\"https:\/\/schema.org\/ImageObject\"><meta itemprop=\"url\" content=\"https:\/\/reseauinternational.net\/wp-content\/uploads\/2022\/06\/Capture-de\u0301cran-2022-06-14-a\u0300-16.51.07.png\"\/><\/span><meta itemprop=\"name\" content=\"R\u00e9seau International\"\/><\/span><meta itemprop=\"datePublished\" content=\"2024-12-03T13:23:15+00:00\"\/><meta itemprop=\"dateModified\" content=\"2024-12-03T13:23:35+00:00\"\/><\/div>\n<p><br \/>\n<br \/><a href=\"https:\/\/reseauinternational.net\/quel-est-lobjectif-des-terroristes-en-syrie\/\" target=\"_blank\"\">Source link <\/a><\/p>\n","protected":false},"excerpt":{"rendered":"<p>Campagne de dons D\u00e9cembre 2024 Chers amis lecteurs, R\u00e9seau International a de nouveau besoin de vous. Gr\u00e2ce \u00e0 vous, nous avons pu nous doter d\u2019un serveur plus s\u00e9curis\u00e9, avec des&hellip; <\/p>\n","protected":false},"author":1,"featured_media":1428,"comment_status":"open","ping_status":"open","sticky":false,"template":"","format":"standard","meta":{"footnotes":""},"categories":[1],"tags":[],"class_list":["post-1427","post","type-post","status-publish","format-standard","has-post-thumbnail","hentry","category-non-classe"],"_links":{"self":[{"href":"https:\/\/monde25.info\/index.php\/wp-json\/wp\/v2\/posts\/1427","targetHints":{"allow":["GET"]}}],"collection":[{"href":"https:\/\/monde25.info\/index.php\/wp-json\/wp\/v2\/posts"}],"about":[{"href":"https:\/\/monde25.info\/index.php\/wp-json\/wp\/v2\/types\/post"}],"author":[{"embeddable":true,"href":"https:\/\/monde25.info\/index.php\/wp-json\/wp\/v2\/users\/1"}],"replies":[{"embeddable":true,"href":"https:\/\/monde25.info\/index.php\/wp-json\/wp\/v2\/comments?post=1427"}],"version-history":[{"count":0,"href":"https:\/\/monde25.info\/index.php\/wp-json\/wp\/v2\/posts\/1427\/revisions"}],"wp:featuredmedia":[{"embeddable":true,"href":"https:\/\/monde25.info\/index.php\/wp-json\/wp\/v2\/media\/1428"}],"wp:attachment":[{"href":"https:\/\/monde25.info\/index.php\/wp-json\/wp\/v2\/media?parent=1427"}],"wp:term":[{"taxonomy":"category","embeddable":true,"href":"https:\/\/monde25.info\/index.php\/wp-json\/wp\/v2\/categories?post=1427"},{"taxonomy":"post_tag","embeddable":true,"href":"https:\/\/monde25.info\/index.php\/wp-json\/wp\/v2\/tags?post=1427"}],"curies":[{"name":"wp","href":"https:\/\/api.w.org\/{rel}","templated":true}]}}