{"id":1429,"date":"2024-12-03T14:08:11","date_gmt":"2024-12-03T13:08:11","guid":{"rendered":"https:\/\/monde25.info\/index.php\/2024\/12\/03\/manifestation-des-taxis-a-paris-on-essaie-de-nous-rendre-impossible-de-venir-sur-le-lieu-de-greve\/"},"modified":"2024-12-03T14:08:11","modified_gmt":"2024-12-03T13:08:11","slug":"manifestation-des-taxis-a-paris-on-essaie-de-nous-rendre-impossible-de-venir-sur-le-lieu-de-greve","status":"publish","type":"post","link":"https:\/\/monde25.info\/index.php\/2024\/12\/03\/manifestation-des-taxis-a-paris-on-essaie-de-nous-rendre-impossible-de-venir-sur-le-lieu-de-greve\/","title":{"rendered":"Manifestation des taxis \u00e0 Paris : \u00ab On essaie de nous rendre impossible de venir sur le lieu de gr\u00e8ve \u00bb"},"content":{"rendered":"<p> <br \/>\n<\/p>\n<div>\n<p><span data-contrast=\"none\">Les taxis parisiens se sont associ\u00e9s ce mardi au deuxi\u00e8me jour de mobilisation contre une baisse de la tarification du transport de malades, qui s&rsquo;annonce plus faible que la veille, tandis que la pr\u00e9fecture du Rh\u00f4ne a fait appel aux CRS pour \u00ab\u00a0lib\u00e9rer\u00a0\u00bb des acc\u00e8s de circulation autour de Lyon.<\/span><span data-ccp-props=\"{&quot;134233117&quot;:false,&quot;134233118&quot;:false,&quot;335559738&quot;:300,&quot;335559739&quot;:180}\">\u00a0<\/span><\/p>\n<p><span data-contrast=\"none\">Le mouvement s&rsquo;est d\u00e9sormais \u00e9tendu \u00e0 Paris, o\u00f9 environ 500 taxis manifestent dans la matin\u00e9e, pr\u00e8s de l&rsquo;Assembl\u00e9e nationale, et d\u2019autres arrivent par l\u2019autoroute A13 et par la D\u00e9fense \u00e0 l\u2019entr\u00e9e de Paris, pour protester contre cette n\u00e9gociation.<\/span><span data-ccp-props=\"{&quot;134233117&quot;:false,&quot;134233118&quot;:false,&quot;335559738&quot;:300,&quot;335559739&quot;:180}\">\u00a0<\/span><\/p>\n<p><span data-contrast=\"none\">Entre p\u00e9tards et feux d&rsquo;artifice, ils se sont rendus sur l&rsquo;esplanade des Invalides et demandaient \u00e0 \u00eatre re\u00e7us par les parlementaires ou le minist\u00e8re de la Sant\u00e9, a indiqu\u00e9 Walid Hanida du collectif Team Taxi, \u00e0 l&rsquo;origine de la manifestation.<\/span><span data-ccp-props=\"{&quot;134233117&quot;:false,&quot;134233118&quot;:false,&quot;335559738&quot;:300,&quot;335559739&quot;:180}\">\u00a0<\/span><\/p>\n<p><span data-ccp-props=\"{&quot;134233117&quot;:false,&quot;134233118&quot;:false,&quot;335559738&quot;:300,&quot;335559739&quot;:180}\">Aux Invalides, plusieurs centaines de taxis sont pr\u00e9sents, avec plus de 400 taxis bloqu\u00e9s \u00e0 Porte Maillot et d&rsquo;autres sur l&rsquo;A13. \u00ab On essaie de nous rendre impossible de venir sur le lieu de gr\u00e8ve \u00bb<\/span><\/p>\n<p><iframe style=\"left:0;position:absolute;top:0;\" width=\"100%\" height=\"100%\" frameborder=\"0\" allow=\"accelerometer; autoplay; encrypted-media; gyroscope; picture-in-picture\" allowfullscreen=\"true\" referrerpolicy=\"unsafe-url\" class=\"lazyload\" data-src=\"https:\/\/app.videas.fr\/embed\/media\/85c8d2bc-169a-46c2-b19f-c84888ea6046\/\"><\/iframe><\/p>\n<p>\u00a0<\/p>\n<p><span data-contrast=\"none\">En revanche dans la r\u00e9gion de Lyon, la mobilisation \u00e9tait moindre ce mardi matin, de l&rsquo;avis m\u00eame des chauffeurs de taxi gr\u00e9vistes.<\/span><span data-ccp-props=\"{&quot;134233117&quot;:false,&quot;134233118&quot;:false,&quot;335559738&quot;:300,&quot;335559739&quot;:180}\">\u00a0<\/span><\/p>\n<p><span data-contrast=\"none\">\u00ab\u00a0On est beaucoup moins qu&rsquo;hier, on ne peut pas non plus se permettre de faire gr\u00e8ve longtemps, pour certains de nos clients c&rsquo;est vital qu&rsquo;ils soient transport\u00e9s, ceux qui ont des dialyses, des chimios\u00a0\u00bb, d\u00e9clare \u00e0 l&rsquo;AFP Pascal Wilder, taxi depuis 44 ans, install\u00e9 devant l&rsquo;h\u00f4pital Edouard Herriot \u00e0 Lyon, avec quelques dizaines de coll\u00e8gues manifestants.<\/span><span data-ccp-props=\"{&quot;134233117&quot;:false,&quot;134233118&quot;:false,&quot;335559738&quot;:300,&quot;335559739&quot;:180}\">\u00a0<\/span><\/p>\n<p><span data-contrast=\"none\" data-ccp-parastyle=\"heading 2\"><strong>&#8211; Conditions \u00ab\u00a0pas g\u00e9rables\u00a0\u00bb &#8211;<\/strong><\/span><span data-ccp-props=\"{&quot;134233117&quot;:false,&quot;134233118&quot;:false,&quot;134245418&quot;:true,&quot;134245529&quot;:true,&quot;201341983&quot;:0,&quot;335559738&quot;:349,&quot;335559739&quot;:360,&quot;335559740&quot;:450}\">\u00a0<\/span><\/p>\n<p><span data-contrast=\"none\">Afin de r\u00e9aliser 300 millions d&rsquo;euros d&rsquo;\u00e9conomies sur ces transports sanitaires, le gouvernement Barnier, menac\u00e9 de censure, souhaite contraindre taxis et transporteurs sanitaires \u00e0 n\u00e9gocier des mesures avec l&rsquo;Assurance maladie, sous peine de baisses tarifaires impos\u00e9es.<\/span><span data-ccp-props=\"{&quot;134233117&quot;:false,&quot;134233118&quot;:false,&quot;335559738&quot;:300,&quot;335559739&quot;:180}\">\u00a0<\/span><\/p>\n<p><span data-contrast=\"none\">De plus, un d\u00e9cret d&rsquo;application du budget de la S\u00e9cu pour 2024 pr\u00e9voit qu&rsquo;un patient ne puisse plus refuser, sauf exception, un transport partag\u00e9, sous peine de devoir avancer les frais et de n&rsquo;\u00eatre rembours\u00e9 que sur la base du transport partag\u00e9. Les patients devront aussi \u00eatre pris en charge en moins de 45 minutes et par secteur g\u00e9ographique avec une limite kilom\u00e9trique de d\u00e9tour par patient.<\/span><span data-ccp-props=\"{&quot;134233117&quot;:false,&quot;134233118&quot;:false,&quot;335559738&quot;:300,&quot;335559739&quot;:180}\">\u00a0<\/span><\/p>\n<p><span data-contrast=\"none\">En 2023, plus de 40.000 taxis \u00e9taient conventionn\u00e9s pour transporter des personnes malades, atteintes de pathologies allant des cancers aux maladies psychiatriques, selon l&rsquo;Assurance maladie, soit pr\u00e8s des trois quarts des taxis en France.<\/span><span data-ccp-props=\"{&quot;134233117&quot;:false,&quot;134233118&quot;:false,&quot;335559738&quot;:300,&quot;335559739&quot;:180}\">\u00a0<\/span><\/p>\n<p><span data-contrast=\"none\">Si les nouvelles conditions entrent en application, Eric, taxi dans l&rsquo;ouest lyonnais, qui fait la moiti\u00e9 de son chiffre d&rsquo;affaires avec le transport sanitaire, estime que son entreprise ne serait plus rentable.<\/span><span data-ccp-props=\"{&quot;134233117&quot;:false,&quot;134233118&quot;:false,&quot;335559738&quot;:300,&quot;335559739&quot;:180}\">\u00a0<\/span><\/p>\n<p><span data-contrast=\"none\">\u00ab\u00a0Ils (le gouvernement) vont \u00eatre oblig\u00e9s de faire des concessions, c&rsquo;est des marges \u00e9normes qui vont sauter, sinon ils vont se retrouver avec des patients qui vont rester sans transport, \u00e7a ne va pas \u00eatre g\u00e9rable\u00a0\u00bb, s&rsquo;inqui\u00e8te-t-il, devant h\u00f4pital Edouard Herriot.<\/span><span data-ccp-props=\"{&quot;134233117&quot;:false,&quot;134233118&quot;:false,&quot;335559738&quot;:300,&quot;335559739&quot;:180}\">\u00a0<\/span><\/p>\n<p><span data-contrast=\"none\">\u00ab\u00a0Le sanitaire c&rsquo;est \u00e7a qui nous fait vivre\u00a0\u00bb, estime de son c\u00f4t\u00e9 Emmanuel, 49 ans, taxi dans l&rsquo;Ain, dont ce type de transport repr\u00e9sente 90% de son chiffre.<\/span><span data-ccp-props=\"{&quot;134233117&quot;:false,&quot;134233118&quot;:false,&quot;335559738&quot;:300,&quot;335559739&quot;:180}\">\u00a0<\/span><\/p>\n<p><span data-ccp-props=\"{}\">\u00a0<\/span><\/p>\n<\/div>\n<p><script>(function(d, s, id) {  var js, fjs = d.getElementsByTagName(s)[0];  if (d.getElementById(id)) return;  js = d.createElement(s); js.id = id;  js.src = \"\/\/connect.facebook.net\/fr_FR\/sdk.js#xfbml=1&version=v2.3\";  fjs.parentNode.insertBefore(js, fjs);}(document, \"script\", \"facebook-jssdk\"));<\/script><br \/>\n<br \/><br \/>\n<br \/><a href=\"https:\/\/www.francesoir.fr\/societe-economie\/deuxieme-jour-de-manifestation-des-taxis-lyon-paris-s-associe-au-mouvement\" target=\"_blank\"\">Source link <\/a><\/p>\n","protected":false},"excerpt":{"rendered":"<p>Les taxis parisiens se sont associ\u00e9s ce mardi au deuxi\u00e8me jour de mobilisation contre une baisse de la tarification du transport de malades, qui s&rsquo;annonce plus faible que la veille,&hellip; <\/p>\n","protected":false},"author":1,"featured_media":1430,"comment_status":"open","ping_status":"open","sticky":false,"template":"","format":"standard","meta":{"footnotes":""},"categories":[1],"tags":[],"class_list":["post-1429","post","type-post","status-publish","format-standard","has-post-thumbnail","hentry","category-non-classe"],"_links":{"self":[{"href":"https:\/\/monde25.info\/index.php\/wp-json\/wp\/v2\/posts\/1429","targetHints":{"allow":["GET"]}}],"collection":[{"href":"https:\/\/monde25.info\/index.php\/wp-json\/wp\/v2\/posts"}],"about":[{"href":"https:\/\/monde25.info\/index.php\/wp-json\/wp\/v2\/types\/post"}],"author":[{"embeddable":true,"href":"https:\/\/monde25.info\/index.php\/wp-json\/wp\/v2\/users\/1"}],"replies":[{"embeddable":true,"href":"https:\/\/monde25.info\/index.php\/wp-json\/wp\/v2\/comments?post=1429"}],"version-history":[{"count":0,"href":"https:\/\/monde25.info\/index.php\/wp-json\/wp\/v2\/posts\/1429\/revisions"}],"wp:featuredmedia":[{"embeddable":true,"href":"https:\/\/monde25.info\/index.php\/wp-json\/wp\/v2\/media\/1430"}],"wp:attachment":[{"href":"https:\/\/monde25.info\/index.php\/wp-json\/wp\/v2\/media?parent=1429"}],"wp:term":[{"taxonomy":"category","embeddable":true,"href":"https:\/\/monde25.info\/index.php\/wp-json\/wp\/v2\/categories?post=1429"},{"taxonomy":"post_tag","embeddable":true,"href":"https:\/\/monde25.info\/index.php\/wp-json\/wp\/v2\/tags?post=1429"}],"curies":[{"name":"wp","href":"https:\/\/api.w.org\/{rel}","templated":true}]}}