{"id":1433,"date":"2024-12-03T15:15:55","date_gmt":"2024-12-03T14:15:55","guid":{"rendered":"https:\/\/monde25.info\/index.php\/2024\/12\/03\/le-bureau-de-guterres-reagit-a-leventuel-envoi-de-troupes-europeennes-dinterposition-en-ukraine-rt-en-francais\/"},"modified":"2024-12-03T15:15:55","modified_gmt":"2024-12-03T14:15:55","slug":"le-bureau-de-guterres-reagit-a-leventuel-envoi-de-troupes-europeennes-dinterposition-en-ukraine-rt-en-francais","status":"publish","type":"post","link":"https:\/\/monde25.info\/index.php\/2024\/12\/03\/le-bureau-de-guterres-reagit-a-leventuel-envoi-de-troupes-europeennes-dinterposition-en-ukraine-rt-en-francais\/","title":{"rendered":"Le bureau de Guterres r\u00e9agit \u00e0 l&rsquo;\u00e9ventuel envoi de troupes europ\u00e9ennes d&rsquo;interposition en Ukraine \u2014 RT en fran\u00e7ais"},"content":{"rendered":"<p> <br \/>\n<br \/><img decoding=\"async\" src=\"https:\/\/mf.b37mrtl.ru\/french\/images\/2024.12\/thumbnail\/674ef1796f7ccc72020185c8.jpg\" \/><\/p>\n<div>\n<p class=\"text__summary\">\n                                        Le porte-parole du Secr\u00e9taire g\u00e9n\u00e9ral de l&rsquo;ONU a comment\u00e9, le 2 d\u00e9cembre, les propos rapport\u00e9s la veille de la nouvelle chef de la diplomatie europ\u00e9enne, Kaja Kallas, sugg\u00e9rant que l&rsquo;envoi de troupes europ\u00e9ennes en Ukraine ne pouvait \u00ab\u00eatre exclu\u00bb dans le cadre du contr\u00f4le d&rsquo;un \u00e9ventuel cessez-le-feu.\n                                    <\/p>\n<p>Le 2 d\u00e9cembre, lors d&rsquo;un\u00a0point\u00a0<a target=\"_blank\" href=\"https:\/\/press.un.org\/en\/2024\/db241202.doc.htm\" target=\"_blank\" rel=\"noopener noreferrer\">presse<\/a>\u00a0de St\u00e9phane Dujarric, porte-parole du Secr\u00e9taire g\u00e9n\u00e9ral\u00a0de l&rsquo;ONU, celui-ci a r\u00e9pondu \u00e0 une question concernant les d\u00e9clarations de Kaja Kallas\u00a0quant \u00e0 un \u00e9ventuel envoi de troupes europ\u00e9ennes en\u00a0Ukraine et sur l&rsquo;impact que cela pourrait avoir sur l&rsquo;\u00e9volution du conflit.<\/p>\n<p>\u00abNous avons toujours demand\u00e9 la fin de ce conflit et nous ne voulons pas encourager une nouvelle escalade de la part d&rsquo;un camp ou de l&rsquo;autre. Nous voulons voir la fin du conflit pour le bien des civils en Ukraine, pour le bien des civils en Russie\u00bb, a d\u00e9clar\u00e9\u00a0le\u00a0porte-parole\u00a0onusien, ajoutant que la fin du conflit devrait \u00eatre en accord avec \u00ables r\u00e9solutions de l&rsquo;Assembl\u00e9e g\u00e9n\u00e9rale, du droit international et de l&rsquo;int\u00e9grit\u00e9 territoriale\u00bb.<\/p>\n<p>\u00abNous ne sommes pas dans le domaine de la sp\u00e9culation\u00bb a-t-il r\u00e9torqu\u00e9, alors relanc\u00e9 quant au fait qu&rsquo;une telle d\u00e9cision europ\u00e9enne pourrait \u00eatre consid\u00e9r\u00e9e par les Nations unies comme une \u00abescalade\u00bb.<\/p>\n<h2>L&rsquo;Europe\u00a0doit\u00a0\u00abjouer son r\u00f4le\u00bb, estime Kallas<\/h2>\n<p>La veille, Kaja Kallas, la nouvelle chef de la diplomatie europ\u00e9enne, qui a remplac\u00e9 Josep Borrell \u00e0 ce poste, avait d\u00e9clar\u00e9 qu&rsquo;elle n&rsquo;excluait pas la pr\u00e9sence de troupes europ\u00e9ennes en Ukraine. Selon elle, l&rsquo;Europe\u00a0devrait \u00ab<a target=\"_blank\" href=\"https:\/\/www.euractiv.fr\/section\/ukraine\/news\/soutien-a-lukraine-la-nouvelle-cheffe-de-la-diplomatie-de-lue-ne-veut-exclure-aucune-option\/\" target=\"_blank\" rel=\"noopener noreferrer\">jouer son r\u00f4le<\/a>\u00bb<em>\u00a0<\/em>si un cessez-le-feu\u00a0\u00e9tait conclu\u00a0et qu&rsquo;il s&rsquo;av\u00e9rait n\u00e9cessaire\u00a0d&rsquo;envoyer des troupes pour en contr\u00f4ler le suivi, avait rapport\u00e9\u00a0le site <em>Euractiv.\u00a0<\/em>\u00abEn tout cas, le choix en la mati\u00e8re appartient \u00e0 l&rsquo;Ukraine\u00bb, avait ajout\u00e9 l&rsquo;ex-Premi\u00e8re ministre estonienne.<\/p>\n<p>\u00abJusqu&rsquo;\u00e0 pr\u00e9sent, la discussion a port\u00e9 sur les pays qui sont pr\u00eats \u00e0 envoyer des soldats en Ukraine et ceux qui ne le sont pas. Je pense que rien ne peut \u00eatre exclu et qu&rsquo;il faut maintenir une certaine ambigu\u00eft\u00e9 strat\u00e9gique sur cette question\u00bb a d\u00e9clar\u00e9 Kaja Kallas a plusieurs m\u00e9dias, \u00e0 bord du train l&#8217;emmenant \u00e0 Kiev,\u00a0toujours selon le\u00a0site d&rsquo;information europ\u00e9en.\u00a0<\/p>\n<p>D\u00e9but novembre, le <em>Wall Street Journal<\/em>\u00a0<a target=\"_blank\" href=\"https:\/\/www.wsj.com\/world\/trump-presidency-ukraine-russia-war-plans-008655c0\" target=\"_blank\" rel=\"noopener noreferrer\">\u00e9bruitait<\/a>\u00a0un plan que l&rsquo;\u00e9quipe de Trump envisagerait pour mettre un terme au conflit ukrainien, \u00e9voquant une\u00a0zone d\u00e9militaris\u00e9e\u00a0de 1300 kilom\u00e8tres gard\u00e9e par des Europ\u00e9ens.<\/p>\n<p>Dans un style similaire \u00e0 celui de Kallas, fin f\u00e9vrier, le pr\u00e9sident fran\u00e7ais Emmanuel Macron avait d\u00e9clar\u00e9, au nom d&rsquo;une certaine \u00abambigu\u00eft\u00e9 strat\u00e9gique\u00bb, que l&rsquo;envoi de troupes occidentales en Ukraine ne pouvait \u00ab\u00eatre exclu\u00bb. Une sortie, qui avait surpris les alli\u00e9s occidentaux de Kiev, et dont s&rsquo;\u00e9taient notamment d\u00e9solidaris\u00e9s Washington et Berlin. Il n&rsquo;\u00e9tait alors pas question d&rsquo;un cessez-le-feu en Ukraine.<\/p>\n<\/div>\n<p><br \/>\n<br \/><a href=\"https:\/\/francais.rt.com\/international\/115096-onu-nous-ne-sommes-pas-dans-domaine-speculation\" target=\"_blank\"\">Source link <\/a><\/p>\n","protected":false},"excerpt":{"rendered":"<p>Le porte-parole du Secr\u00e9taire g\u00e9n\u00e9ral de l&rsquo;ONU a comment\u00e9, le 2 d\u00e9cembre, les propos rapport\u00e9s la veille de la nouvelle chef de la diplomatie europ\u00e9enne, Kaja Kallas, sugg\u00e9rant que l&rsquo;envoi&hellip; <\/p>\n","protected":false},"author":1,"featured_media":1434,"comment_status":"open","ping_status":"open","sticky":false,"template":"","format":"standard","meta":{"footnotes":""},"categories":[1],"tags":[],"class_list":["post-1433","post","type-post","status-publish","format-standard","has-post-thumbnail","hentry","category-non-classe"],"_links":{"self":[{"href":"https:\/\/monde25.info\/index.php\/wp-json\/wp\/v2\/posts\/1433","targetHints":{"allow":["GET"]}}],"collection":[{"href":"https:\/\/monde25.info\/index.php\/wp-json\/wp\/v2\/posts"}],"about":[{"href":"https:\/\/monde25.info\/index.php\/wp-json\/wp\/v2\/types\/post"}],"author":[{"embeddable":true,"href":"https:\/\/monde25.info\/index.php\/wp-json\/wp\/v2\/users\/1"}],"replies":[{"embeddable":true,"href":"https:\/\/monde25.info\/index.php\/wp-json\/wp\/v2\/comments?post=1433"}],"version-history":[{"count":0,"href":"https:\/\/monde25.info\/index.php\/wp-json\/wp\/v2\/posts\/1433\/revisions"}],"wp:featuredmedia":[{"embeddable":true,"href":"https:\/\/monde25.info\/index.php\/wp-json\/wp\/v2\/media\/1434"}],"wp:attachment":[{"href":"https:\/\/monde25.info\/index.php\/wp-json\/wp\/v2\/media?parent=1433"}],"wp:term":[{"taxonomy":"category","embeddable":true,"href":"https:\/\/monde25.info\/index.php\/wp-json\/wp\/v2\/categories?post=1433"},{"taxonomy":"post_tag","embeddable":true,"href":"https:\/\/monde25.info\/index.php\/wp-json\/wp\/v2\/tags?post=1433"}],"curies":[{"name":"wp","href":"https:\/\/api.w.org\/{rel}","templated":true}]}}