{"id":14572,"date":"2025-08-24T00:03:45","date_gmt":"2025-08-23T22:03:45","guid":{"rendered":"https:\/\/monde25.info\/index.php\/2025\/08\/24\/la-leyen-veut-faire-de-leurope-la-vassale-des-usa-les-maitres-du-monde-sott-net\/"},"modified":"2025-08-24T00:03:45","modified_gmt":"2025-08-23T22:03:45","slug":"la-leyen-veut-faire-de-leurope-la-vassale-des-usa-les-maitres-du-monde-sott-net","status":"publish","type":"post","link":"https:\/\/monde25.info\/index.php\/2025\/08\/24\/la-leyen-veut-faire-de-leurope-la-vassale-des-usa-les-maitres-du-monde-sott-net\/","title":{"rendered":"La Leyen veut faire de l&rsquo;Europe la vassale des USA \u2014 Les Ma\u00eetres du Monde \u2014 Sott.net"},"content":{"rendered":"<p> <br \/>\n<\/p>\n<div>\n<div class=\"article-image-super to-center\"><a target=\"_blank\" href=\"https:\/\/fr.sott.net\/image\/s36\/732510\/full\/arton78946_1d231.jpg\" target=\"_blank\"><img decoding=\"async\" src=\"https:\/\/fr.sott.net\/image\/s36\/732510\/super\/arton78946_1d231.jpg\" alt=\"ytfhjg\" title=\"Cliquer pour agrandir\"\/><\/a><\/div>\n<p>Forc\u00e9ment tenue par le dossier Pfizer et l&rsquo;\u00e9vaporation des r\u00e9trocommissions sur le deal \u00e0 71 milliards entre l&rsquo;UE et les grands labos sans passer par la case d\u00e9mocratie, c&rsquo;est-\u00e0-dire la validation par le Parlement et le peuple europ\u00e9ens, Leyen a c\u00e9d\u00e9 sur tout face \u00e0 Trump, qui lui a mis son gaz de schiste, son armement ch\u00e9rot et ses tarifs douaniers en pleine face.<\/p>\n<p><span class=\"BoldGrey\">N\u00e8gre de Maison-Blanche<\/span><\/p>\n<p>La presse mainstream elle-m\u00eame, malgr\u00e9 son europ\u00e9isme b\u00e9at, est oblig\u00e9e de reconna\u00eetre l&rsquo;arnaque, mais ne se pose pas la question de pourquoi l&rsquo;ordure \u00e0 la t\u00eate de la corruption europ\u00e9enne a pu accepter aussi facilement l&rsquo;entube.<\/p>\n<p>Trois semaines apr\u00e8s l&rsquo;humiliante s\u00e9quence \u00e9cossaise subie par Ursula von der Leyen sur le golf de Donald Trump, l&rsquo;Europe et les \u00c9tats-Unis ont publi\u00e9 le document final : une <strong>\u00ab d\u00e9claration commune \u00bb qui acte la reddition europ\u00e9enne d\u00e9guis\u00e9e en partenariat.<\/strong> Le commissaire europ\u00e9en Maros Sefcovic, charg\u00e9 du commerce, a tent\u00e9 de faire bonne figure en qualifiant d&rsquo;accord-cadre \u00ab \u00e9quitable et \u00e9quilibr\u00e9 \u00bb ce qui s&rsquo;av\u00e8re \u00eatre la premi\u00e8re facture de protection pay\u00e9e par l&rsquo;Union europ\u00e9enne au parrain am\u00e9ricain. Les \u00ab concessions \u00bb am\u00e9ricaines portent, en v\u00e9rit\u00e9, sur des produits dont les \u00c9tats-Unis ont besoin et ne sont pas de r\u00e9els renoncements commerciaux. (<em>Le Point<\/em>)<\/p>\n<p>En r\u00e9alit\u00e9, Trump se sert de l&rsquo;ill\u00e9gitimit\u00e9 de Leyen dans un r\u00e9gime europ\u00e9iste honni et de sa soumission catastrophique \u00e0 l&rsquo;OTAN (c&rsquo;est une Allemande) pour lui imposer un deal win-lose. La corrompue, ici en anglais, n&rsquo;a m\u00eame pas face \u00e0 la cam\u00e9ra de concession US \u00e0 s&rsquo;opposer \u00e0 cette gifle. Une d\u00e9faite totale en rase campagne des troupes europ\u00e9ennes, d\u00e9sarm\u00e9es au pr\u00e9alable par l&rsquo;ennemi am\u00e9ricain.<\/p>\n<p><iframe loading=\"lazy\" width=\"600\" height=\"771\" src=\"https:\/\/www.sott.net\/embed\/bJIKSiNw3XRkr-aUwLCSp4BBntc\" allowfullscreen=\"\"><\/iframe><\/p>\n<p><iframe loading=\"lazy\" width=\"600\" height=\"722\" src=\"https:\/\/www.sott.net\/embed\/yrTlYL1B1hYZjOUN3xjh7wQmiLU\" allowfullscreen=\"\"><\/iframe><\/p>\n<p>La vassalisation de l&rsquo;Europe n&rsquo;est pas nouvelle, monsieur L\u00e9aument : elle est inscrite dans les \u00ab statuts \u00bb de la Communaut\u00e9 europ\u00e9enne \u00e0 travers ses fondateurs, notamment Monnet et Schuman. On a peine \u00e0 voir Leyen, si dure avec les Europ\u00e9ens, ramper devant les Am\u00e9ricains. C&rsquo;est un agent double, \u00e0 n&rsquo;en pas douter. Qu&rsquo;elle soit sous le coup d&rsquo;un MICE ou pas, l&rsquo;effet est le m\u00eame : elle trahit et punit l&rsquo;UE pour le compte des \u00c9tats-Unis et de ses multinationales, point barre.<\/p>\n<div class=\"article-image-super to-center\"><a target=\"_blank\" href=\"https:\/\/fr.sott.net\/image\/s36\/732508\/full\/_6562_35c4a.jpg\" target=\"_blank\"><img decoding=\"async\" loading=\"lazy\" src=\"https:\/\/fr.sott.net\/image\/s36\/732508\/super\/_6562_35c4a.jpg\" alt=\"tfghu\" title=\"Cliquer pour agrandir\"\/><\/a><\/div>\n<p>Toutes ses d\u00e9cisions importantes et personnelles (!) vont dans ce sens, et le silence de la majorit\u00e9 des d\u00e9put\u00e9s europ\u00e9ens, qui n&rsquo;ont en r\u00e9alit\u00e9 aucun pouvoir, est \u00e9loquent : ils devraient d\u00e9missionner en masse, mais la soupe est trop bonne ! C&rsquo;est l&rsquo;IA qui le dit :<\/p>\n<blockquote class=\"typ1\"><p>\n<em>Un d\u00e9put\u00e9 europ\u00e9en per\u00e7oit un salaire<\/em> <strong><em>brut mensuel d&rsquo;environ 10 802 \u20ac<\/em><\/strong> <em>(ou 10 927 \u20ac brut selon une autre source) et, apr\u00e8s d\u00e9ductions fiscales et sociales europ\u00e9ennes, un net d&rsquo;environ 8 420 \u20ac (ou 8 517 \u20ac net), auxquels s&rsquo;ajoutent une indemnit\u00e9 de frais g\u00e9n\u00e9raux de 4 202 \u20ac et une indemnit\u00e9 journali\u00e8re de subsistance. Ils b\u00e9n\u00e9ficient aussi du remboursement des frais de voyage, d&rsquo;une assurance maladie et, apr\u00e8s leur mandat, d&rsquo;une indemnit\u00e9 transitoire et potentiellement d&rsquo;une pension \u00e0 l&rsquo;\u00e2ge de 63 ans.<\/em>\n<\/p><\/blockquote>\n<p>M\u00eame topo pour les d\u00e9put\u00e9s fran\u00e7ais qui n&rsquo;ont pas <em>d\u00e9pos\u00e9<\/em> Macron, qui tient le pays alors qu&rsquo;il ne f\u00e9d\u00e8re pas plus de 10 % des Fran\u00e7ais. Si d&rsquo;aucuns avaient besoin de la preuve d&rsquo;un pouvoir autoritaire, d&rsquo;une d\u00e9mocratie anti-majoritaire, comme le dit si bien Gauchet&#8230;<\/p>\n<blockquote class=\"typ1\"><p>\n<em>\u00ab Je crois que nous \u00e9voluons vers une d\u00e9mocratie anti-majoritaire. Les citoyens en d\u00e9duisent, assez logiquement, que \u00e7a ne sert strictement \u00e0 rien d&rsquo;aller voter. \u00bb<\/em>\n<\/p><\/blockquote>\n<p><iframe loading=\"lazy\" width=\"600\" height=\"736\" src=\"https:\/\/www.sott.net\/embed\/Wp-XJEmegQxXkq7SACojdnAs62c\" allowfullscreen=\"\"><\/iframe><\/p>\n<p>Le pays tient sur deux pattes f\u00eal\u00e9es : un PS disqualifi\u00e9 par ses trahisons successives, mais qui <em>occupe<\/em> les institutions, bloquant le pays, et un pr\u00e9sident compl\u00e8tement cram\u00e9 par ses d\u00e9lires personnels et sa diplomatie de com\u00e9die.<\/p>\n<p>La Macronie a accumul\u00e9 tellement de dossiers qu&rsquo;on ne sait m\u00eame plus par quel bout commencer, et la justice, d\u00e9j\u00e0 bien pi\u00e8tre en mati\u00e8re politique, est noy\u00e9e. Un dossier parmi tant d&rsquo;autres, la fortune des Rougon&#8230;<\/p>\n<p><iframe loading=\"lazy\" width=\"600\" height=\"662\" src=\"https:\/\/www.sott.net\/embed\/VmezlN5ORn4YSwqrYhglw4zblnJ\" allowfullscreen=\"\"><\/iframe><\/p>\n<p>En bas, dans la soute du paquebot France, on prend conscience du danger, et pas seulement pour la rentr\u00e9e sociale comme d&rsquo;habitude, avec le 10 septembre ou le 21 d\u00e9cembre. Les gens se l\u00e2chent <a target=\"_blank\" href=\"https:\/\/www.tiktok.com\/@florouet\/photo\/7538090888346504470?\">durement<\/a> sur les r\u00e9seaux sociaux, qui ne vont pas tarder \u00e0 \u00eatre ferm\u00e9s, sinon on ne voit pas comment le camp du pouvoir va pouvoir tenir. On se demande parfois si l&rsquo;oligarchie ne cherche pas le chaos total, pour enfin pouvoir tirer dans le tas, \u00e0 balles r\u00e9elles cette fois.<\/p>\n<div class=\"article-image-super to-center\"><a target=\"_blank\" href=\"https:\/\/fr.sott.net\/image\/s36\/732509\/full\/_6563_94503.jpg\" target=\"_blank\"><img decoding=\"async\" loading=\"lazy\" src=\"https:\/\/fr.sott.net\/image\/s36\/732509\/super\/_6563_94503.jpg\" alt=\"ytjr\" title=\"Cliquer pour agrandir\"\/><\/a><\/div>\n<\/p><\/div>\n<p><br \/>\n<br \/><a href=\"https:\/\/fr.sott.net\/article\/44407-La-Leyen-veut-faire-de-l-Europe-la-vassale-des-USA\" target=\"_blank\"\">Source link <\/a><\/p>\n","protected":false},"excerpt":{"rendered":"<p>Forc\u00e9ment tenue par le dossier Pfizer et l&rsquo;\u00e9vaporation des r\u00e9trocommissions sur le deal \u00e0 71 milliards entre l&rsquo;UE et les grands labos sans passer par la case d\u00e9mocratie, c&rsquo;est-\u00e0-dire la&hellip; <\/p>\n","protected":false},"author":1,"featured_media":14573,"comment_status":"open","ping_status":"open","sticky":false,"template":"","format":"standard","meta":{"footnotes":""},"categories":[1],"tags":[],"class_list":["post-14572","post","type-post","status-publish","format-standard","has-post-thumbnail","hentry","category-non-classe"],"_links":{"self":[{"href":"https:\/\/monde25.info\/index.php\/wp-json\/wp\/v2\/posts\/14572","targetHints":{"allow":["GET"]}}],"collection":[{"href":"https:\/\/monde25.info\/index.php\/wp-json\/wp\/v2\/posts"}],"about":[{"href":"https:\/\/monde25.info\/index.php\/wp-json\/wp\/v2\/types\/post"}],"author":[{"embeddable":true,"href":"https:\/\/monde25.info\/index.php\/wp-json\/wp\/v2\/users\/1"}],"replies":[{"embeddable":true,"href":"https:\/\/monde25.info\/index.php\/wp-json\/wp\/v2\/comments?post=14572"}],"version-history":[{"count":0,"href":"https:\/\/monde25.info\/index.php\/wp-json\/wp\/v2\/posts\/14572\/revisions"}],"wp:featuredmedia":[{"embeddable":true,"href":"https:\/\/monde25.info\/index.php\/wp-json\/wp\/v2\/media\/14573"}],"wp:attachment":[{"href":"https:\/\/monde25.info\/index.php\/wp-json\/wp\/v2\/media?parent=14572"}],"wp:term":[{"taxonomy":"category","embeddable":true,"href":"https:\/\/monde25.info\/index.php\/wp-json\/wp\/v2\/categories?post=14572"},{"taxonomy":"post_tag","embeddable":true,"href":"https:\/\/monde25.info\/index.php\/wp-json\/wp\/v2\/tags?post=14572"}],"curies":[{"name":"wp","href":"https:\/\/api.w.org\/{rel}","templated":true}]}}