{"id":14574,"date":"2025-08-24T01:42:38","date_gmt":"2025-08-23T23:42:38","guid":{"rendered":"https:\/\/monde25.info\/index.php\/2025\/08\/24\/les-ecologistes-affutent-leur-strategie-pour-semparer-des-mairies\/"},"modified":"2025-08-24T01:42:38","modified_gmt":"2025-08-23T23:42:38","slug":"les-ecologistes-affutent-leur-strategie-pour-semparer-des-mairies","status":"publish","type":"post","link":"https:\/\/monde25.info\/index.php\/2025\/08\/24\/les-ecologistes-affutent-leur-strategie-pour-semparer-des-mairies\/","title":{"rendered":"Les \u00c9cologistes aff\u00fbtent leur strat\u00e9gie pour s&#039;emparer des mairies"},"content":{"rendered":"<p> <br \/>\n<br \/><img loading=\"lazy\" decoding=\"async\" src=\"https:\/\/reporterre.net\/local\/cache-vignettes\/L700xH467\/afp__20250821__726j8ff__v1__highres__francepoliticspartiesecologists_1_-13ce3.jpg?1755865801\" class=\"spip_logo\" width=\"700\" height=\"467\" alt=\"\" \/><\/p>\n<p>Comme en 2020, Les \u00c9cologistes veulent une nouvelle vague verte aux municipales de 2026. Aux journ\u00e9es d&rsquo;\u00e9t\u00e9 du parti, un triple mot d&rsquo;ordre a \u00e9t\u00e9 formul\u00e9\u00a0: prot\u00e9ger, r\u00e9parer, r\u00e9sister. <br class=\"autobr\" \/><br \/>\nStrasbourg (Bas-Rhin), reportage <br class=\"autobr\" \/><br \/>\nSur la sc\u00e8ne, des \u00e9lus tout sourire. Dans la salle, des militants impatients. Le 21\u00a0ao\u00fbt, c&rsquo;est dans un amphith\u00e9\u00e2tre bond\u00e9 que se sont ouvertes les journ\u00e9es d&rsquo;\u00e9t\u00e9 des \u00c9cologistes (<span class=\"caps\">JDE<\/span>) \u00e0 Strasbourg, jusqu&rsquo;au 23\u00a0ao\u00fbt. Au micro, cadres et \u00e9lus alsaciens se sont succ\u00e9d\u00e9 pour\u00a0(\u2026)<\/p>\n<p>                    <a target=\"_blank\" href=\"https:\/\/reporterre.net\/Les-Ecologistes-affutent-leur-strategie-pour-s-emparer-des-mairies?utm_source=RSS&amp;utm_medium=RSS\">Lire la suite<\/a><\/p>\n<p>                    &#8211;<br \/>\n                        <a target=\"_blank\" href=\"https:\/\/reporterre.net\/Reportage\" rel=\"directory\">Reportage<\/a><\/p>\n<p>                    \/<br \/>\n                        <a target=\"_blank\" href=\"https:\/\/reporterre.net\/Politique\" rel=\"tag\">Politique<\/a><br \/>\n                    ,<br \/>\n                        <a target=\"_blank\" href=\"https:\/\/reporterre.net\/Municipales-2026\" rel=\"tag\">Municipales 2026<\/a><br \/>\n<br \/><br \/>\n<br \/><a href=\"https:\/\/reporterre.net\/Les-Ecologistes-affutent-leur-strategie-pour-s-emparer-des-mairies\" target=\"_blank\"\">Source link <\/a><\/p>\n","protected":false},"excerpt":{"rendered":"<p>Comme en 2020, Les \u00c9cologistes veulent une nouvelle vague verte aux municipales de 2026. Aux journ\u00e9es d&rsquo;\u00e9t\u00e9 du parti, un triple mot d&rsquo;ordre a \u00e9t\u00e9 formul\u00e9\u00a0: prot\u00e9ger, r\u00e9parer, r\u00e9sister. Strasbourg&hellip; <\/p>\n","protected":false},"author":1,"featured_media":0,"comment_status":"open","ping_status":"open","sticky":false,"template":"","format":"standard","meta":{"footnotes":""},"categories":[1],"tags":[],"class_list":["post-14574","post","type-post","status-publish","format-standard","hentry","category-non-classe"],"_links":{"self":[{"href":"https:\/\/monde25.info\/index.php\/wp-json\/wp\/v2\/posts\/14574","targetHints":{"allow":["GET"]}}],"collection":[{"href":"https:\/\/monde25.info\/index.php\/wp-json\/wp\/v2\/posts"}],"about":[{"href":"https:\/\/monde25.info\/index.php\/wp-json\/wp\/v2\/types\/post"}],"author":[{"embeddable":true,"href":"https:\/\/monde25.info\/index.php\/wp-json\/wp\/v2\/users\/1"}],"replies":[{"embeddable":true,"href":"https:\/\/monde25.info\/index.php\/wp-json\/wp\/v2\/comments?post=14574"}],"version-history":[{"count":0,"href":"https:\/\/monde25.info\/index.php\/wp-json\/wp\/v2\/posts\/14574\/revisions"}],"wp:attachment":[{"href":"https:\/\/monde25.info\/index.php\/wp-json\/wp\/v2\/media?parent=14574"}],"wp:term":[{"taxonomy":"category","embeddable":true,"href":"https:\/\/monde25.info\/index.php\/wp-json\/wp\/v2\/categories?post=14574"},{"taxonomy":"post_tag","embeddable":true,"href":"https:\/\/monde25.info\/index.php\/wp-json\/wp\/v2\/tags?post=14574"}],"curies":[{"name":"wp","href":"https:\/\/api.w.org\/{rel}","templated":true}]}}