{"id":14575,"date":"2025-08-24T02:15:43","date_gmt":"2025-08-24T00:15:43","guid":{"rendered":"https:\/\/monde25.info\/index.php\/2025\/08\/24\/defaite-et-divisions-lotan-en-pleine-crise-existentielle\/"},"modified":"2025-08-24T02:15:43","modified_gmt":"2025-08-24T00:15:43","slug":"defaite-et-divisions-lotan-en-pleine-crise-existentielle","status":"publish","type":"post","link":"https:\/\/monde25.info\/index.php\/2025\/08\/24\/defaite-et-divisions-lotan-en-pleine-crise-existentielle\/","title":{"rendered":"D\u00e9faite et divisions : l\u2019OTAN en pleine crise existentielle"},"content":{"rendered":"<p> <br \/>\n<\/p>\n<div id=\"main-content\">\n<div class=\"single-style1-wrap\">\n<div class=\"single-style1-content single-content clearfix\">\n<div class=\"thumb-wrap\"><img width=\"740\" height=\"431\" src=\"https:\/\/i0.wp.com\/reseauinternational.net\/wp-content\/uploads\/2025\/08\/Sans-titre-28-7.png?resize=740%2C431&amp;quality=100&amp;ssl=1\" class=\"attachment-blog_classic_thumb size-blog_classic_thumb wp-post-image\" alt=\"\" decoding=\"async\" fetchpriority=\"high\" srcset=\"https:\/\/i0.wp.com\/reseauinternational.net\/wp-content\/uploads\/2025\/08\/Sans-titre-28-7.png?w=800&amp;quality=100&amp;ssl=1 800w, https:\/\/i0.wp.com\/reseauinternational.net\/wp-content\/uploads\/2025\/08\/Sans-titre-28-7.png?resize=300%2C175&amp;quality=100&amp;ssl=1 300w, https:\/\/i0.wp.com\/reseauinternational.net\/wp-content\/uploads\/2025\/08\/Sans-titre-28-7.png?resize=768%2C448&amp;quality=100&amp;ssl=1 768w, https:\/\/i0.wp.com\/reseauinternational.net\/wp-content\/uploads\/2025\/08\/Sans-titre-28-7.png?resize=740%2C431&amp;quality=100&amp;ssl=1 740w\" sizes=\"(max-width: 740px) 100vw, 740px\"\/><\/div>\n<div class=\"post-content-wrap\">\n<p>par <strong>Glenn Diesen<\/strong><\/p>\n<p>Lawrence Wilkerson est un colonel \u00e0 la retraite de l\u2019arm\u00e9e am\u00e9ricaine et l\u2019ancien chef de cabinet du secr\u00e9taire d\u2019\u00c9tat des \u00c9tats-Unis. Le colonel Wilkerson soutient que l\u2019OTAN s\u2019est \u00e9puis\u00e9e, a abandonn\u00e9 la r\u00e9flexion strat\u00e9gique, la rationalit\u00e9, et n\u2019est plus adapt\u00e9e \u00e0 sa mission. L\u2019incapacit\u00e9 \u00e0 s\u2019adapter aux r\u00e9alit\u00e9s existantes et \u00e0 assurer la s\u00e9curit\u00e9 continuera de provoquer des divisions internes.<\/p>\n<p><iframe loading=\"lazy\" title=\"D\u00e9faite et divisions : l\u2019OTAN en pleine crise existentielle\" width=\"1110\" height=\"624\" src=\"https:\/\/www.youtube.com\/embed\/8uCdlNLzfJ4?feature=oembed\" frameborder=\"0\" allow=\"accelerometer; autoplay; clipboard-write; encrypted-media; gyroscope; picture-in-picture; web-share\" referrerpolicy=\"strict-origin-when-cross-origin\" allowfullscreen><\/iframe><\/p>\n<p>source : <a target=\"_blank\" href=\"https:\/\/www.youtube.com\/watch?v=8uCdlNLzfJ4\" target=\"_blank\" rel=\"noopener\" title=\"\">Glenn Diesen<\/a><\/p>\n<div class=\"sharedaddy sd-block sd-like jetpack-likes-widget-wrapper jetpack-likes-widget-unloaded\" id=\"like-post-wrapper-237719536-478453-68aa4377100d6\" data-src=\"https:\/\/widgets.wp.com\/likes\/?ver=14.8#blog_id=237719536&amp;post_id=478453&amp;origin=reseauinternational.net&amp;obj_id=237719536-478453-68aa4377100d6\" data-name=\"like-post-frame-237719536-478453-68aa4377100d6\" data-title=\"Aimer ou rebloguer\">\n<h3 class=\"sd-title\">J\u2019aime \u00e7a\u00a0:<\/h3>\n<p><span class=\"button\"><span>J\u2019aime<\/span><\/span> <span class=\"loading\">chargement\u2026<\/span><\/p>\n<p><span class=\"sd-text-color\"\/><a target=\"_blank\" class=\"sd-link-color\"\/><\/div>\n<p><meta itemscope=\"\" itemprop=\"mainEntityOfPage\" itemtype=\"https:\/\/schema.org\/WebPage\" itemid=\"https:\/\/reseauinternational.net\/defaite-et-divisions-lotan-en-pleine-crise-existentielle\/\"\/><meta itemprop=\"headline\" content=\"D\u00e9faite et divisions : l\u2019OTAN en pleine crise existentielle\"\/><span style=\"display: none;\" itemprop=\"author\" itemscope=\"\" itemtype=\"https:\/\/schema.org\/Person\"><meta itemprop=\"name\" content=\"R\u00e9seau International\"\/><\/span><span style=\"display: none;\" itemprop=\"image\" itemscope=\"\" itemtype=\"https:\/\/schema.org\/ImageObject\"><meta itemprop=\"url\" content=\"https:\/\/i0.wp.com\/reseauinternational.net\/wp-content\/uploads\/2025\/08\/Sans-titre-28-7.png?fit=800%2C467&amp;quality=100&amp;ssl=1\"\/><meta itemprop=\"width\" content=\"800\"\/><meta itemprop=\"height\" content=\"467\"\/><\/span><span style=\"display: none;\" itemprop=\"publisher\" itemscope=\"\" itemtype=\"https:\/\/schema.org\/Organization\"><span style=\"display: none;\" itemprop=\"logo\" itemscope=\"\" itemtype=\"https:\/\/schema.org\/ImageObject\"><meta itemprop=\"url\" content=\"https:\/\/reseauinternational.net\/wp-content\/uploads\/2022\/06\/Capture-de\u0301cran-2022-06-14-a\u0300-16.51.07.png\"\/><\/span><meta itemprop=\"name\" content=\"R\u00e9seau International\"\/><\/span><meta itemprop=\"datePublished\" content=\"2025-08-23T11:30:58+00:00\"\/><meta itemprop=\"dateModified\" content=\"2025-08-23T11:31:18+00:00\"\/><\/div>\n<p><!-- #post content --><\/div>\n<\/div>\n<p>\t\t    &#13;<br \/>\n    &#13;<br \/>\n    &#13;<br \/>\n    &#13;\n    <\/p><\/div>\n<p><br \/>\n<br \/><a href=\"https:\/\/reseauinternational.net\/defaite-et-divisions-lotan-en-pleine-crise-existentielle\/\" target=\"_blank\"\">Source link <\/a><\/p>\n","protected":false},"excerpt":{"rendered":"<p>par Glenn Diesen Lawrence Wilkerson est un colonel \u00e0 la retraite de l\u2019arm\u00e9e am\u00e9ricaine et l\u2019ancien chef de cabinet du secr\u00e9taire d\u2019\u00c9tat des \u00c9tats-Unis. Le colonel Wilkerson soutient que l\u2019OTAN&hellip; <\/p>\n","protected":false},"author":1,"featured_media":14576,"comment_status":"open","ping_status":"open","sticky":false,"template":"","format":"standard","meta":{"footnotes":""},"categories":[1],"tags":[],"class_list":["post-14575","post","type-post","status-publish","format-standard","has-post-thumbnail","hentry","category-non-classe"],"_links":{"self":[{"href":"https:\/\/monde25.info\/index.php\/wp-json\/wp\/v2\/posts\/14575","targetHints":{"allow":["GET"]}}],"collection":[{"href":"https:\/\/monde25.info\/index.php\/wp-json\/wp\/v2\/posts"}],"about":[{"href":"https:\/\/monde25.info\/index.php\/wp-json\/wp\/v2\/types\/post"}],"author":[{"embeddable":true,"href":"https:\/\/monde25.info\/index.php\/wp-json\/wp\/v2\/users\/1"}],"replies":[{"embeddable":true,"href":"https:\/\/monde25.info\/index.php\/wp-json\/wp\/v2\/comments?post=14575"}],"version-history":[{"count":0,"href":"https:\/\/monde25.info\/index.php\/wp-json\/wp\/v2\/posts\/14575\/revisions"}],"wp:featuredmedia":[{"embeddable":true,"href":"https:\/\/monde25.info\/index.php\/wp-json\/wp\/v2\/media\/14576"}],"wp:attachment":[{"href":"https:\/\/monde25.info\/index.php\/wp-json\/wp\/v2\/media?parent=14575"}],"wp:term":[{"taxonomy":"category","embeddable":true,"href":"https:\/\/monde25.info\/index.php\/wp-json\/wp\/v2\/categories?post=14575"},{"taxonomy":"post_tag","embeddable":true,"href":"https:\/\/monde25.info\/index.php\/wp-json\/wp\/v2\/tags?post=14575"}],"curies":[{"name":"wp","href":"https:\/\/api.w.org\/{rel}","templated":true}]}}