{"id":14577,"date":"2025-08-24T02:48:37","date_gmt":"2025-08-24T00:48:37","guid":{"rendered":"https:\/\/monde25.info\/index.php\/2025\/08\/24\/plus-de-la-moitie-des-allemands-sont-mecontents-du-gouvernement-merz-selon-un-sondage-rt-en-francais\/"},"modified":"2025-08-24T02:48:37","modified_gmt":"2025-08-24T00:48:37","slug":"plus-de-la-moitie-des-allemands-sont-mecontents-du-gouvernement-merz-selon-un-sondage-rt-en-francais","status":"publish","type":"post","link":"https:\/\/monde25.info\/index.php\/2025\/08\/24\/plus-de-la-moitie-des-allemands-sont-mecontents-du-gouvernement-merz-selon-un-sondage-rt-en-francais\/","title":{"rendered":"Plus de la moiti\u00e9 des Allemands sont m\u00e9contents du gouvernement Merz, selon un sondage \u2014 RT en fran\u00e7ais"},"content":{"rendered":"<p> <br \/>\n<br \/><img decoding=\"async\" src=\"https:\/\/mf.b37mrtl.ru\/french\/images\/2025.08\/thumbnail\/68a9f44d87f3ec16ae291fd8.jpg\" \/><\/p>\n<div>\n<p class=\"text__summary\">\n                                        Une crise de confiance secoue l&rsquo;Allemagne, selon un sondage r\u00e9cent. Seuls 26% des Allemands se disent satisfaits du gouvernement compos\u00e9 de la CDU\/CSU et du SPD. L&rsquo;AfD atteint 25% des voix, \u00e9galant la CDU\/CSU qui est \u00e0 son plus bas, et la popularit\u00e9 du Chancelier Merz chute drastiquement.\n                                    <\/p>\n<p>Plus de 60\u00a0% des Allemands sont m\u00e9contents du travail du gouvernement compos\u00e9 des\u00a0partis conservateurs Union chr\u00e9tienne-d\u00e9mocrate d&rsquo;Allemagne (CDU) et Union chr\u00e9tienne-sociale (CSU), ainsi que du\u00a0Parti social-d\u00e9mocrate (SPD) de centre gauche, selon les r\u00e9sultats d&rsquo;un <a target=\"_blank\" href=\"https:\/\/www.bild.de\/politik\/inland\/brisante-insa-umfrage-merz-verliert-afd-jetzt-gleichauf-68a8786f5d3e123a945a7d44#fromWall\" target=\"_blank\" rel=\"noopener noreferrer\">sondage<\/a> r\u00e9alis\u00e9 par l&rsquo;institut sociologique INSA pour le journal <em>Bild am Sonntag<\/em>. Ainsi, seuls 26\u00a0% des personnes interrog\u00e9es ont \u00e9valu\u00e9 positivement l&rsquo;activit\u00e9 du gouvernement.<\/p>\n<p><em>Bild am Sonntag<\/em> a indiqu\u00e9 que dans le m\u00eame temps, 57\u00a0% des habitants de l&rsquo;Allemagne se sont d\u00e9clar\u00e9s insatisfaits du travail du chancelier allemand Friedrich Merz. Seuls 28\u00a0% sont d&rsquo;un avis contraire. \u00c0 titre de comparaison, lors de son entr\u00e9e en fonction d\u00e9but mai, Friedrich Merz \u00e9tait soutenu par 49 % des Allemands.<\/p>\n<p>En outre, selon le journal allemand, le parti d&rsquo;extr\u00eame droite \u00ab\u00a0Alternative f\u00fcr Deutschland\u00a0\u00bb (AfD) a rattrap\u00e9 le bloc CDU\/CSU,\u00a0avec 25\u00a0% des voix. Pour les conservateurs, il s&rsquo;agit du pire r\u00e9sultat de ces derniers mois. Lors des \u00e9lections f\u00e9d\u00e9rales il y a six mois, la CDU\/CSU avait obtenu 28,5\u00a0% des voix.<\/p>\n<p>Les r\u00e9sultats du sondage \u00ab\u00a0refl\u00e8tent le m\u00e9contentement \u00e0 l\u2019\u00e9gard de la coalition noire-rouge (CDU\/CSU et SPD)\u00a0\u00bb,\u00a0estime Hermann Binkert, directeur de l\u2019institut de sondage INSA. \u00ab\u00a0Le SPD ne recueille toujours que 15\u00a0% des voix. Lors des \u00e9lections f\u00e9d\u00e9rales, le parti a obtenu 16,4\u00a0%, ce qui \u00e9tait \u00e0 l\u2019\u00e9poque le plus bas r\u00e9sultat de son histoire. Au total, la coalition au pouvoir ne recueille actuellement que 40\u00a0% des voix, ce qui est insuffisant pour assurer une majorit\u00e9 parlementaire \u00bb, a-t-il ajout\u00e9.<\/p>\n<p>Le sondage a \u00e9t\u00e9 r\u00e9alis\u00e9 du 21 au 22 ao\u00fbt aupr\u00e8s de 1\u00a0001 personnes. L&rsquo;enqu\u00eate sur les pr\u00e9f\u00e9rences partisanes a \u00e9t\u00e9 men\u00e9e du 18 au 22 ao\u00fbt aupr\u00e8s de 1\u00a0201 personnes.<\/p>\n<p>Le 6 mai, lors de l&rsquo;\u00e9lection du chancelier allemand\u00a0au Parlement,\u00a0Friedrich Merz n&rsquo;a pu l&#8217;emporter qu&rsquo;au second tour. Dans l&rsquo;histoire de l&rsquo;Allemagne, il n&rsquo;y\u00a0a jamais eu de pr\u00e9c\u00e9dent o\u00f9, apr\u00e8s les \u00e9lections et des n\u00e9gociations de coalition fructueuses, le candidat du parti vainqueur ait \u00e9chou\u00e9 \u00e0 \u00eatre \u00e9lu au premier tour.<\/p>\n<\/div>\n<p><br \/>\n<br \/><a href=\"https:\/\/francais.rt.com\/international\/124416-plus-moitie-allemands-sont-mecontents-gouvernement-merz-sondage\" target=\"_blank\"\">Source link <\/a><\/p>\n","protected":false},"excerpt":{"rendered":"<p>Une crise de confiance secoue l&rsquo;Allemagne, selon un sondage r\u00e9cent. Seuls 26% des Allemands se disent satisfaits du gouvernement compos\u00e9 de la CDU\/CSU et du SPD. L&rsquo;AfD atteint 25% des&hellip; <\/p>\n","protected":false},"author":1,"featured_media":14578,"comment_status":"open","ping_status":"open","sticky":false,"template":"","format":"standard","meta":{"footnotes":""},"categories":[1],"tags":[],"class_list":["post-14577","post","type-post","status-publish","format-standard","has-post-thumbnail","hentry","category-non-classe"],"_links":{"self":[{"href":"https:\/\/monde25.info\/index.php\/wp-json\/wp\/v2\/posts\/14577","targetHints":{"allow":["GET"]}}],"collection":[{"href":"https:\/\/monde25.info\/index.php\/wp-json\/wp\/v2\/posts"}],"about":[{"href":"https:\/\/monde25.info\/index.php\/wp-json\/wp\/v2\/types\/post"}],"author":[{"embeddable":true,"href":"https:\/\/monde25.info\/index.php\/wp-json\/wp\/v2\/users\/1"}],"replies":[{"embeddable":true,"href":"https:\/\/monde25.info\/index.php\/wp-json\/wp\/v2\/comments?post=14577"}],"version-history":[{"count":0,"href":"https:\/\/monde25.info\/index.php\/wp-json\/wp\/v2\/posts\/14577\/revisions"}],"wp:featuredmedia":[{"embeddable":true,"href":"https:\/\/monde25.info\/index.php\/wp-json\/wp\/v2\/media\/14578"}],"wp:attachment":[{"href":"https:\/\/monde25.info\/index.php\/wp-json\/wp\/v2\/media?parent=14577"}],"wp:term":[{"taxonomy":"category","embeddable":true,"href":"https:\/\/monde25.info\/index.php\/wp-json\/wp\/v2\/categories?post=14577"},{"taxonomy":"post_tag","embeddable":true,"href":"https:\/\/monde25.info\/index.php\/wp-json\/wp\/v2\/tags?post=14577"}],"curies":[{"name":"wp","href":"https:\/\/api.w.org\/{rel}","templated":true}]}}