{"id":14580,"date":"2025-08-24T06:07:00","date_gmt":"2025-08-24T04:07:00","guid":{"rendered":"https:\/\/monde25.info\/index.php\/2025\/08\/24\/proteines-de-lait-artificielles-la-foodtech-seduit-parlementaires-et-industriels\/"},"modified":"2025-08-24T06:07:00","modified_gmt":"2025-08-24T04:07:00","slug":"proteines-de-lait-artificielles-la-foodtech-seduit-parlementaires-et-industriels","status":"publish","type":"post","link":"https:\/\/monde25.info\/index.php\/2025\/08\/24\/proteines-de-lait-artificielles-la-foodtech-seduit-parlementaires-et-industriels\/","title":{"rendered":"Prot\u00e9ines de lait artificielles\u00a0: la foodtech s\u00e9duit parlementaires et industriels"},"content":{"rendered":"<p> <br \/>\n<br \/><img loading=\"lazy\" decoding=\"async\" src=\"https:\/\/reporterre.net\/local\/cache-vignettes\/L700xH467\/2025-07-31_reporterre_standingovation_-30-e9784.jpg?1755849482\" class=\"spip_logo\" width=\"700\" height=\"467\" alt=\"\" \/><\/p>\n<p>\u00c0 Paris, une start-up d\u00e9veloppe une technologie soutenue par l&rsquo;industrie agroalimentaire et l&rsquo;\u00c9tat. La promesse\u00a0: produire artificiellement des prot\u00e9ines de lait en \u00e9mettant moins de gaz \u00e0 effet de serre. <br class=\"autobr\" \/><br \/>\nParis, reportage <br class=\"autobr\" \/><br \/>\nDepuis la rue situ\u00e9e dans le 14<sup class=\"typo_exposants\">e<\/sup> arrondissement de Paris, difficile d&rsquo;imaginer que les anciens locaux de l&rsquo;entreprise de papier Canson et leur structure m\u00e9tallique abritent d\u00e9sormais un laboratoire. Lorsque l&rsquo;on p\u00e9n\u00e8tre \u00e0 l&rsquo;int\u00e9rieur, une dizaine de petits erlenmeyers\u00a0(\u2026)<\/p>\n<p>                    <a target=\"_blank\" href=\"https:\/\/reporterre.net\/Proteines-de-lait-artificielles-la-FoodTech-seduit-parlementaires-et-industriels?utm_source=RSS&amp;utm_medium=RSS\">Lire la suite<\/a><\/p>\n<p>                    &#8211;<br \/>\n                        <a target=\"_blank\" href=\"https:\/\/reporterre.net\/Reportage\" rel=\"directory\">Reportage<\/a><\/p>\n<p>                    \/<br \/>\n                        <a target=\"_blank\" href=\"https:\/\/reporterre.net\/Agriculture\" rel=\"tag\">Agriculture<\/a><br \/>\n                    ,<br \/>\n                        <a target=\"_blank\" href=\"https:\/\/reporterre.net\/Alimentation\" rel=\"tag\">Alimentation<\/a><br \/>\n<br \/><br \/>\n<br \/><a href=\"https:\/\/reporterre.net\/Proteines-de-lait-artificielles-la-FoodTech-seduit-parlementaires-et-industriels\" target=\"_blank\"\">Source link <\/a><\/p>\n","protected":false},"excerpt":{"rendered":"<p>\u00c0 Paris, une start-up d\u00e9veloppe une technologie soutenue par l&rsquo;industrie agroalimentaire et l&rsquo;\u00c9tat. La promesse\u00a0: produire artificiellement des prot\u00e9ines de lait en \u00e9mettant moins de gaz \u00e0 effet de serre.&hellip; <\/p>\n","protected":false},"author":1,"featured_media":0,"comment_status":"open","ping_status":"open","sticky":false,"template":"","format":"standard","meta":{"footnotes":""},"categories":[1],"tags":[],"class_list":["post-14580","post","type-post","status-publish","format-standard","hentry","category-non-classe"],"_links":{"self":[{"href":"https:\/\/monde25.info\/index.php\/wp-json\/wp\/v2\/posts\/14580","targetHints":{"allow":["GET"]}}],"collection":[{"href":"https:\/\/monde25.info\/index.php\/wp-json\/wp\/v2\/posts"}],"about":[{"href":"https:\/\/monde25.info\/index.php\/wp-json\/wp\/v2\/types\/post"}],"author":[{"embeddable":true,"href":"https:\/\/monde25.info\/index.php\/wp-json\/wp\/v2\/users\/1"}],"replies":[{"embeddable":true,"href":"https:\/\/monde25.info\/index.php\/wp-json\/wp\/v2\/comments?post=14580"}],"version-history":[{"count":0,"href":"https:\/\/monde25.info\/index.php\/wp-json\/wp\/v2\/posts\/14580\/revisions"}],"wp:attachment":[{"href":"https:\/\/monde25.info\/index.php\/wp-json\/wp\/v2\/media?parent=14580"}],"wp:term":[{"taxonomy":"category","embeddable":true,"href":"https:\/\/monde25.info\/index.php\/wp-json\/wp\/v2\/categories?post=14580"},{"taxonomy":"post_tag","embeddable":true,"href":"https:\/\/monde25.info\/index.php\/wp-json\/wp\/v2\/tags?post=14580"}],"curies":[{"name":"wp","href":"https:\/\/api.w.org\/{rel}","templated":true}]}}