{"id":14587,"date":"2025-08-24T10:32:44","date_gmt":"2025-08-24T08:32:44","guid":{"rendered":"https:\/\/monde25.info\/index.php\/2025\/08\/24\/zadistes-ecologistes-et-antifascistes-allemands-unis-pour-faire-lhistoire\/"},"modified":"2025-08-24T10:32:44","modified_gmt":"2025-08-24T08:32:44","slug":"zadistes-ecologistes-et-antifascistes-allemands-unis-pour-faire-lhistoire","status":"publish","type":"post","link":"https:\/\/monde25.info\/index.php\/2025\/08\/24\/zadistes-ecologistes-et-antifascistes-allemands-unis-pour-faire-lhistoire\/","title":{"rendered":"Zadistes, \u00e9cologistes et antifascistes allemands unis pour \u00ab\u00a0faire l&#039;histoire\u00a0\u00bb"},"content":{"rendered":"<p> <br \/>\n<br \/><img loading=\"lazy\" decoding=\"async\" src=\"https:\/\/reporterre.net\/local\/cache-vignettes\/L700xH467\/img_9362_ld_pernot_250817-91d57.jpg?1755842102\" class=\"spip_logo\" width=\"700\" height=\"467\" alt=\"\" \/><\/p>\n<p>Zadistes, \u00e9cologistes et antifascistes sont r\u00e9unis en Allemagne pour tirer les le\u00e7ons des luttes pass\u00e9es. Alors que le mouvement Ende Gel\u00e4nde f\u00eate ses 10 ans, chacun tente de planifier les combats futurs. <br class=\"autobr\" \/><br \/>\nFrancfort (Allemagne), reportage <br class=\"autobr\" \/><br \/>\nDes centaines de tentes se dressent au milieu des arbres et de la pelouse, les gratte-ciel des banques dominent l&rsquo;horizon. Zadistes, activistes \u00e9colos et militants antifascistes se r\u00e9unissent cette ann\u00e9e dans le parc public Gr\u00fcneburg, en plein c\u0153ur de la\u00a0(\u2026)<\/p>\n<p>                    <a target=\"_blank\" href=\"https:\/\/reporterre.net\/Zadistes-ecologistes-et-antifascistes-allemands-unis-pour-faire-l-histoire?utm_source=RSS&amp;utm_medium=RSS\">Lire la suite<\/a><\/p>\n<p>                    &#8211;<br \/>\n                        <a target=\"_blank\" href=\"https:\/\/reporterre.net\/Reportage\" rel=\"directory\">Reportage<\/a><\/p>\n<p>                    \/<br \/>\n                        <a target=\"_blank\" href=\"https:\/\/reporterre.net\/Europe\" rel=\"tag\">Europe<\/a><br \/>\n                    ,<br \/>\n                        <a target=\"_blank\" href=\"https:\/\/reporterre.net\/Luttes\" rel=\"tag\">Luttes<\/a><br \/>\n<br \/><br \/>\n<br \/><a href=\"https:\/\/reporterre.net\/Zadistes-ecologistes-et-antifascistes-allemands-unis-pour-faire-l-histoire\" target=\"_blank\"\">Source link <\/a><\/p>\n","protected":false},"excerpt":{"rendered":"<p>Zadistes, \u00e9cologistes et antifascistes sont r\u00e9unis en Allemagne pour tirer les le\u00e7ons des luttes pass\u00e9es. Alors que le mouvement Ende Gel\u00e4nde f\u00eate ses 10 ans, chacun tente de planifier les&hellip; <\/p>\n","protected":false},"author":1,"featured_media":0,"comment_status":"open","ping_status":"open","sticky":false,"template":"","format":"standard","meta":{"footnotes":""},"categories":[1],"tags":[],"class_list":["post-14587","post","type-post","status-publish","format-standard","hentry","category-non-classe"],"_links":{"self":[{"href":"https:\/\/monde25.info\/index.php\/wp-json\/wp\/v2\/posts\/14587","targetHints":{"allow":["GET"]}}],"collection":[{"href":"https:\/\/monde25.info\/index.php\/wp-json\/wp\/v2\/posts"}],"about":[{"href":"https:\/\/monde25.info\/index.php\/wp-json\/wp\/v2\/types\/post"}],"author":[{"embeddable":true,"href":"https:\/\/monde25.info\/index.php\/wp-json\/wp\/v2\/users\/1"}],"replies":[{"embeddable":true,"href":"https:\/\/monde25.info\/index.php\/wp-json\/wp\/v2\/comments?post=14587"}],"version-history":[{"count":0,"href":"https:\/\/monde25.info\/index.php\/wp-json\/wp\/v2\/posts\/14587\/revisions"}],"wp:attachment":[{"href":"https:\/\/monde25.info\/index.php\/wp-json\/wp\/v2\/media?parent=14587"}],"wp:term":[{"taxonomy":"category","embeddable":true,"href":"https:\/\/monde25.info\/index.php\/wp-json\/wp\/v2\/categories?post=14587"},{"taxonomy":"post_tag","embeddable":true,"href":"https:\/\/monde25.info\/index.php\/wp-json\/wp\/v2\/tags?post=14587"}],"curies":[{"name":"wp","href":"https:\/\/api.w.org\/{rel}","templated":true}]}}