{"id":1459,"date":"2024-12-03T23:44:22","date_gmt":"2024-12-03T22:44:22","guid":{"rendered":"https:\/\/monde25.info\/index.php\/2024\/12\/03\/en-parlant-enfin-de-genocide-les-medias-se-preparent-un-alibi-enfant-de-la-societe-sott-net\/"},"modified":"2024-12-03T23:44:22","modified_gmt":"2024-12-03T22:44:22","slug":"en-parlant-enfin-de-genocide-les-medias-se-preparent-un-alibi-enfant-de-la-societe-sott-net","status":"publish","type":"post","link":"https:\/\/monde25.info\/index.php\/2024\/12\/03\/en-parlant-enfin-de-genocide-les-medias-se-preparent-un-alibi-enfant-de-la-societe-sott-net\/","title":{"rendered":"en parlant enfin de \u00ab g\u00e9nocide \u00bb, les m\u00e9dias se pr\u00e9parent un alibi \u2014 Enfant de la Soci\u00e9t\u00e9 \u2014 Sott.net"},"content":{"rendered":"<p> <br \/>\n<\/p>\n<div>\n      Ce ne sont ni la Cour internationale de Justice, ni les \u00c9tats non occidentaux, ni les organisations de d\u00e9fense des droits de l&rsquo;homme, ni les Palestiniens qui ont utilis\u00e9 le terme \u00ab g\u00e9nocide \u00bb avec une \u00ab l\u00e9g\u00e8ret\u00e9 excessive \u00bb. C&rsquo;est le <em>Guardian<\/em> qui est arriv\u00e9 \u00e0 cette conclusion bien trop tard.<br \/>\n<\/p>\n<div class=\"article-image-super to-center\"><a target=\"_blank\" href=\"https:\/\/fr.sott.net\/image\/s35\/719259\/full\/Russia_strategy_1024x575.jpg\" target=\"_blank\"><img decoding=\"async\" src=\"https:\/\/fr.sott.net\/image\/s35\/719259\/super\/Russia_strategy_1024x575.jpg\" alt=\"jhgt\" title=\"Cliquer pour agrandir\"\/><\/a><\/div>\n<p>Avec une mauvaise foi caract\u00e9ristique, le <em>Guardian<\/em> a permis \u00e0 l&rsquo;une de ses \u00e9ditorialistes de publier <a target=\"_blank\" href=\"https:\/\/www.theguardian.com\/commentisfree\/2024\/nov\/06\/we-are-witnessing-the-final-stage-of-genocide-in-gaza\">un article d&rsquo;opinion<\/a> s&rsquo;interrogeant sur l&rsquo;opportunit\u00e9 d&rsquo;utiliser, enfin, le terme \u00ab g\u00e9nocide \u00bb pour qualifier ce qui se d\u00e9roule \u00e0 Gaza depuis treize mois. Vous serez peut-\u00eatre soulag\u00e9s d&rsquo;apprendre que le journal estime qu&rsquo;il est d\u00e9sormais acceptable d&rsquo;utiliser le mot tabou de \u00ab g\u00e9nocide \u00bb pour d\u00e9crire l&rsquo;an\u00e9antissement continu de l&rsquo;enclave et de sa population.<\/p>\n<p><span class=\"BoldGrey\">\u00ab Nous assistons \u00e0 la phase finale du g\u00e9nocide \u00e0 Gaza \u00bb, <\/span><a target=\"_blank\" href=\"https:\/\/www.theguardian.com\/commentisfree\/2024\/nov\/06\/we-are-witnessing-the-final-stage-of-genocide-in-gaza\"><span class=\"BoldGrey\">article du <\/span><em><span class=\"BoldGrey\">Guardian<\/span><\/em><\/a><span class=\"BoldGrey\"> du 6 novembre 2024<\/span><\/p>\n<p>Le <em>Guardian<\/em> ouvre ce d\u00e9bat dix mois apr\u00e8s que les juges de la Cour internationale de Justice &#8211; la plus haute autorit\u00e9 judiciaire au monde, peu connue pour son radicalisme &#8211; ont admis que les avocats sud-africains avaient pr\u00e9sent\u00e9 des arguments \u00ab plausibles \u00bb pour d\u00e9montrer que les actions d&rsquo;Isra\u00ebl \u00e0 Gaza correspondaient \u00e0 la d\u00e9finition stricte du g\u00e9nocide en droit international [lire le plaidoyer de l&rsquo;Afrique du Sud \u00e0 la Cour internationale de Justice : <a target=\"_blank\" href=\"https:\/\/blogs.mediapart.fr\/alain-marshal\/blog\/160124\/cour-internationale-de-justice-le-comportement-genocidaire-disrael-gaza\">le comportement g\u00e9nocidaire d&rsquo;Isra\u00ebl \u00e0 Gaza<\/a> et <a target=\"_blank\" href=\"https:\/\/blogs.mediapart.fr\/alain-marshal\/blog\/020224\/cour-internationale-de-justice-les-intentions-genocidaires-disrael-gaza\">les intentions g\u00e9nocidaires d&rsquo;Isra\u00ebl \u00e0 Gaza<\/a>]. Depuis cette d\u00e9cision rendue en janvier, les conditions de vie dans l&rsquo;enclave se sont consid\u00e9rablement d\u00e9t\u00e9rior\u00e9es.<\/p>\n<p>Comme je l&rsquo;ai r\u00e9cemment soulign\u00e9, le <em>Guardian<\/em> \u2014 comme l&rsquo;ensemble des m\u00e9dias occidentaux \u2014 a maintenu une interdiction tacite de l&rsquo;usage du mot \u00ab g\u00e9nocide \u00bb, sauf dans les d\u00e9bats juridiques sp\u00e9cifiques \u00e0 l&rsquo;affaire port\u00e9e devant la CIJ. Des <a target=\"_blank\" href=\"https:\/\/novaramedia.com\/2024\/10\/18\/discontent-deepens-among-guardian-staff-over-palestine-double-standard\/\">employ\u00e9s lanceurs d&rsquo;alerte<\/a> ont confi\u00e9 \u00e0 <strong>Novara Media<\/strong> qu&rsquo;ils \u00e9taient soumis \u00e0 un \u00ab contr\u00f4le \u00e9touffant \u00bb de la part des r\u00e9dacteurs en chef, une pression qui, selon eux, n&rsquo;existait que lorsqu&rsquo;il s&rsquo;agissait de publier des articles critiques envers Isra\u00ebl.<\/p>\n<p>Alors, pourquoi ce changement soudain de position de la part du journal &#8211; \u00e0 supposer qu&rsquo;il ne s&rsquo;agisse pas simplement d&rsquo;une petite concession destin\u00e9e \u00e0 apaiser le m\u00e9contentement croissant d&rsquo;une partie de ses lecteurs ?<\/p>\n<p>Une des r\u00e9ponses pourrait \u00eatre que l&rsquo;article publi\u00e9 par <strong>Novara Media<\/strong> a caus\u00e9 un embarras consid\u00e9rable au journal. Le personnel du <em>Guardian<\/em> a \u00e9galement r\u00e9v\u00e9l\u00e9 \u00e0 Novara que le journal avait retir\u00e9 de ses pages un article d&rsquo;opinion r\u00e9dig\u00e9 par Susan Abulhawa, une \u00e9minente auteure palestinienne, apr\u00e8s qu&rsquo;elle a insist\u00e9 pour utiliser le terme \u00ab holocauste \u00bb afin de d\u00e9crire ce qu&rsquo;elle avait observ\u00e9 \u00e0 Gaza.<\/p>\n<p>La r\u00e9dactrice en chef, Kath Viner, avait propos\u00e9 \u00e0 Abulhawa un \u00ab compromis \u00bb \u2014 que Viner consid\u00e9rait sans doute comme tr\u00e8s g\u00e9n\u00e9reux \u2014 en lui permettant exceptionnellement d&rsquo;utiliser le terme \u00ab g\u00e9nocide \u00bb \u00e0 la place. En refusant cette proposition, Abulhawa a pris le <em>Guardian<\/em> au d\u00e9pourvu.<\/p>\n<p>Cet \u00e9pisode a attir\u00e9 l&rsquo;attention sur le fait que le <em>Guardian<\/em> a surveill\u00e9 \u00e9troitement le langage utilis\u00e9 \u00e0 propos de Gaza, traitant comme extraordinairement controvers\u00e9e toute caract\u00e9risation du massacre comme un g\u00e9nocide, ce qui a contribu\u00e9 \u00e0 permettre \u00e0 Isra\u00ebl de poursuivre ce g\u00e9nocide.<\/p>\n<p>Il y a une autre raison probable expliquant ce changement de position.<\/p>\n<p>Le <em>Guardian<\/em> permet ce d\u00e9bat tr\u00e8s tardivement \u2014 au moment o\u00f9, comme le reconna\u00eet le titre de l&rsquo;article, le g\u00e9nocide atteint sa \u00ab phase finale \u00bb.<\/p>\n<p>L&rsquo;auteure de l&rsquo;article d&rsquo;opinion, Arwa Mahdawi, cite divers chiffres d&rsquo;experts qui situent le nombre r\u00e9el de morts dans les centaines de milliers, plut\u00f4t que dans les dizaines de milliers \u2014 un fait \u00e9vident depuis de nombreux mois pour les observateurs ne s&rsquo;inclinant pas devant les sensibilit\u00e9s d&rsquo;Isra\u00ebl et de ses apologistes [voir <a target=\"_blank\" href=\"https:\/\/alainmarshal.org\/2024\/07\/13\/compter-les-morts-a-gaza-une-tache-difficile-mais-essentielle-the-lancet\/\">Compter les morts \u00e0 Gaza : une t\u00e2che difficile mais essentielle (The Lancet)<\/a>].<\/p>\n<p>Il est pratiquement impossible d&rsquo;ignorer que le \u00ab plan des g\u00e9n\u00e9raux \u00bb pour le nord de Gaza \u2014 intensification des bombardements isra\u00e9liens, expulsion de 400 000 Palestiniens d&rsquo;environ la moiti\u00e9 de leur minuscule territoire et extermination de toute personne restant sur place qualifi\u00e9e de \u00ab terroriste \u00bb \u2014 constitue un g\u00e9nocide au sens propre [voir <a target=\"_blank\" href=\"https:\/\/blogs.mediapart.fr\/alain-marshal\/blog\/081124\/exterminer-expulser-recoloniser-les-objectifs-disrael-au-nord-de-gaza\">Exterminer, expulser, recoloniser : les objectifs d&rsquo;Isra\u00ebl au nord de Gaza<\/a>].<\/p>\n<p>Avec Gaza d\u00e9truite, une grande partie de sa population morte ou gri\u00e8vement bless\u00e9e, affam\u00e9e, priv\u00e9e des soins m\u00e9dicaux les plus basiques, <strong>il est peut-\u00eatre d\u00e9j\u00e0 trop tard pour stopper ce g\u00e9nocide.<\/strong><\/p>\n<p>Le <em>Guardian<\/em> se pr\u00e9pare un alibi avant que la poussi\u00e8re ne retombe et que le v\u00e9ritable bilan n&rsquo;effraie m\u00eame les soutiens d&rsquo;Isra\u00ebl. Le journal doit d&rsquo;urgence rationaliser ses longs mois d&rsquo;obscurcissement et de procrastination, et pr\u00e9senter ses excuses avant l&rsquo;arriv\u00e9e de Donald Trump \u00e0 la Maison-Blanche. Cet article d&rsquo;opinion est son moyen d&rsquo;y parvenir.<\/p>\n<p>Malgr\u00e9 cela, le journal s&rsquo;efforce de transformer en vertu ses longs mois d&rsquo;\u00e9chec \u2014 durant lesquels il a, avec le reste des m\u00e9dias du syst\u00e8me, accord\u00e9 \u00e0 Isra\u00ebl la libert\u00e9 de perp\u00e9trer un g\u00e9nocide \u00e0 Gaza en le pr\u00e9sentant \u00e0 tort comme une \u00ab guerre contre le Hamas \u00bb.<\/p>\n<p>Article original en anglais : <a target=\"_blank\" href=\"https:\/\/www.jonathan-cook.net\/blog\/2024-11-08\/guardian-permits-term-genocide\/\">A year late, the Guardian finally permits us to use the term &lsquo;genocide&rsquo;<\/a>, Jonathan Cook, le 8 novembre 2024<\/p>\n<p><em>Traduction : <a target=\"_blank\" href=\"https:\/\/blogs.mediapart.fr\/alain-marshal\/blog\/241124\/gaza-en-parlant-enfin-de-genocide-les-medias-se-preparent-un-alibi\">Alain Marshall pour son blog<\/a><\/em>\n\t\t<\/p>\n<\/div>\n<p><br \/>\n<br \/><a href=\"https:\/\/fr.sott.net\/article\/44142-Gaza-en-parlant-enfin-de-genocide-les-medias-se-preparent-un-alibi\" target=\"_blank\"\">Source link <\/a><\/p>\n","protected":false},"excerpt":{"rendered":"<p>Ce ne sont ni la Cour internationale de Justice, ni les \u00c9tats non occidentaux, ni les organisations de d\u00e9fense des droits de l&rsquo;homme, ni les Palestiniens qui ont utilis\u00e9 le&hellip; <\/p>\n","protected":false},"author":1,"featured_media":1460,"comment_status":"open","ping_status":"open","sticky":false,"template":"","format":"standard","meta":{"footnotes":""},"categories":[1],"tags":[],"class_list":["post-1459","post","type-post","status-publish","format-standard","has-post-thumbnail","hentry","category-non-classe"],"_links":{"self":[{"href":"https:\/\/monde25.info\/index.php\/wp-json\/wp\/v2\/posts\/1459","targetHints":{"allow":["GET"]}}],"collection":[{"href":"https:\/\/monde25.info\/index.php\/wp-json\/wp\/v2\/posts"}],"about":[{"href":"https:\/\/monde25.info\/index.php\/wp-json\/wp\/v2\/types\/post"}],"author":[{"embeddable":true,"href":"https:\/\/monde25.info\/index.php\/wp-json\/wp\/v2\/users\/1"}],"replies":[{"embeddable":true,"href":"https:\/\/monde25.info\/index.php\/wp-json\/wp\/v2\/comments?post=1459"}],"version-history":[{"count":0,"href":"https:\/\/monde25.info\/index.php\/wp-json\/wp\/v2\/posts\/1459\/revisions"}],"wp:featuredmedia":[{"embeddable":true,"href":"https:\/\/monde25.info\/index.php\/wp-json\/wp\/v2\/media\/1460"}],"wp:attachment":[{"href":"https:\/\/monde25.info\/index.php\/wp-json\/wp\/v2\/media?parent=1459"}],"wp:term":[{"taxonomy":"category","embeddable":true,"href":"https:\/\/monde25.info\/index.php\/wp-json\/wp\/v2\/categories?post=1459"},{"taxonomy":"post_tag","embeddable":true,"href":"https:\/\/monde25.info\/index.php\/wp-json\/wp\/v2\/tags?post=1459"}],"curies":[{"name":"wp","href":"https:\/\/api.w.org\/{rel}","templated":true}]}}