{"id":14596,"date":"2025-08-24T13:17:32","date_gmt":"2025-08-24T11:17:32","guid":{"rendered":"https:\/\/monde25.info\/index.php\/2025\/08\/24\/sophie-bessis-la-civilisation-judeo-chretienne-anatomie-dune-imposture-2\/"},"modified":"2025-08-24T13:17:32","modified_gmt":"2025-08-24T11:17:32","slug":"sophie-bessis-la-civilisation-judeo-chretienne-anatomie-dune-imposture-2","status":"publish","type":"post","link":"https:\/\/monde25.info\/index.php\/2025\/08\/24\/sophie-bessis-la-civilisation-judeo-chretienne-anatomie-dune-imposture-2\/","title":{"rendered":"Sophie Bessis. La civilisation jud\u00e9o-chr\u00e9tienne ; Anatomie d&rsquo;une imposture"},"content":{"rendered":"<p> <br \/>\n<\/p>\n<div id=\"\">\n<p>Sophie Bessis. Un esprit universel tourn\u00e9 vers le monde qui souffre. Citons, parmi d\u2019autres ouvrages, <i>L\u2019arme alimentaire<\/i>, <i>La faim dans le monde<\/i>, <i>Les enfants du Sahel<\/i>, <i>L\u2019Occident et les autres<\/i>, <i>Je vous \u00e9cris d\u2019une autre rive<\/i>.<\/p>\n<p>L\u2019imposture d\u00e9nonc\u00e9e dans ce bref ouvrage m\u00e9ritait de l\u2019\u00eatre depuis quelque temps. L\u2019expression \u00ab\u00a0civilisation jud\u00e9o-chr\u00e9tienne\u00a0\u00bb ne repose scientifiquement sur rien mais elle est \u00ab\u00a0satur\u00e9e d\u2019id\u00e9ologie\u00a0\u00bb. Elle trompe bien un monde qui serait partag\u00e9 entre elle et toutes les autres. Elle n\u2019a pourtant pas ralli\u00e9 tous les chr\u00e9tiens puisque dans l\u2019Am\u00e9rique du Centre et du Sud, dans l\u2019Afrique centrale et australe, elle est quasi inexistante. En revanche, elle est tr\u00e8s vivace en Isra\u00ebl, en particulier depuis que Benjamin Netanyahou l\u2019a utilis\u00e9 pour se poser en d\u00e9fenseur de la civilisation contre la barbarie musulmane.<\/p>\n<p>Sophie Bessis rappelle la formule de Paul Val\u00e9ry pour qui l\u2019Europe \u00e9tait un \u00ab\u00a0petit appendice de l\u2019Asie.\u00a0\u00bb, et elle convoque Champollion\u00a0: \u00ab\u00a0Il est \u00e9vident, pour moi comme pour tous ceux qui ont bien vu l\u2019Egypte,n que les arts ont commenc\u00e9 en Gr\u00e8ce par une imitaion servile des arts de l\u2019Egypte.\u00a0\u00bb<\/p>\n<p>Apr\u00e8s le nazisme, tout a th\u00e9oriquement bascul\u00e9\u00a0: \u00ab\u00a0l\u2019antis\u00e9mitisme a \u00e9t\u00e9 remplac\u00e9 par une jud\u00e9ophilie officielle qui dicte en partie aux dirigeants leur politique et qui semble en \u00eatre l\u2019inqui\u00e9tant miroir.\u00a0\u00bb<\/p>\n<p>Il est vrai que les pers\u00e9cutions des Juifs ne datent pas d\u2019hier. En 1546, Luther suppliait les magistrats \u00ab\u00a0d\u2019exercer une piti\u00e9 s\u00e9v\u00e8re contre ces mis\u00e9rables\u00a0\u00bb et il leur demandait d\u2019incendier les synagogues, de les forcer \u00e0 travailler, voire de les \u00ab\u00a0expulser comme des chiens enrag\u00e9s\u00a0\u00bb. On imposa aux Juifs des v\u00eatements sp\u00e9cifique, on leur interdit les emplois publics, on les enferma dans des quartiers qu\u2019ils ne pouvaient plus quitter. Le terme et la pratique de ghetto fut impos\u00e9 aux XVI\u00e8me si\u00e8cle aux Juifs en Italie. Il impliquait une s\u00e9paration d\u2019avec la population non juive et l\u2019autorisation d\u2019exercer certaines activit\u00e9s sous le contr\u00f4le de l\u2019Etat., dans un environnement d\u2019autant plus d\u00e9grad\u00e9 qu\u2019il \u00e9tait s\u00e9gr\u00e9gu\u00e9. A l\u2019origine, le mot ghetto se pronon\u00e7ait jetto car on y jetait les scories de cuivre d\u2019une ancienne fonderie du ghetto de Venise. Bessis rappelle fort opportun\u00e9ment que \u00ab\u00a0le paroxysme antis\u00e9mite du nazisme n\u2019aurait pu advenir sans ces si\u00e8cles de tradition antijuive.<\/p>\n<p>Apr\u00e8s la Seconde Guerre mondiale, comment l\u2019Occident exterminateur a-t-il retrouv\u00e9 \u00ab\u00a0l\u2019innocence perdue\u00a0\u00bb\u00a0? Il a non seulement port\u00e9 Isra\u00ebl sur les fonds baptismaux (sic) et il a ensuite \u00ab\u00a0d\u00e9fendu inconditionnellement la politique expansionniste jusqu\u2019\u00e0 cautionner la colonisation syst\u00e9matique de ce qui restait de Palestine apr\u00e8s la fondation de l\u2019Etat et la guerre de 1948.\u00a0\u00bb<\/p>\n<p>Et pourtant, selon Bessis, l\u2019islam y a mis du sien. Dans le Coran, Abraham appara\u00eet \u00e0 67 reprises contre 51 fois pour Mahomet. Marie est la femme la plus cit\u00e9e et la plus v\u00e9n\u00e9r\u00e9e. L\u2019islam se situe donc \u00ab\u00a0dans une \u00e9vidente continuit\u00e9 avec les courants spirituels du temps de sa naissance.\u00a0\u00bb Et l\u2019on sait que, \u00e0 partir du XII\u00e8me si\u00e8cle, les universit\u00e9s europ\u00e9ennes ont \u00e9t\u00e9 \u00ab\u00a0profond\u00e9ment influenc\u00e9e\u00a0\u00bbs par l\u2019Andalou Averro\u00e8s, de son vrai nom Ibn Rochd, fin connaisseur de l\u2019\u0153uvre de celui en qui beaucoup voient le \u00ab\u00a0pr\u00e9curseur de la pens\u00e9e de la Renaissance\u00a0\u00bb.<\/p>\n<p>Pour Sophie Bessis, la diff\u00e9rence entre le juda\u00efsme et les deux autres religions du Livre est qu\u2019il est demeur\u00e9 une \u00ab\u00a0religion tribale r\u00e9serv\u00e9e au peuple que Dieu aurait \u00e9lu. Il a eu un moment pros\u00e9lyte entre le Ier le III\u00e8me si\u00e8cle mais il a vite \u00e9t\u00e9 confin\u00e9, ou s\u2019est autoconfin\u00e9, dans un habitus communautaire dont il n\u2019est pas vraiment sorti. A l\u2019inverse, le christianisme puis l\u2019islam ont d\u2019embl\u00e9e affich\u00e9 une pr\u00e9tention universelle, s\u2019adressant \u00e0 tous les hommes sans distinction d\u2019appartenance.\u00a0\u00bb Et puis, en Europe, la stigmatisation de l\u2019islam est devenu \u00ab\u00a0un v\u00e9ritable genre litt\u00e9raire, comme dans la chanson de Roland o\u00f9 les Basques ont \u00e9t\u00e9 opportun\u00e9ment transform\u00e9s en Sarrasins.\u00a0\u00bb Mais on verra Fran\u00e7ois Ier faire alliance avec le sultan Soliman contre Charles Quint.<\/p>\n<p>Aujourd\u2019hui, dans le monde musulman, la pr\u00e9sence des Juifs se fait de plus en plus rare. Il reste quelques milliers de Juifs au Maroc, en Tunisie, en Turquie ou en Iran. L\u2019Alg\u00e9rie se distingue par un v\u00e9ritable antis\u00e9mitisme d\u2019Etat. Par ailleurs, l\u2019entr\u00e9e des \u00e9lites juives dans la modernit\u00e9 europ\u00e9enne \u00e0 partir du XIX\u00e8me si\u00e8cle s\u2019est op\u00e9r\u00e9e de concert avec la \u00ab\u00a0r\u00e9pudiation de la part orientale\u00a0\u00bb. Pour Theodor Herzl, le sionisme \u00e9tait \u00ab\u00a0exclusivement europ\u00e9en\u00a0\u00bb. Isra\u00ebl fut dirig\u00e9, pendant les premi\u00e8res d\u00e9cennies de son existence, par des intellectuels europ\u00e9ens qui n\u2019avaient de la Palestine qu\u2019une connaissance livresque. Aujourd\u2019hui, l\u2019Etat h\u00e9breu a aid\u00e9 \u00e0 la \u00ab\u00a0g\u00e9n\u00e9ralisation du couple jud\u00e9o-chr\u00e9tien\u00a0\u00bb. Pour Netanyahou, \u00ab\u00a0l\u2019Europe se termine en Isra\u00ebl\u00a0\u00bb, en poste avanc\u00e9 de la civilisation jud\u00e9o-chr\u00e9tienne. Et il ira m\u00eame jusqu\u2019\u00e0 affirmer, sur la cha\u00eene d\u2019information LCI, \u00e0 l\u2019adresse des Fran\u00e7ais, que \u00ab\u00a0<a target=\"_blank\" href=\"https:\/\/www.facebook.com\/watch\/?v=449733957753416\" class=\"spip_out\" rel=\"external\">notre victoire c\u2019est votre victoire contre la barbarie.<\/a>\u00a0\u00bb<\/p>\n<p>Sophie Bessis insiste cons\u00e9quemment sur le danger de la confusion entre Juifs et Isra\u00e9liens\u00a0: \u00ab\u00a0si Isra\u00ebl repr\u00e9sente tous les Juifs, ceux-l\u00e0 deviennent comptables des crimes commis en leur nom, alors que l\u2019Etat h\u00e9breu est en train de glisser du statut de victime \u00e0 celui de bourreau.<\/p>\n<p>Paris, Les Liens qui lib\u00e8rent, 2025.<\/p>\n<p>PS\u00a0: lire un entretien entre <a target=\"_blank\" href=\"https:\/\/www.youtube.com\/watch?v=Zyua670rUTs\" class=\"spip_out\" rel=\"external\">Pascale Boniface et Sophie Bessis<\/a>.<\/p>\n<\/div>\n<p><br \/>\n<br \/><a href=\"https:\/\/www.legrandsoir.info\/sophie-bessis-la-civilisation-judeo-chretienne-anatomie-d-une-imposture-40672.html\" target=\"_blank\"\">Source link <\/a><\/p>\n","protected":false},"excerpt":{"rendered":"<p>Sophie Bessis. Un esprit universel tourn\u00e9 vers le monde qui souffre. Citons, parmi d\u2019autres ouvrages, L\u2019arme alimentaire, La faim dans le monde, Les enfants du Sahel, L\u2019Occident et les autres,&hellip; <\/p>\n","protected":false},"author":1,"featured_media":14597,"comment_status":"open","ping_status":"open","sticky":false,"template":"","format":"standard","meta":{"footnotes":""},"categories":[1],"tags":[],"class_list":["post-14596","post","type-post","status-publish","format-standard","has-post-thumbnail","hentry","category-non-classe"],"_links":{"self":[{"href":"https:\/\/monde25.info\/index.php\/wp-json\/wp\/v2\/posts\/14596","targetHints":{"allow":["GET"]}}],"collection":[{"href":"https:\/\/monde25.info\/index.php\/wp-json\/wp\/v2\/posts"}],"about":[{"href":"https:\/\/monde25.info\/index.php\/wp-json\/wp\/v2\/types\/post"}],"author":[{"embeddable":true,"href":"https:\/\/monde25.info\/index.php\/wp-json\/wp\/v2\/users\/1"}],"replies":[{"embeddable":true,"href":"https:\/\/monde25.info\/index.php\/wp-json\/wp\/v2\/comments?post=14596"}],"version-history":[{"count":0,"href":"https:\/\/monde25.info\/index.php\/wp-json\/wp\/v2\/posts\/14596\/revisions"}],"wp:featuredmedia":[{"embeddable":true,"href":"https:\/\/monde25.info\/index.php\/wp-json\/wp\/v2\/media\/14597"}],"wp:attachment":[{"href":"https:\/\/monde25.info\/index.php\/wp-json\/wp\/v2\/media?parent=14596"}],"wp:term":[{"taxonomy":"category","embeddable":true,"href":"https:\/\/monde25.info\/index.php\/wp-json\/wp\/v2\/categories?post=14596"},{"taxonomy":"post_tag","embeddable":true,"href":"https:\/\/monde25.info\/index.php\/wp-json\/wp\/v2\/tags?post=14596"}],"curies":[{"name":"wp","href":"https:\/\/api.w.org\/{rel}","templated":true}]}}