{"id":14598,"date":"2025-08-24T14:23:29","date_gmt":"2025-08-24T12:23:29","guid":{"rendered":"https:\/\/monde25.info\/index.php\/2025\/08\/24\/le-bresil-suspend-un-accord-historique-contre-la-deforestation\/"},"modified":"2025-08-24T14:23:29","modified_gmt":"2025-08-24T12:23:29","slug":"le-bresil-suspend-un-accord-historique-contre-la-deforestation","status":"publish","type":"post","link":"https:\/\/monde25.info\/index.php\/2025\/08\/24\/le-bresil-suspend-un-accord-historique-contre-la-deforestation\/","title":{"rendered":"Le Br\u00e9sil suspend un accord historique contre la d\u00e9forestation"},"content":{"rendered":"<p> <br \/>\n<br \/><img loading=\"lazy\" decoding=\"async\" src=\"https:\/\/reporterre.net\/local\/cache-vignettes\/L700xH467\/48585413831_329e1b3e75_h_1_-ff0a0.jpg?1755789639\" class=\"spip_logo\" width=\"700\" height=\"467\" alt=\"\" \/><\/p>\n<p>\u00c0 moins de trois mois du lancement de la <span class=\"caps\">COP30<\/span>, le Br\u00e9sil envoie un tr\u00e8s mauvais signal. Le 18\u00a0ao\u00fbt, l&rsquo;autorit\u00e9 de la concurrence du pays a suspendu le moratoire sur le soja. Internationalement reconnu, cet accord \u2014 en vigueur depuis pr\u00e8s de vingt ans \u2014 interdisait jusqu&rsquo;ici l&rsquo;achat de soja cultiv\u00e9 dans les territoires amazoniens d\u00e9forest\u00e9s apr\u00e8s 2008. <br class=\"autobr\" \/><br \/>\n\u00ab<small class=\"fine d-inline\">\u00a0<\/small>Acter le d\u00e9mant\u00e8lement d&rsquo;un accord efficace [\u2026], au nom de la libert\u00e9 de d\u00e9forester, serait une terrible erreur<small class=\"fine d-inline\">\u00a0<\/small>\u00bb, a r\u00e9agi Cristiane\u00a0(\u2026)<\/p>\n<p>                    <a target=\"_blank\" href=\"https:\/\/reporterre.net\/Le-Bresil-suspend-un-accord-historique-contre-la-deforestation?utm_source=RSS&amp;utm_medium=RSS\">Lire la suite<\/a><\/p>\n<p>                    &#8211;<br \/>\n                        <a target=\"_blank\" href=\"https:\/\/reporterre.net\/Breves-20\" rel=\"directory\">En bref<\/a><\/p>\n<p>                    \/<br \/>\n                        <a target=\"_blank\" href=\"https:\/\/reporterre.net\/Forets-tropicales\" rel=\"tag\">For\u00eats tropicales<\/a><br \/>\n<br \/><br \/>\n<br \/><a href=\"https:\/\/reporterre.net\/Le-Bresil-suspend-un-accord-historique-contre-la-deforestation\" target=\"_blank\"\">Source link <\/a><\/p>\n","protected":false},"excerpt":{"rendered":"<p>\u00c0 moins de trois mois du lancement de la COP30, le Br\u00e9sil envoie un tr\u00e8s mauvais signal. Le 18\u00a0ao\u00fbt, l&rsquo;autorit\u00e9 de la concurrence du pays a suspendu le moratoire sur&hellip; <\/p>\n","protected":false},"author":1,"featured_media":0,"comment_status":"open","ping_status":"open","sticky":false,"template":"","format":"standard","meta":{"footnotes":""},"categories":[1],"tags":[],"class_list":["post-14598","post","type-post","status-publish","format-standard","hentry","category-non-classe"],"_links":{"self":[{"href":"https:\/\/monde25.info\/index.php\/wp-json\/wp\/v2\/posts\/14598","targetHints":{"allow":["GET"]}}],"collection":[{"href":"https:\/\/monde25.info\/index.php\/wp-json\/wp\/v2\/posts"}],"about":[{"href":"https:\/\/monde25.info\/index.php\/wp-json\/wp\/v2\/types\/post"}],"author":[{"embeddable":true,"href":"https:\/\/monde25.info\/index.php\/wp-json\/wp\/v2\/users\/1"}],"replies":[{"embeddable":true,"href":"https:\/\/monde25.info\/index.php\/wp-json\/wp\/v2\/comments?post=14598"}],"version-history":[{"count":0,"href":"https:\/\/monde25.info\/index.php\/wp-json\/wp\/v2\/posts\/14598\/revisions"}],"wp:attachment":[{"href":"https:\/\/monde25.info\/index.php\/wp-json\/wp\/v2\/media?parent=14598"}],"wp:term":[{"taxonomy":"category","embeddable":true,"href":"https:\/\/monde25.info\/index.php\/wp-json\/wp\/v2\/categories?post=14598"},{"taxonomy":"post_tag","embeddable":true,"href":"https:\/\/monde25.info\/index.php\/wp-json\/wp\/v2\/tags?post=14598"}],"curies":[{"name":"wp","href":"https:\/\/api.w.org\/{rel}","templated":true}]}}