{"id":1465,"date":"2024-12-04T03:06:16","date_gmt":"2024-12-04T02:06:16","guid":{"rendered":"https:\/\/monde25.info\/index.php\/2024\/12\/04\/le-tchad-ne-veut-plus-de-cooperation-militaire-avec-la-france\/"},"modified":"2024-12-04T03:06:16","modified_gmt":"2024-12-04T02:06:16","slug":"le-tchad-ne-veut-plus-de-cooperation-militaire-avec-la-france","status":"publish","type":"post","link":"https:\/\/monde25.info\/index.php\/2024\/12\/04\/le-tchad-ne-veut-plus-de-cooperation-militaire-avec-la-france\/","title":{"rendered":"Le Tchad ne veut plus de coop\u00e9ration militaire avec la France"},"content":{"rendered":"<p> <br \/>\n<\/p>\n<div>\n<p>Le gouvernement tchadien a annonc\u00e9 le 28 novembre 2024, dans un <a target=\"_blank\" href=\"https:\/\/tchadinfos.com\/tchad-fin-de-laccord-de-cooperation-en-matiere-de-defense-avec-la-france\/\">communiqu\u00e9<\/a> publi\u00e9 par le minist\u00e8re des Affaires \u00e9trang\u00e8res, qu\u2019il mettait fin \u00e0 de l\u2019accord de coop\u00e9ration en mati\u00e8re de d\u00e9fense r\u00e9vis\u00e9 et sign\u00e9 avec la France le 5 septembre 2019. N\u2019Djamena a pris cette d\u00e9cision apr\u00e8s \u00ab <em>une analyse approfondie<\/em> \u00bb, parce qu\u2019il \u00ab <em>est temps que le Tchad affirme sa souverainet\u00e9 pleine et enti\u00e8re, et red\u00e9finisse ses partenariats strat\u00e9giques selon les priorit\u00e9s nationales<\/em> \u00bb.<\/p>\n<p>Cette r\u00e9siliation respecte les dispositions pr\u00e9vues par l\u2019accord, notamment un d\u00e9lai de pr\u00e9avis. Le Tchad exprime sa gratitude envers Paris pour la coop\u00e9ration men\u00e9e dans le cadre de cet accord et s\u2019engage \u00e0 collaborer avec les autorit\u00e9s fran\u00e7aises pour assurer une transition harmonieuse. Il souligne aussi que cette d\u00e9cision ne remet pas en cause les liens d\u2019amiti\u00e9 historiques entre les deux nations\u00a0: \u201cLe Tchad reste d\u00e9termin\u00e9 \u00e0 entretenir des relations constructives avec la France dans d\u2019autres domaines d\u2019int\u00e9r\u00eat commun, au b\u00e9n\u00e9fice des deux peuples\u201d, indique le communiqu\u00e9.<\/p>\n<p><img decoding=\"async\" data-entity-uuid=\"2f5b9a99-b38b-45ac-a339-6056272d7487\" data-entity-type=\"file\" width=\"1284\" height=\"723\" loading=\"lazy\" class=\"lazyload\" src=\"https:\/\/www.francesoir.fr\/sites\/default\/files\/inline-images\/afrique.png\"\/><\/p>\n<p>Cette d\u00e9cision, qualifi\u00e9e de \u201ctournant historique\u201d, s\u2019inscrit dans une volont\u00e9 d\u2019affirmer la souverainet\u00e9 nationale du Tchad apr\u00e8s 66 ans d\u2019ind\u00e9pendance et de prendre ses distances avec l\u2019ancien pays colonisateur. Le Tchad a \u00e9t\u00e9 d\u2019abord un protectorat fran\u00e7ais \u00e0 partir de 1900, puis une colonie dans le cadre de l\u2019Afrique \u00e9quatoriale fran\u00e7aise (AEF) en 1920\u00a0; devenu r\u00e9publique autonome en 1958, le Tchad acc\u00e9da \u00e0 l\u2019ind\u00e9pendance le 11 ao\u00fbt 1960. Depuis,<strong> <\/strong>la France \u00e9tait rest\u00e9e un partenaire dans les domaines militaire et s\u00e9curitaire et c\u2019est au Tchad qu\u2019il y a le plus fort contingent fran\u00e7ais sur tout le continent africain.<\/p>\n<p>L\u2019Op\u00e9ration \u00c9pervier symbolise cette relation\u00a0: lanc\u00e9e en 1986 pour contrer l\u2019expansion libyenne dans le nord du Tchad, cette intervention militaire fran\u00e7aise s\u2019est transform\u00e9e au fil des ann\u00e9es en une mission de stabilisation du pouvoir tchadien, jusqu\u2019en 2014 o\u00f9 elle a \u00e9t\u00e9 dissoute. Les soldats fran\u00e7ais \u00e9taient aussi intervenus en 2019 contre les incursions de colonnes rebelles arm\u00e9es. Mais, en octobre 2024, la France n\u2019a pas accept\u00e9 d\u2019aider le Tchad lors de l\u2019op\u00e9ration Haskanite contre le groupe islamiste Boko Haram dans le Lac Tchad.<\/p>\n<p>Pourtant, la pr\u00e9sence militaire fran\u00e7aise au Tchad a souvent \u00e9t\u00e9 questionn\u00e9e depuis les ann\u00e9es 1970. Ainsi,<\/p>\n<ul>\n<li>en 1975, suite au coup d&rsquo;\u00c9tat ayant renvers\u00e9 Fran\u00e7ois Tombalbaye, le pr\u00e9sident F\u00e9lix Malloum avait demand\u00e9 le d\u00e9part des troupes fran\u00e7aises\u00a0;<\/li>\n<li>en 1998, le chanteur Alpha Blondy lan\u00e7ait son c\u00e9l\u00e8bre appel <a target=\"_blank\" href=\"https:\/\/www.paroles.net\/alpha-blondy\/paroles-armee-francaise\">\u00ab\u00a0Arm\u00e9e fran\u00e7aise, allez-vous-en\u00a0!\u00a0\u00bb<\/a>;\u00a0<\/li>\n<li>en mai 1922, la coalition d&rsquo;opposition Wakit Tama avait organis\u00e9 des manifestations \u00e0 N&rsquo;Djamena pour r\u00e9clamer de nouveau ce d\u00e9part\u00a0:<\/li>\n<li>en septembre 2023, plusieurs voix, dont celle du pr\u00e9sident du parti Rajet, avaient demand\u00e9 la r\u00e9siliation de l&rsquo;accord de d\u00e9fense de 2019.<\/li>\n<\/ul>\n<p><a target=\"_blank\" href=\"https:\/\/www.bbc.com\/afrique\/articles\/c207xjj3v3ko\">La d\u00e9cision officialis\u00e9e le 28 novembre 2024<\/a> s&rsquo;inscrit donc dans un cadre r\u00e9fl\u00e9chi et ancien.<\/p>\n<p><img decoding=\"async\" data-entity-uuid=\"9b8b7caf-6d2e-4609-a287-9c8feae303ad\" data-entity-type=\"file\" width=\"553\" height=\"591\" loading=\"lazy\" class=\"lazyload\" src=\"https:\/\/www.francesoir.fr\/sites\/default\/files\/inline-images\/tchad.png\"\/><\/p>\n<p>\u00a0<\/p>\n<p><strong>Jean-No\u00ebl Barrot revient d\u00e9pouill\u00e9\u2026<\/strong><\/p>\n<p>Cette annonce intervient quelques heures apr\u00e8s l\u2019arriv\u00e9e \u00e0 N\u2019Djamena du nouveau ministre des Affaires \u00e9trang\u00e8res Jean-No\u00ebl Barrot, qui a rencontr\u00e9 le pr\u00e9sident Mahamat Idriss D\u00e9by Itno. Celui-ci a d\u00e9clar\u00e9 \u00e0 son h\u00f4te que \u00ab <em>le Tchad entend assumer pleinement sa souverainet\u00e9 dans ses relations avec la France ou tout autre pays, en se lib\u00e9rant des entraves du pass\u00e9 <\/em>\u00bb.<\/p>\n<p>Il a aussi demand\u00e9 \u00e0 la France \u00ab\u00a0<em>d\u2019\u00e9pouser une diversification de la coop\u00e9ration bilat\u00e9rale visant \u00e0 int\u00e9grer des domaines tels que l\u2019\u00e9conomie, l\u2019\u00e9ducation, la recherche scientifique, la technologie et le d\u00e9veloppement dans bien des secteurs vitaux pour le Tchad comme l\u2019\u00e9levage et l\u2019agriculture<\/em>\u00a0\u00bb. Ce qui, pour M. Deby, \u00ab <em>pourra favoriser bien plus qu\u2019un enrichissement mutuel pour mieux refl\u00e9ter les besoins contemporains du Tchad, approfondissant sa vision pour une interd\u00e9pendance \u00e9quilibr\u00e9e<\/em> \u00bb.<\/p>\n<p>C\u2019est \u00e0 l\u2019issue de cette rencontre que le ministre tchadien des Affaires \u00e9trang\u00e8res Abderamane Koulamallah a d\u00e9clar\u00e9\u00a0: \u00ab <em>La France est un partenaire essentiel mais elle doit aussi consid\u00e9rer d\u00e9sormais que le Tchad a grandi, a m\u00fbri et que le Tchad est un \u00c9tat souverain et tr\u00e8s jaloux de sa souverainet\u00e9.\u00a0\u00bb<\/em><\/p>\n<p>Il est possible que le pr\u00e9sident D\u00e9by \u2013 qui a remport\u00e9 l\u2019\u00e9lection pr\u00e9sidentielle en mai 2024 apr\u00e8s avoir dirig\u00e9 le pays \u00e0 la t\u00eate d\u2019un Conseil militaire de Transition depuis avril 2021, \u00e0 la mort de son p\u00e8re le pr\u00e9sident Idriss D\u00e9by Itno \u2013 ait choisi de se rapprocher de la Russie. D\u2019une part, il s\u2019\u00e9tait rendu \u00e0 Moscou en janvier 2024 pour signer d\u2019importants accords dans des domaines comme l\u2019\u00e9nergie et la s\u00e9curit\u00e9\u00a0; d\u2019autre part, en juin 2024, Vladimir Poutine a d\u00e9p\u00each\u00e9 une d\u00e9l\u00e9gation conduite par son ministre des Affaires \u00e9trang\u00e8res, Sergei Lavrov, pour un s\u00e9jour diplomatique \u00e0 Ndjam\u00e9na.<\/p>\n<p><img decoding=\"async\" data-entity-uuid=\"5cb64b38-5bb0-406b-a88d-88955c9343ef\" data-entity-type=\"file\" width=\"1273\" height=\"717\" loading=\"lazy\" class=\"lazyload\" src=\"https:\/\/www.francesoir.fr\/sites\/default\/files\/inline-images\/poutine.jpg\"\/><\/p>\n<p>\u00a0<\/p>\n<p><strong>Portion militaire congrue en Afrique<\/strong><\/p>\n<p>Depuis que la France avait \u00e9t\u00e9 forc\u00e9e de retirer ses troupes du Mali (ao\u00fbt 2022), du Burkina Faso (f\u00e9vrier 2023) et du Niger (d\u00e9cembre 2023), le Tchad \u00e9tait le dernier pays du Sahel \u00e0 abriter des troupes fran\u00e7aises\u00a0: environ 1000 soldats et des avions de combat. M\u00eame si aucune date n\u2019a \u00e9t\u00e9 donn\u00e9e, il est probable que les contingents stationn\u00e9s \u00e0 la base a\u00e9rienne 172 \u00e0 N\u2019Djamena et \u00e0 la base capitaine Croci \u00e0 Ab\u00e9ch\u00e9, dans l\u2019est du pays et \u00e0 Faya-Largeau, dans le nord, <a target=\"_blank\" href=\"https:\/\/elwatan-dz.com\/sahel-larmee-francaise-poussee-vers-la-sortie-au-tchad-et-au-senegal\">quittent bient\u00f4t le pays<\/a>.<\/p>\n<p>La France a encore des bases en C\u00f4te d\u2019Ivoire, au S\u00e9n\u00e9gal, au Gabon et \u00e0 Djibouti. Cependant, le 28 novembre 2024, le pr\u00e9sident s\u00e9n\u00e9galais Bassirou Diomaye Fay a d\u00e9clar\u00e9 \u00e0 l\u2019AFP et \u00e0 <a target=\"_blank\" href=\"https:\/\/www.francetvinfo.fr\/monde\/afrique\/senegal\/tirailleurs-senegalais-la-france-reconnait-dans-une-lettre-un-massacre-selon-le-president-du-senegal_6925754.html\">France 2<\/a><\/p>\n<p>que la France allait devoir fermer ses bases militaires au S\u00e9n\u00e9gal. <em>\u00ab\u00a0Est-ce qu&rsquo;en tant que Fran\u00e7ais vous envisagez de nous voir dans votre pays avec des chars et des militaires s\u00e9n\u00e9galais, avec leurs tenues s\u00e9n\u00e9galaises, comme \u00e7a parce que <strong>sur le plan historique la France a esclavagis\u00e9, a colonis\u00e9, et est rest\u00e9e.<\/strong> Quand vous inversez un peu les r\u00f4les, vous concevrez tr\u00e8s mal qu\u2019une autre arm\u00e9e (la Chine, la Russie, le S\u00e9n\u00e9gal ou n\u2019importe quel autre pays) puisse avoir une base militaire en France. [\u2026] Il n\u2019y a \u00a0pas encore de d\u00e9lai [pour le d\u00e9part des 350 militaires fran\u00e7ais] mais si \u00e7a doit \u00eatre fait, les autorit\u00e9s fran\u00e7aises en auront la primeur.\u00a0\u00bb<\/em><\/p>\n<p>\u00a0<\/p>\n<p>A propos de l&rsquo;auteur :<\/p>\n<p>Jocelyne Chassard est professeure en Documentation depuis plus de 30 ans. De par son combat contre le harc\u00e8lement moral dans l\u2019\u00c9ducation nationale, elle conna\u00eet la mani\u00e8re de d\u00e9fendre les droits des citoyennes contre les abus de pouvoir des institutions. Elle a particip\u00e9 \u00e0 la r\u00e9sistance contre l&rsquo;escroquerie criminelle du covidisme entre 2020 et 2022.<\/p>\n<\/div>\n<p><script>(function(d, s, id) {  var js, fjs = d.getElementsByTagName(s)[0];  if (d.getElementById(id)) return;  js = d.createElement(s); js.id = id;  js.src = \"\/\/connect.facebook.net\/fr_FR\/sdk.js#xfbml=1&version=v2.3\";  fjs.parentNode.insertBefore(js, fjs);}(document, \"script\", \"facebook-jssdk\"));<\/script><br \/>\n<br \/><br \/>\n<br \/><a href=\"https:\/\/www.francesoir.fr\/opinions-tribunes\/le-tchad-ne-veut-plus-de-cooperation-militaire-avec-la-france\" target=\"_blank\"\">Source link <\/a><\/p>\n","protected":false},"excerpt":{"rendered":"<p>Le gouvernement tchadien a annonc\u00e9 le 28 novembre 2024, dans un communiqu\u00e9 publi\u00e9 par le minist\u00e8re des Affaires \u00e9trang\u00e8res, qu\u2019il mettait fin \u00e0 de l\u2019accord de coop\u00e9ration en mati\u00e8re de&hellip; <\/p>\n","protected":false},"author":1,"featured_media":1466,"comment_status":"open","ping_status":"open","sticky":false,"template":"","format":"standard","meta":{"footnotes":""},"categories":[1],"tags":[],"class_list":["post-1465","post","type-post","status-publish","format-standard","has-post-thumbnail","hentry","category-non-classe"],"_links":{"self":[{"href":"https:\/\/monde25.info\/index.php\/wp-json\/wp\/v2\/posts\/1465","targetHints":{"allow":["GET"]}}],"collection":[{"href":"https:\/\/monde25.info\/index.php\/wp-json\/wp\/v2\/posts"}],"about":[{"href":"https:\/\/monde25.info\/index.php\/wp-json\/wp\/v2\/types\/post"}],"author":[{"embeddable":true,"href":"https:\/\/monde25.info\/index.php\/wp-json\/wp\/v2\/users\/1"}],"replies":[{"embeddable":true,"href":"https:\/\/monde25.info\/index.php\/wp-json\/wp\/v2\/comments?post=1465"}],"version-history":[{"count":0,"href":"https:\/\/monde25.info\/index.php\/wp-json\/wp\/v2\/posts\/1465\/revisions"}],"wp:featuredmedia":[{"embeddable":true,"href":"https:\/\/monde25.info\/index.php\/wp-json\/wp\/v2\/media\/1466"}],"wp:attachment":[{"href":"https:\/\/monde25.info\/index.php\/wp-json\/wp\/v2\/media?parent=1465"}],"wp:term":[{"taxonomy":"category","embeddable":true,"href":"https:\/\/monde25.info\/index.php\/wp-json\/wp\/v2\/categories?post=1465"},{"taxonomy":"post_tag","embeddable":true,"href":"https:\/\/monde25.info\/index.php\/wp-json\/wp\/v2\/tags?post=1465"}],"curies":[{"name":"wp","href":"https:\/\/api.w.org\/{rel}","templated":true}]}}