{"id":1478,"date":"2024-12-04T08:12:14","date_gmt":"2024-12-04T07:12:14","guid":{"rendered":"https:\/\/monde25.info\/index.php\/2024\/12\/04\/en-2024-5-millions-de-francais-vivent-sous-le-seuil-de-pauvrete\/"},"modified":"2024-12-04T08:12:14","modified_gmt":"2024-12-04T07:12:14","slug":"en-2024-5-millions-de-francais-vivent-sous-le-seuil-de-pauvrete","status":"publish","type":"post","link":"https:\/\/monde25.info\/index.php\/2024\/12\/04\/en-2024-5-millions-de-francais-vivent-sous-le-seuil-de-pauvrete\/","title":{"rendered":"En 2024, 5 millions de fran\u00e7ais vivent sous le seuil de pauvret\u00e9"},"content":{"rendered":"<p> <br \/>\n<\/p>\n<div>\n<h4 class=\"p3\"><b>En France, cinq millions de personnes vivent sous le seuil de pauvret\u00e9. Mais derri\u00e8re ces chiffres, qui sont les pauvres et o\u00f9 vivent-ils ? Comment vit-on en France avec moins de 1 000 euros par mois ? <\/b><a target=\"_blank\" href=\"https:\/\/\/Users\/lou\/Downloads\/Pauvret%C3%A9%202024-2025%20%5BEMBARGO%5D.pdf\"><span class=\"s1\"><b>Dans son nouveau rapport<\/b><\/span><\/a><b>, l\u2019Observatoire des in\u00e9galit\u00e9s dresse le portrait de toute une partie de la population, vivant pourtant dans un pays parmi les plus riches au monde.<\/b><\/h4>\n<p class=\"p3\">\u00ab\u00a0<i>Comment vit-on en France avec moins de 1\u00a0000 euros par mois, le montant du seuil de pauvret\u00e9\u00a0? C\u2019est le lot de cinq millions de personnes, <strong>adultes et enfants compris<\/strong>\u00a0<\/i>\u00bb, d\u00e9nonce Louis Maurin, directeur de l\u2019Observatoire des in\u00e9galit\u00e9s, <a target=\"_blank\" href=\"https:\/\/\/Users\/lou\/Downloads\/Pauvret%C3%A9%202024-2025%20%5BEMBARGO%5D.pdf\"><span class=\"s1\">dans le pr\u00e9ambule du <strong>nouveau rapport publi\u00e9 le mardi 3 d\u00e9cembre<\/strong><\/span><\/a><strong>.<\/strong> Depuis plus de 20 ans, l\u2019organisation dresse un \u00e9tat des lieux des in\u00e9galit\u00e9s.<\/p>\n<figure id=\"attachment_689076\" aria-describedby=\"caption-attachment-689076\" style=\"width: 1024px\" class=\"wp-caption alignnone\"><img fetchpriority=\"high\" decoding=\"async\" class=\"size-medium wp-image-689076\" src=\"https:\/\/mrmondialisation.org\/wp-content\/uploads\/2024\/11\/homeless-7118410-1280-1024x717.jpg\" alt=\"\" width=\"1024\" height=\"717\" srcset=\"https:\/\/mrmondialisation.org\/wp-content\/uploads\/2024\/11\/homeless-7118410-1280-1024x717.jpg 1024w, https:\/\/mrmondialisation.org\/wp-content\/uploads\/2024\/11\/homeless-7118410-1280-768x538.jpg 768w, https:\/\/mrmondialisation.org\/wp-content\/uploads\/2024\/11\/homeless-7118410-1280-696x487.jpg 696w, https:\/\/mrmondialisation.org\/wp-content\/uploads\/2024\/11\/homeless-7118410-1280-1068x748.jpg 1068w, https:\/\/mrmondialisation.org\/wp-content\/uploads\/2024\/11\/homeless-7118410-1280-600x420.jpg 600w, https:\/\/mrmondialisation.org\/wp-content\/uploads\/2024\/11\/homeless-7118410-1280-100x70.jpg 100w, https:\/\/mrmondialisation.org\/wp-content\/uploads\/2024\/11\/homeless-7118410-1280.jpg 1280w\" sizes=\"(max-width: 1024px) 100vw, 1024px\"\/><figcaption id=\"caption-attachment-689076\" class=\"wp-caption-text\">Malgr\u00e9 le doublement des capacit\u00e9s en quelques ann\u00e9es, les lieux d\u2019accueil sont satur\u00e9s. Des milliers d\u2019adultes, de jeunes isol\u00e9s et d\u2019enfants dorment dehors chaque nuit en France. \u2013 Image : Pixabay<\/figcaption><\/figure>\n<h2 class=\"p3\"><b>Une pauvret\u00e9 en hausse depuis deux d\u00e9cennies<\/b><\/h2>\n<p class=\"p3\"><strong>En 20 ans, 1,4 million de personnes suppl\u00e9mentaires ont rejoint les rangs de la pauvret\u00e9<\/strong> dans l\u2019Hexagone et en Outre-Mer. \u00ab\u00a0<i>En 2002, 6,6 % de la population \u00e9tait pauvre. C\u2019est le point le plus bas atteint depuis 2000<\/i>\u00a0\u00bb. En 2022, la pauvret\u00e9 concerne d\u00e9sormais 8,1\u00a0% de la population, soit 1,5\u00a0point de plus.<\/p>\n<p class=\"p3\">Mais \u00eatre pauvre, c\u2019est quoi ? Pour calculer la pauvret\u00e9, plusieurs m\u00e9thodes existent. Pour l\u2019Observatoire des in\u00e9galit\u00e9s, c\u2019est <strong>vivre avec moins de la moiti\u00e9 du niveau de vie du Fran\u00e7ais du milieu<\/strong>, celui qui se situe entre les 50 % les plus pauvres et les 50 % les plus riches. Un calcul \u00e9galement retenu par l\u2019OCDE.<\/p>\n<p class=\"p3\">Concr\u00e8tement, <strong>pour une personne seule vivant en France, le seuil de pauvret\u00e9 est de 1\u00a0000 euros par mois, prestations sociales comprises.<\/strong> Pour un couple sans enfant, cela repr\u00e9sente 1 500 euros. Et pour une famille avec deux enfants de plus de 14 ans, 2 500 euros. L\u2019association constate que <strong>si \u00ab <em>la pauvret\u00e9 n\u2019explose pas\u00a0<\/em>\u00bb, elle gagne cependant du terrain.<\/strong><\/p>\n<p><img loading=\"lazy\" decoding=\"async\" class=\"alignnone size-medium wp-image-689077\" src=\"https:\/\/mrmondialisation.org\/wp-content\/uploads\/2024\/11\/poverty-4561704-1280-1024x682.jpg\" alt=\"\" width=\"1024\" height=\"682\" srcset=\"https:\/\/mrmondialisation.org\/wp-content\/uploads\/2024\/11\/poverty-4561704-1280-1024x682.jpg 1024w, https:\/\/mrmondialisation.org\/wp-content\/uploads\/2024\/11\/poverty-4561704-1280-768x512.jpg 768w, https:\/\/mrmondialisation.org\/wp-content\/uploads\/2024\/11\/poverty-4561704-1280-696x464.jpg 696w, https:\/\/mrmondialisation.org\/wp-content\/uploads\/2024\/11\/poverty-4561704-1280-1068x712.jpg 1068w, https:\/\/mrmondialisation.org\/wp-content\/uploads\/2024\/11\/poverty-4561704-1280-630x420.jpg 630w, https:\/\/mrmondialisation.org\/wp-content\/uploads\/2024\/11\/poverty-4561704-1280.jpg 1280w\" sizes=\"auto, (max-width: 1024px) 100vw, 1024px\"\/><\/p>\n<p class=\"p3\">Les donn\u00e9es d\u00e9crivent notamment <strong>une stagnation du niveau de vie m\u00e9dian des plus pr\u00e9caires.<\/strong> \u00ab\u00a0<i>En 2002, 50 % des pauvres gagnaient moins de 772 euros par mois apr\u00e8s prestations sociales. En 2022, ce niveau de vie m\u00e9dian est de 832 euros, soit seulement 60\u00a0euros suppl\u00e9mentaires<\/i> \u00bb, expliquent les auteurs du rapport. <strong>Alors m\u00eame que l\u2019inflation a explos\u00e9.<\/strong><\/p>\n<p class=\"p3\">Au quotidien, cela am\u00e8ne de nombreux renoncements et inqui\u00e9tudes. \u00ab\u00a0<i>Parmi les 20 % les plus modestes, 62 % d\u00e9clarent qu\u2019ils ne pourraient pas faire face \u00e0 une d\u00e9pense impr\u00e9vue de 1\u00a0000 euros et 56 % qu\u2019ils ne peuvent pas changer un meuble hors d\u2019usage<\/i>\u00a0\u00bb, note le rapport. Plus grave encore, environ <strong>un quart se prive de nourriture et de chauffage pour faire face aux co\u00fbts de la vie<\/strong> selon l\u2019Insee. La pauvret\u00e9 est aussi synonyme d\u2019exclusion sociale : <strong>53 % disent ne pas pouvoir partir en vacances, alors que 15\u00a0% ne peuvent pas s\u2019offrir un verre, un repas en famille ou entre amis.<\/strong><\/p>\n<blockquote>\n<p class=\"p3\"><b><i>\u00ab\u00a0Les plus pauvres des plus pauvres n\u2019ont pas de probl\u00e8me de fin de mois : ils n\u2019ont rien d\u00e8s le premier jour\u00a0\u00bb<\/i><\/b><\/p>\n<\/blockquote>\n<p class=\"p3\">Derri\u00e8re ces privations li\u00e9es \u00e0 la pauvret\u00e9 ordinaire, l\u2019extr\u00eame mis\u00e8re persiste en France. Eurostat, l\u2019Institut europ\u00e9en des statistiques, estime en 2022 qu\u2019environ <strong>600\u00a0000\u00a0personnes vivent avec moins de 400 euros par mois<\/strong> pour une personne seule en France, l\u2019\u00e9quivalent de 600 euros pour un couple sans enfant et de 1 000 euros pour un couple avec deux adolescents.<\/p>\n<figure id=\"attachment_689209\" aria-describedby=\"caption-attachment-689209\" style=\"width: 1024px\" class=\"wp-caption alignnone\"><img loading=\"lazy\" decoding=\"async\" class=\"size-full wp-image-689209\" src=\"https:\/\/mrmondialisation.org\/wp-content\/uploads\/2024\/12\/1024px-hommage-aux-8-martyrs-de-la-rue-daubagne.jpg\" alt=\"\" width=\"1024\" height=\"768\" srcset=\"https:\/\/mrmondialisation.org\/wp-content\/uploads\/2024\/12\/1024px-hommage-aux-8-martyrs-de-la-rue-daubagne.jpg 1024w, https:\/\/mrmondialisation.org\/wp-content\/uploads\/2024\/12\/1024px-hommage-aux-8-martyrs-de-la-rue-daubagne-768x576.jpg 768w, https:\/\/mrmondialisation.org\/wp-content\/uploads\/2024\/12\/1024px-hommage-aux-8-martyrs-de-la-rue-daubagne-696x522.jpg 696w, https:\/\/mrmondialisation.org\/wp-content\/uploads\/2024\/12\/1024px-hommage-aux-8-martyrs-de-la-rue-daubagne-560x420.jpg 560w, https:\/\/mrmondialisation.org\/wp-content\/uploads\/2024\/12\/1024px-hommage-aux-8-martyrs-de-la-rue-daubagne-80x60.jpg 80w, https:\/\/mrmondialisation.org\/wp-content\/uploads\/2024\/12\/1024px-hommage-aux-8-martyrs-de-la-rue-daubagne-265x198.jpg 265w\" sizes=\"auto, (max-width: 1024px) 100vw, 1024px\"\/><figcaption id=\"caption-attachment-689209\" class=\"wp-caption-text\">Hommage aux 8 martyrs de la rue d\u2019Aubagne mort \u00e0 cause de l\u2019habitat indigne. <a target=\"_blank\" href=\"https:\/\/commons.wikimedia.org\/wiki\/File:Hommage_aux_8_martyrs_de_la_rue_d%27Aubagne.jpg\">Wikimedia<\/a><\/figcaption><\/figure>\n<p class=\"p3\">En outre, <strong>quatre millions de personnes (soit 6 % de la population) sont consid\u00e9r\u00e9es comme mal log\u00e9es en France,<\/strong> selon le rapport 2024 de la Fondation Abb\u00e9 Pierre. Derri\u00e8re ces chiffres plusieurs r\u00e9alit\u00e9s se superposent : <strong>\u00ab\u00a0<i>du sans domicile fixe au jeune adulte contraint de revenir vivre chez ses parents, en passant par le couple qui vit avec son enfant dans un studio<\/i>\u00a0\u00bb<\/strong>, relate l\u2019association qui distingue l\u2019habitat inconfortable, le manque d\u2019espace et l\u2019absence de logement \u00e0 soi.<\/p>\n<div class=\"td-a-rec td-a-rec-id-content_inlineright  tdi_1 td_block_template_1\">\n<span class=\"td-adspot-title\">&#8211; Pour une information libre ! &#8211;<\/span><a target=\"_blank\" href=\"https:\/\/fr.tipeee.com\/mr-mondialisation\" class=\"tipeee-project-small\">Soutenir Mr Japanization sur Tipeee<\/a>\n<\/div>\n<p class=\"p3\">Mais qui sont les personnes les plus \u00e0 risque d\u2019\u00eatre touch\u00e9es par la pauvret\u00e9 ? L\u2019Observatoire constate :<\/p>\n<blockquote>\n<p class=\"p3\"><strong>\u00ab <i>\u00catre au ch\u00f4mage, vivre avec un handicap, subir une s\u00e9paration, \u00eatre n\u00e9 ailleurs qu\u2019en France, et surtout avoir un faible niveau de qualifications\u00a0: ces crit\u00e8res (qui peuvent se cumuler) exposent \u00e0 la pauvret\u00e9<\/i> \u00bb<\/strong><\/p>\n<\/blockquote>\n<h2><b>\u00catre pauvre, la faute \u00e0 pas de chance ?<\/b><\/h2>\n<p class=\"p3\">Attention toutefois \u00e0 ne pas se laisser avoir par les repr\u00e9sentations les plus r\u00e9pandues : \u00ab\u00a0<i>les pauvres sont aussi des hommes et des femmes d\u2019\u00e2ge moyen qui vivent en couple et ont un emploi pr\u00e9caire par exemple<\/i>\u00a0\u00bb, souligne l\u2019association. Et pour cause : en 2022, <strong>1,1 million de personnes exer\u00e7aient un emploi mais disposaient d\u2019un niveau de vie inf\u00e9rieur au seuil de pauvret\u00e9.<\/strong> Ne pas d\u00e9tenir de titre scolaire est \u00e9galement un lourd handicap pour acc\u00e9der \u00e0 un niveau de vie suffisant. Selon les donn\u00e9es 2021 de l\u2019Insee, <strong>80\u00a0% des personnes pauvres\u00a0ne sont pas all\u00e9es au-del\u00e0 du baccalaur\u00e9at et pr\u00e8s d\u2019un tiers n\u2019ont aucun dipl\u00f4me.<\/strong><\/p>\n<hr\/>\n<p><a target=\"_blank\" href=\"https:\/\/fr.tipeee.com\/mr-mondialisation\"><strong>Gratuit, sans subvention et ind\u00e9pendant depuis 10 ans, nous avons besoin de vous pour continuer ce travail en 2024. Sens-toi libre d\u2019activer un abonnement volontaire sur ce lien en offrant un th\u00e9 \u00e0 l\u2019\u00e9quipe. Merci infiniment.<\/strong><\/a><\/p>\n<hr\/>\n<p class=\"p3\">Vivre en couple semble par contre faire rempart \u00e0 la pr\u00e9carit\u00e9, puisque le taux de pauvret\u00e9 des couples sans enfant est de 4 %, et 7,1 % pour ceux qui ont des enfants, des niveaux inf\u00e9rieurs aux 8,1 % de la moyenne nationale. \u00ab <i>Celui des personnes seules de moins de 65 ans atteint 12,8 % et celui des familles monoparentales, 19,2 %, soit deux fois plus que la moyenne nationale. <strong>Plus d\u2019un million de personnes, parents et enfants compris, vivent dans une famille monoparentale avec un niveau de vie inf\u00e9rieur au seuil de pauvret\u00e9.<\/strong> <strong>Dans 80 % des cas, il s\u2019agit de femmes seules avec un ou plusieurs enfants<\/strong><\/i><strong>\u00a0\u00bb<\/strong>, note l\u2019association.<\/p>\n<figure id=\"attachment_689210\" aria-describedby=\"caption-attachment-689210\" style=\"width: 1024px\" class=\"wp-caption alignnone\"><img loading=\"lazy\" decoding=\"async\" class=\"wp-image-689210 size-medium\" src=\"https:\/\/mrmondialisation.org\/wp-content\/uploads\/2024\/12\/pexels-ivan-samkov-4491313-e1733139641984-1024x816.jpg\" alt=\"\" width=\"1024\" height=\"816\" srcset=\"https:\/\/mrmondialisation.org\/wp-content\/uploads\/2024\/12\/pexels-ivan-samkov-4491313-e1733139641984-1024x816.jpg 1024w, https:\/\/mrmondialisation.org\/wp-content\/uploads\/2024\/12\/pexels-ivan-samkov-4491313-e1733139641984-768x612.jpg 768w, https:\/\/mrmondialisation.org\/wp-content\/uploads\/2024\/12\/pexels-ivan-samkov-4491313-e1733139641984-696x555.jpg 696w, https:\/\/mrmondialisation.org\/wp-content\/uploads\/2024\/12\/pexels-ivan-samkov-4491313-e1733139641984-1068x851.jpg 1068w, https:\/\/mrmondialisation.org\/wp-content\/uploads\/2024\/12\/pexels-ivan-samkov-4491313-e1733139641984-527x420.jpg 527w, https:\/\/mrmondialisation.org\/wp-content\/uploads\/2024\/12\/pexels-ivan-samkov-4491313-e1733139641984.jpg 1280w\" sizes=\"auto, (max-width: 1024px) 100vw, 1024px\"\/><figcaption id=\"caption-attachment-689210\" class=\"wp-caption-text\">Photo de Ivan Samkov. <a target=\"_blank\" href=\"https:\/\/www.pexels.com\/fr-fr\/photo\/femme-debout-jeune-courses-4491313\/\">Pexels<\/a><\/figcaption><\/figure>\n<p class=\"p3\">Au final, <strong>seul l\u2019acc\u00e8s \u00e0 l\u2019emploi durable et correctement r\u00e9mun\u00e9r\u00e9 prot\u00e8ge vraiment.<\/strong> Alors que le taux de ch\u00f4mage tend \u00e0 diminuer dans l\u2019hexagone, l\u2019organisation d\u00e9nonce <strong>\u00ab\u00a0<i>une pr\u00e9carisation du travail<\/i>\u00a0\u00bb et le \u00ab\u00a0<i>d\u00e9veloppement d\u2019un mal-<\/i><em>emploi comparable au mal-logement <\/em>\u00bb<\/strong> qui provoquent une augmentation de la pauvret\u00e9.<\/p>\n<h2 class=\"p3\"><b>Pauvret\u00e9 : o\u00f9 se situe la France en Europe ?<\/b><b\/><\/h2>\n<p class=\"p3\">Par rapport \u00e0 ses voisins europ\u00e9ens, la France fait mieux que l\u2019Italie et l\u2019Espagne, qui affichent un seuil de pauvret\u00e9 d\u2019environ 13%. La Bulgarie (15,5%) et la Roumanie (14,8%) sont les pays o\u00f9 la part de la population pauvre est la plus importante. <strong>Les pauvres les moins pauvres d\u2019Europe habitent en Suisse et en Norv\u00e8ge<\/strong> o\u00f9 le seuil de pauvret\u00e9 d\u00e9passe 1 100 euros par mois selon les donn\u00e9es recueillies par Eurostat.<\/p>\n<p class=\"p3\">De mani\u00e8re g\u00e9n\u00e9rale, les pays du nord et de l\u2019ouest de l\u2019Europe affichent les taux de pauvret\u00e9 les plus bas au monde. Pour l\u2019Observatoire des in\u00e9galit\u00e9s, cela s\u2019explique notamment par <strong>des r\u00e9gulations sur le salaire minimum et \u00e0 de meilleurs prestations sociales pour les m\u00e9nages les plus modestes.<\/strong><\/p>\n<blockquote>\n<p class=\"p3\"><strong>\u00ab <i>Un taux de pauvret\u00e9 faible montre comment la protection sociale r\u00e9ussit \u00e0 contenir la pauvret\u00e9\u00a0<\/i>[\u2026]\u00a0<i>La fracture sociale n\u2019est pas seulement le fait de l\u2019enrichissement des plus ais\u00e9s de notre soci\u00e9t\u00e9, elle se creuse aussi par le bas<\/i>\u00a0\u00bb<\/strong><\/p>\n<\/blockquote>\n<p class=\"p3\">Finalement, le tour d\u2019horizon de la pauvret\u00e9 dress\u00e9 par l\u2019Observatoire vise une chose\u00a0: <strong>\u00ab\u00a0<i>alimenter un d\u00e9bat pour avancer vers plus de justice sociale\u00a0<\/i>\u00bb<\/strong>. Les auteurs du rapport appellent l\u2019\u00c9tat \u00e0 se saisir de cet enjeu majeur et \u00e0 arr\u00eater de \u00ab sous-traiter \u00bb l\u2019action sociale aux organismes de terrain qui se voient submerg\u00e9s.<\/p>\n<p class=\"p3\">\u00ab\u00a0<i>Obnubil\u00e9s par les sondages, focalis\u00e9s sur l\u2019immigration, les partis traditionnels, de droite comme de gauche, s\u2019int\u00e9ressent au fond assez peu \u00e0 cette question. Pourtant,<strong> la population concern\u00e9e par la pauvret\u00e9 est beaucoup plus large qu\u2019on le pense.<\/strong> (\u2026) Un tiers des Fran\u00e7ais se sentent pauvres ou craignent de le devenir dans les cinq prochaines ann\u00e9es<\/i>\u00a0\u00bb, conclut Louis Maurin.<\/p>\n<p style=\"text-align: right;\"><strong><em>\u2013 L.A.<\/em><\/strong><\/p>\n<hr\/>\n<p>Photo de couverture : Manifestation contre l\u2019habitat indigne et en soutien aux d\u00e9log\u00e9s marseillais, apr\u00e8s l\u2019effondrement des immeubles de la rue d\u2019Aubagne en 2018. Wikimedia<\/p>\n<div class=\"td-a-rec td-a-rec-id-content_bottom  tdi_2 td_block_template_1\">\n<span class=\"td-adspot-title\">&#8211; Cet article gratuit et ind\u00e9pendant existe gr\u00e2ce \u00e0 vous &#8211;<\/span><\/p>\n<div class=\"td-all-devices\">\n    <a target=\"_blank\" href=\"https:\/\/mrmondialisation.org\/donation\/\" title=\"Faire_un_don\"><img decoding=\"async\" class=\"donationArticle\" src=\"https:\/\/mrmondialisation.org\/wp-content\/uploads\/2022\/12\/220405-flikalicious-final.jpg\" alt=\"Donation\"\/><\/a>\n<\/div>\n<\/div><\/div>\n<p><br \/>\n<br \/><a href=\"https:\/\/mrmondialisation.org\/pauvrete-2024-france\/\" target=\"_blank\"\">Source link <\/a><\/p>\n","protected":false},"excerpt":{"rendered":"<p>En France, cinq millions de personnes vivent sous le seuil de pauvret\u00e9. Mais derri\u00e8re ces chiffres, qui sont les pauvres et o\u00f9 vivent-ils ? Comment vit-on en France avec moins&hellip; <\/p>\n","protected":false},"author":1,"featured_media":1479,"comment_status":"open","ping_status":"open","sticky":false,"template":"","format":"standard","meta":{"footnotes":""},"categories":[1],"tags":[],"class_list":["post-1478","post","type-post","status-publish","format-standard","has-post-thumbnail","hentry","category-non-classe"],"_links":{"self":[{"href":"https:\/\/monde25.info\/index.php\/wp-json\/wp\/v2\/posts\/1478","targetHints":{"allow":["GET"]}}],"collection":[{"href":"https:\/\/monde25.info\/index.php\/wp-json\/wp\/v2\/posts"}],"about":[{"href":"https:\/\/monde25.info\/index.php\/wp-json\/wp\/v2\/types\/post"}],"author":[{"embeddable":true,"href":"https:\/\/monde25.info\/index.php\/wp-json\/wp\/v2\/users\/1"}],"replies":[{"embeddable":true,"href":"https:\/\/monde25.info\/index.php\/wp-json\/wp\/v2\/comments?post=1478"}],"version-history":[{"count":0,"href":"https:\/\/monde25.info\/index.php\/wp-json\/wp\/v2\/posts\/1478\/revisions"}],"wp:featuredmedia":[{"embeddable":true,"href":"https:\/\/monde25.info\/index.php\/wp-json\/wp\/v2\/media\/1479"}],"wp:attachment":[{"href":"https:\/\/monde25.info\/index.php\/wp-json\/wp\/v2\/media?parent=1478"}],"wp:term":[{"taxonomy":"category","embeddable":true,"href":"https:\/\/monde25.info\/index.php\/wp-json\/wp\/v2\/categories?post=1478"},{"taxonomy":"post_tag","embeddable":true,"href":"https:\/\/monde25.info\/index.php\/wp-json\/wp\/v2\/tags?post=1478"}],"curies":[{"name":"wp","href":"https:\/\/api.w.org\/{rel}","templated":true}]}}