{"id":148,"date":"2024-11-15T05:05:27","date_gmt":"2024-11-15T04:05:27","guid":{"rendered":"https:\/\/monde25.info\/index.php\/2024\/11\/15\/le-silence-de-letat-est-assourdissant\/"},"modified":"2024-11-15T05:05:27","modified_gmt":"2024-11-15T04:05:27","slug":"le-silence-de-letat-est-assourdissant","status":"publish","type":"post","link":"https:\/\/monde25.info\/index.php\/2024\/11\/15\/le-silence-de-letat-est-assourdissant\/","title":{"rendered":"\u00ab\u00a0Le silence de l\u2019\u00c9tat est assourdissant\u00a0\u00bb"},"content":{"rendered":"<p> <br \/>\n<\/p>\n<div>\n<p>Alors que les mobilisations des agriculteurs <a target=\"_blank\" href=\"https:\/\/reporterre.net\/Un-coup-de-poignard-les-agriculteurs-denoncent-le-traite-UE-Mercosur\">risquent de reprendre de plus belle<\/a>, les \u00e9cologistes sont la cible d\u2019agressions et de violences de la part de syndicats agricoles productivistes. L\u2019association France Nature Environnement (<span class=\"caps\">FNE<\/span>) a eu droit au cours des derni\u00e8res semaines \u00e0 au moins quatre actions de la Coordination rurale contre ses antennes locales dans le Limousin, la Creuse et les Pyr\u00e9n\u00e9es-Orientales. Son pr\u00e9sident, Antoine Gatet, d\u00e9nonce l\u2019instrumentalisation de la col\u00e8re des agriculteurs par ces syndicats. Il appelle \u00e0 traiter les vrais probl\u00e8mes que subit aujourd\u2019hui le monde agricole.<\/p>\n<p><strong>Reporterre \u2014 Dans <a target=\"_blank\" href=\"https:\/\/fne.asso.fr\/actualites\/ecolo-bashing-les-agressions-degradations-et-menaces-conduites-par-la-coordination\" class=\"spip_out\" rel=\"external\">un communiqu\u00e9<\/a>, vous dites que <span class=\"caps\">FNE<\/span> est r\u00e9guli\u00e8rement prise pour cible et agress\u00e9e par des syndicats agricoles, que se passe-t-il<small class=\"fine d-inline\">\u00a0<\/small>?<\/strong><\/p>\n<p><strong>Antoine Gatet \u2014<\/strong> On nous emp\u00eache tout simplement de faire exister un d\u00e9bat public sur la question de l\u2019agriculture et de l\u2019environnement. Des conf\u00e9rences avec des m\u00e9decins sur la pollution li\u00e9e aux pesticides sont perturb\u00e9es, nos locaux sont d\u00e9grad\u00e9s, des s\u00e9ances au cin\u00e9ma sont envahies, des d\u00e9chets sont d\u00e9vers\u00e9s devant le domicile de nos adh\u00e9rents, certains sont m\u00eame agress\u00e9s physiquement et verbalement. R\u00e9cemment, la conjointe d\u2019un responsable associatif a re\u00e7u des pierres et du lisier a \u00e9t\u00e9 jet\u00e9 devant chez eux. Ces syndicats tentent de nous faire peur et de nous intimider.<\/p>\n<p>Tous ces actes font l\u2019objet de plaintes, syst\u00e9matiquement class\u00e9es sans suite, parfois sans enqu\u00eates. Alors m\u00eame que les personnes et les syndicats agricoles commanditaires de ces faits se sentent tellement au-dessus des lois, qu\u2019ils les signent, les publient et revendiquent leurs forfaits sur les r\u00e9seaux sociaux. Il faut que cela cesse. Imm\u00e9diatement.<\/p>\n<div class=\"spip_document_86174 spip_document spip_documents spip_document_image spip_documents_center spip_document_center spip_document_avec_legende\" data-legende-len=\"77\" data-legende-lenx=\"xx\">\n<figure class=\"spip_doc_inner\">\n      <picture><source type=\"image\/webp\" srcset=\"https:\/\/reporterre.net\/local\/cache-vignettes\/L1050xH700\/ga1h61iaqaa3ejl_1_-2-d1f5c.jpg@.webp?1731595768\"><img decoding=\"async\" src=\"https:\/\/reporterre.net\/IMG\/jpg\/ga1h61iaqaa3ejl_1_-2.jpg\" width=\"1200\" height=\"800\" loading=\"lazy\" alt=\"\"\/><br \/>\n    <\/source><\/picture><figcaption class=\"spip_doc_legende\">\n<p>La Maison de l\u2019environnement Occitanie vandalis\u00e9e le 26\u00a0octobre 2024.<br \/>\n<i>\u00a9 FNE<\/i><\/p>\n<\/figcaption><\/figure>\n<\/p><\/div>\n<p><strong>Pourquoi les \u00e9cologistes sont-ils devenus des \u00ab<small class=\"fine d-inline\">\u00a0<\/small>boucs \u00e9missaires<small class=\"fine d-inline\">\u00a0<\/small>\u00bb<small class=\"fine d-inline\">\u00a0<\/small>?<\/strong><\/p>\n<p>Parce que l\u2019\u00c9tat a abandonn\u00e9 sa mission de d\u00e9fense de l\u2019int\u00e9r\u00eat g\u00e9n\u00e9ral environnemental, ce n\u2019est plus le minist\u00e8re de l\u2019\u00c9cologie ni les grands \u00e9tablissements publics qui portent ce message. Si nous, la soci\u00e9t\u00e9 civile, ne menons plus ce r\u00f4le d\u2019information et d\u2019alerte, personne ne le fera. L\u2019\u00c9tat a renonc\u00e9. Il a abandonn\u00e9 les scientifiques et les citoyens, <a target=\"_blank\" href=\"https:\/\/reporterre.net\/L-etonnant-laxisme-de-l-Etat-face-a-la-colere-des-agro-industriels\">au profit des syndicats agro-industriels<\/a> et leur discours de haine.<\/p>\n<p><strong>Face \u00e0 la recrudescence de ces actes, qu\u2019allez-vous faire<small class=\"fine d-inline\">\u00a0<\/small>?<\/strong><\/p>\n<p>J\u2019ai demand\u00e9 \u00e0 la ministre de la Transition \u00e9cologique <i>[Agn\u00e8s Pannier-Runacher]<\/i> qu\u2019il y ait une r\u00e9action publique rapide. C\u2019est inadmissible que l\u2019on soit menac\u00e9s de cette mani\u00e8re en d\u00e9mocratie. Imaginez, si c\u2019\u00e9tait nous qui commettions ces violences, si l\u2019on faisait ce que l\u2019on subit, imaginez la r\u00e9action unanime qu\u2019il y aurait dans la presse et au sein du monde politique pour nous traiter d\u2019<i>\u00ab<small class=\"fine d-inline\">\u00a0<\/small>\u00e9coterroristes<small class=\"fine d-inline\">\u00a0<\/small>\u00bb<\/i>, de <i>\u00ab<small class=\"fine d-inline\">\u00a0<\/small>d\u00e9linquants<small class=\"fine d-inline\">\u00a0<\/small>\u00bb<\/i>, etc.. L\u00e0, le silence est assourdissant.<\/p>\n<div class=\"spip_document_86171 spip_document spip_documents spip_document_image spip_documents_center spip_document_center spip_document_avec_legende\" data-legende-len=\"132\" data-legende-lenx=\"xxx\">\n<figure class=\"spip_doc_inner\">\n      <picture><source type=\"image\/webp\" srcset=\"https:\/\/reporterre.net\/local\/cache-vignettes\/L1050xH612\/ga1h61dbeaauwxl-e6baa.jpg@.webp?1731595413\"><img decoding=\"async\" src=\"https:\/\/reporterre.net\/IMG\/jpg\/ga1h61dbeaauwxl.jpg\" width=\"1170\" height=\"682\" loading=\"lazy\" alt=\"\"\/><br \/>\n    <\/source><\/picture><figcaption class=\"spip_doc_legende\">\n<p>La Maison de l\u2019environnement Occitanie vandalis\u00e9e le 26\u00a0octobre 2024. On peut y voir des affiches de la Coordination rurale.<br \/>\n<i>\u00a9 FNE<\/i><\/p>\n<\/figcaption><\/figure>\n<\/p><\/div>\n<p><strong>Un an apr\u00e8s les premiers blocages d\u2019agriculteurs, pourquoi la col\u00e8re n\u2019est-elle toujours pas retomb\u00e9e<small class=\"fine d-inline\">\u00a0<\/small>?<\/strong><\/p>\n<p>Tout simplement parce que les vrais sujets \u00e0 l\u2019origine de la crise agricole n\u2019ont pas \u00e9t\u00e9 trait\u00e9s<small class=\"fine d-inline\">\u00a0<\/small>! Ces vrais sujets, ce sont les conditions de travail des agriculteurs et des agricultrices, leurs revenus, les pratiques qui les rendent malades et qui d\u00e9truisent l\u2019emploi, le libre-\u00e9change, etc.<\/p>\n<p>Ce sont des sujets sur lesquels, nous, associations environnementales, avons travaill\u00e9 main dans la main avec le monde agricole au d\u00e9but du mouvement. La crise agricole a commenc\u00e9 avec une col\u00e8re l\u00e9gitime et une critique profonde du mod\u00e8le dans lequel les agriculteurs sont enferm\u00e9s. Ce mouvement a ensuite \u00e9t\u00e9 r\u00e9cup\u00e9r\u00e9 par la <span class=\"caps\">FNSEA<\/span> <i>[syndicat agricole majoritaire et productiviste]<\/i>. Je suis hallucin\u00e9 de voir que les agriculteurs qui se r\u00e9voltent \u00e0 cause de leurs revenus sont toujours repr\u00e9sent\u00e9s par <a target=\"_blank\" href=\"https:\/\/reporterre.net\/Arnaud-Rousseau-pompier-pyromane-a-la-tete-de-la-FNSEA\">Arnaud Rousseau<\/a>, qui est un industriel businessman, responsable d\u2019une \u00e9norme soci\u00e9t\u00e9 agroalimentaire Avril, et qui exploite plus de 600 hectares de c\u00e9r\u00e9ales. Il est tout sauf repr\u00e9sentatif de ces agriculteurs en souffrance<small class=\"fine d-inline\">\u00a0<\/small>!<\/p>\n<p>Il y a eu, fin janvier, une n\u00e9gociation avec le gouvernement. <a target=\"_blank\" href=\"https:\/\/reporterre.net\/L-ecologie-bouc-emissaire-de-la-colere-agricole\">Les mesures pr\u00f4n\u00e9es<\/a> continuent de soutenir l\u2019agriculture industrielle et le mod\u00e8le intensif. Il n\u2019y a eu aucune r\u00e9ponse apport\u00e9e aux probl\u00e9matiques, soulev\u00e9es \u00e0 la base. C\u2019est tout \u00e0 fait logique que le mouvement reprenne de l\u2019ampleur.<\/p>\n<p><strong>La loi d\u2019orientation agricole et les concessions faites par le gouvernement en janvier n\u2019ont donc pas \u00e9t\u00e9 efficaces<small class=\"fine d-inline\">\u00a0<\/small>?<\/strong><\/p>\n<p>C\u2019est m\u00eame pire, elles ont eu un effet pervers \u00e9norme. D\u2019un commun accord entre le gouvernement et ces syndicats \u2014 la <span class=\"caps\">FNSEA<\/span> et la Coordination rurale\u00a0\u2014, on a transf\u00e9r\u00e9 la responsabilit\u00e9 de la crise agricole, de la question de l\u2019industrialisation des pratiques, \u00e0 une question environnementale. En disant <i>\u00ab<small class=\"fine d-inline\">\u00a0<\/small>C\u2019est la faute des normes, des contr\u00f4les et des \u00e9colos<small class=\"fine d-inline\">\u00a0<\/small>\u00bb<\/i>, ils ont d\u00e9tourn\u00e9 la col\u00e8re et renvers\u00e9 la situation.<\/p>\n<p>Toutes les donn\u00e9es scientifiques nous montrent pourtant que les contr\u00f4les et les sanctions sont tr\u00e8s faibles. L\u2019agriculture industrielle d\u00e9truit massivement les sols et la biodiversit\u00e9, dans des proportions que l\u2019on n\u2019a jamais connues. Cette activit\u00e9 doit \u00eatre r\u00e9form\u00e9e et revenir \u00e0 des pratiques agro\u00e9cologiques, humaines et \u00e0 des circuits courts. C\u2019est aussi dans l\u2019int\u00e9r\u00eat des agriculteurs et agricultrices. Il faut arr\u00eater de dire que les probl\u00e8mes agricoles sont li\u00e9s \u00e0 des contraintes environnementales, c\u2019est faux<small class=\"fine d-inline\">\u00a0<\/small>!<\/p>\n<div class=\"spip_document_86175 spip_document spip_documents spip_document_image spip_documents_center spip_document_center spip_document_avec_legende\" data-legende-len=\"156\" data-legende-lenx=\"xxx\">\n<figure class=\"spip_doc_inner\">\n      <picture><source type=\"image\/webp\" srcset=\"https:\/\/reporterre.net\/local\/cache-vignettes\/L1050xH605\/screenshot_2024-11-14_at_15-51-00_manifestation_des_agriculteurs_fne82_pris_pour_cible___fne_occitanie_pyrenees-77923.png?1731595955\"><img decoding=\"async\" src=\"https:\/\/reporterre.net\/IMG\/png\/screenshot_2024-11-14_at_15-51-00_manifestation_des_agriculteurs_fne82_pris_pour_cible___fne_occitanie_pyrenees.png\" width=\"1141\" height=\"657\" loading=\"lazy\" alt=\"\"\/><br \/>\n    <\/source><\/picture><figcaption class=\"spip_doc_legende\">\n<p>En janvier 2024, <span class=\"caps\"><span class=\"caps\">FNE<\/span><\/span> Tarn-et-Garonne a \u00e9t\u00e9 la cible d\u2019agriculteurs du d\u00e9partement avec des d\u00e9versements de pneus, terre et b\u00e2ches devant ses locaux.<br \/>\n<i>\u00a9 <span class=\"caps\">FNE<\/span><br \/>\n<\/i><\/p>\n<\/figcaption><\/figure>\n<\/p><\/div>\n<p><strong>Dans tous les cas, les mesures anti-\u00e9cologistes prises par le gouvernement n\u2019ont pas r\u00e9ussi \u00e0 \u00e9teindre l\u2019incendie&#8230;<\/strong><\/p>\n<p>Oui, mais ce qui est encore plus grave, c\u2019est que cette logique n\u2019a pas de limites. La Coordination rurale et la <span class=\"caps\">FNSEA<\/span> disent que si cela n\u2019a pas march\u00e9 l\u2019ann\u00e9e derni\u00e8re, c\u2019est parce que l\u2019on n\u2019est pas all\u00e9 assez loin dans la d\u00e9r\u00e9gulation. Ils veulent d\u00e9tricoter encore plus le droit environnemental. C\u2019est d\u2019ailleurs ce qui nous arrive.<\/p>\n<p>Derni\u00e8rement, <a target=\"_blank\" href=\"https:\/\/reporterre.net\/Deverrouiller-liberer-simplifier-les-annonces-de-Gabriel-Attal-pour-l-agriculture\">le gouvernement a mis \u00e0 mal<\/a> toute la r\u00e9glementation sur les haies et sur <a target=\"_blank\" href=\"https:\/\/reporterre.net\/Les-zones-humides-protegees-par-la-PAC-reduites\">les zones humides<\/a>, il a abandonn\u00e9 la protection et la <a target=\"_blank\" href=\"https:\/\/reporterre.net\/Des-milliers-de-cours-d-eau-ont-perdu-leur-statut-protecteur\">restauration des cours d\u2019eau<\/a>, il a simplifi\u00e9 la construction des m\u00e9gabassines et multipli\u00e9 les d\u00e9rogations pour les projets d\u2019\u00e9levage intensif. Il a d\u00e9p\u00e9nalis\u00e9 la protection de l\u2019environnement. Dans la loi agricole que l\u2019on nous annonce, le gouvernement veut continuer dans le m\u00eame sens.<\/p>\n<p><a target=\"_blank\" href=\"https:\/\/reporterre.net\/Destruction-de-la-biodiversite-Un-message-d-impunite-est-envoye-par-le-gouvernement\" class=\"lien_lireaussi\"><strong>Lire aussi : <\/strong> <span>Destruction de la biodiversit\u00e9\u00a0: \u00ab<small class=\"fine d-inline\">\u00a0<\/small>Un message d\u2019impunit\u00e9 est envoy\u00e9 par le gouvernement<small class=\"fine d-inline\">\u00a0<\/small>\u00bb<\/span><\/a><\/p>\n<p>On continue d\u2019aller dans le mur\u00a0: on d\u00e9grade les conditions de travail des agriculteurs et agricultrices, on diminue leurs revenus, on les \u00e9carte du tissu social local et l\u2019on donne raison \u00e0 une agriculture industrielle au d\u00e9triment de l\u2019agriculture biologique, qui est la solution. C\u2019est d\u00e9sesp\u00e9rant. On a perdu 80<small class=\"fine d-inline\">\u00a0<\/small>% de nos insectes, 30<small class=\"fine d-inline\">\u00a0<\/small>% de nos oiseaux, en quelques d\u00e9cennies&#8230; Que nous faut-il de plus pour r\u00e9agir<small class=\"fine d-inline\">\u00a0<\/small>?<\/p>\n<p>Rappelons que beaucoup d\u2019agriculteurs, notamment industriels, ne vivent que gr\u00e2ce aux aides publiques. Les premiers assist\u00e9s de France, c\u2019est cette agriculture-l\u00e0. Quand on b\u00e9n\u00e9ficie de subventions importantes, la moindre des choses est d\u2019accepter qu\u2019il y ait un contr\u00f4le dans la fa\u00e7on dont l\u2019argent est utilis\u00e9. On ne peut pas dire <i>\u00ab<small class=\"fine d-inline\">\u00a0<\/small>Foutez-nous la paix<small class=\"fine d-inline\">\u00a0<\/small>\u00bb<\/i>, <i>\u00ab<small class=\"fine d-inline\">\u00a0<\/small>Laissez-nous travailler<small class=\"fine d-inline\">\u00a0<\/small>\u00bb<\/i> et en m\u00eame temps <i>\u00ab<small class=\"fine d-inline\">\u00a0<\/small>Donnez-nous les sous<small class=\"fine d-inline\">\u00a0<\/small>\u00bb<\/i>. Sans aucune contrepartie.<\/p>\n<p>On ne peut pas d\u00e9truire l\u2019environnement et polluer les eaux, tranquillement, ce n\u2019est pas entendable. Quand on exploite une terre agricole et que notre activit\u00e9 a des cons\u00e9quences sur l\u2019environnement, sur la sant\u00e9 des gens, sur la biodiversit\u00e9 et la qualit\u00e9 des eaux, sur les plages souill\u00e9es d\u2019algues vertes, il est normal que l\u2019on soit <a target=\"_blank\" href=\"https:\/\/reporterre.net\/A-Narbonne-des-agriculteurs-au-tribunal-pour-avoir-pollue-des-ruisseaux\">responsable de ses actes<\/a> aupr\u00e8s de la soci\u00e9t\u00e9.<\/p>\n<p><strong>Comment s\u2019attaquer aux causes structurelles qui touchent et violentent le monde agricole<small class=\"fine d-inline\">\u00a0<\/small>? Quel r\u00f4le de soutien peut jouer <span class=\"caps\">FNE<\/span><small class=\"fine d-inline\">\u00a0<\/small>?<\/strong><\/p>\n<p>Il faudrait d\u2019abord rappeler que ce n\u2019est pas deux camps qui s\u2019opposent, les agriculteurs face aux \u00e9cologistes. Cette caricature nuit au d\u00e9bat que nous devons avoir. Nous travaillons toute l\u2019ann\u00e9e et en permanence avec des syndicats d\u2019agriculteurs, de producteurs, des distributeurs agricoles, etc. Dans le <a target=\"_blank\" href=\"https:\/\/collectifnourrir.fr\/\" class=\"spip_out\" rel=\"external\">collectif Nourrir<\/a>, on porte tous et toutes ensemble des solutions alternatives, avec de nombreuses propositions sur la r\u00e9mun\u00e9ration des paysans et paysannes, sur l\u2019emploi, sur la qualit\u00e9 de vie, etc. L\u2019agriculture peut \u00eatre \u00e9cologique, il faut engager une v\u00e9ritable transition pour prendre en compte la r\u00e9alit\u00e9 du <a target=\"_blank\" href=\"Qu-est-ce-que-le-rechauffement-climatique\">changement climatique<\/a> et l\u2019effondrement de la biodiversit\u00e9.<\/p>\n<p>On ne peut pas continuer \u00e0 construire des m\u00e9gabassines et l\u2019agriculture intensive irrigu\u00e9e alors que l\u2019on sait qu\u2019en France, d\u2019ici vingt ans, on aura 20 \u00e0 40<small class=\"fine d-inline\">\u00a0<\/small>% d\u2019eau disponible en moins du fait du <a target=\"_blank\" href=\"Qu-est-ce-que-le-rechauffement-climatique\">r\u00e9chauffement climatique<\/a><small class=\"fine d-inline\">\u00a0<\/small>! L\u2019agriculture est le troisi\u00e8me secteur \u00e9metteur de gaz \u00e0 effet de serre. Il y a urgence \u00e0 agir<small class=\"fine d-inline\">\u00a0<\/small>! Cela peut \u00eatre joyeux et positif si cette transition est bien accompagn\u00e9e politiquement et socialement. Ne nous trompons donc pas de combat ni de col\u00e8re.<\/p>\n<aside class=\"boite_encarts\">\n<div class=\"encart encart_gris noprint\">\n<p><strong>Il est de retour.<\/strong><\/p>\n<p>Dans quelques semaines, Donald Trump se r\u00e9-installera \u00e0 la Maison Blanche.<\/p>\n<p>Un milliardaire, pour qui le r\u00e9chauffement climatique est \u00ab<small class=\"fine d-inline\">\u00a0<\/small>un canular<small class=\"fine d-inline\">\u00a0<\/small>\u00bb, sera \u00e0 la t\u00eate de la plus grande puissance mondiale.<\/p>\n<p>Dans une d\u00e9cennie cruciale pour l\u2019\u00e9cologie, nous ne pouvons pas nous permettre de perdre plus de temps.<\/p>\n<p>La soci\u00e9t\u00e9 civile doit continuer de se soulever, de se mobiliser et de faire pression sur les puissants.<\/p>\n<p>Mais pour agir, il faut savoir.<\/p>\n<p><strong>Depuis 11 ans, nous publions des articles de qualit\u00e9 sur l\u2019\u00e9cologie, en acc\u00e8s libre et sans publicit\u00e9, pour tous.<\/strong><\/p>\n<p>Nous avons la conviction que l\u2019urgence \u00e9cologique est l\u2019enjeu majeur de notre \u00e9poque.<br class=\"autobr\"\/><br \/>\n Et comme plus de 2 millions de lectrices et lecteurs chaque mois, vous partagez sans doute cette conviction&#8230;<\/p>\n<p>Alors si vous en avez les moyens, sachez qu\u2019un don, m\u00eame d\u20191\u20ac, est un acte de soutien fort pour l\u2019\u00e9cologie et le journalisme ind\u00e9pendant.<br class=\"autobr\"\/><br \/>\n (Et \u00e7a vous prendra moins de temps que la lecture de ce texte).<\/p>\n<p><strong>Si vous le pouvez, choisissez un soutien mensuel. Merci.<\/strong><\/p>\n<p><a target=\"_blank\" href=\"https:\/\/reporterre.net\/dons\" class=\"bt_soutenir\">Je soutiens <i>Reporterre<\/i><\/a><\/p>\n<\/p><\/div>\n<div class=\"encart encart_vert noprint montre_1023\">\n<div class=\"infolettre-form-container noprint\">\n<p>Abonnez-vous \u00e0 la lettre d\u2019info de Reporterre<\/p>\n<\/div><\/div>\n<\/aside>\n<aside class=\"boite_apresarticle encart_note\">\n<h4>Apr\u00e8s cet article<\/h4>\n<p>      <a target=\"_blank\" href=\"https:\/\/reporterre.net\/L-Etat-doit-stopper-les-violences-et-intimidations-envers-FNE\" class=\"lien_article\">\n      <picture class=\"vignette_gauche\"><source type=\"image\/webp\" srcset=\"https:\/\/reporterre.net\/local\/cache-gd2\/8f\/98d348db10bae4101e6a1cfbcb3c66.jpg@.webp?1730471437\"><img decoding=\"async\" src=\"https:\/\/reporterre.net\/local\/cache-gd2\/8f\/98d348db10bae4101e6a1cfbcb3c66.jpg?1730471437\" width=\"450\" height=\"300\" alt=\"\" class=\"marge12\" loading=\"lazy\"\/><br \/>\n<\/source><\/picture>\n<p class=\"libelle\">\n<p>          Tribune \u2014<\/p>\n<p>      Politique\n    <\/p>\n<p class=\"titre pol20\">\u00ab<small class=\"fine d-inline\">\u00a0<\/small>L\u2019\u00c9tat doit stopper les violences et intimidations envers <span class=\"caps\">FNE<\/span><small class=\"fine d-inline\">\u00a0<\/small>\u00bb<\/p>\n<p>      <\/a><br \/>\n    <\/aside>\n<aside class=\"boite_complement texte\">\n<p>      <!-- zone_forum --><br \/>\n          <\/aside>\n<aside class=\"boite_lireaussi noprint\">\n<\/aside>\n<aside class=\"colonne\">\n<div class=\"article_info cache_1023 noprint\">\n<p>    <span class=\"date\">14 novembre 2024  \u00e0 17h02<\/span><\/p>\n<p class=\"duree_lecture\">\n        Dur\u00e9e de lecture : 7 minutes\n      <\/p>\n<\/p><\/div>\n<div class=\"bloc_infolettre\">\n<div class=\"infolettre-form-container noprint\">\n<p>Abonnez-vous \u00e0 la lettre d\u2019info de Reporterre<\/p>\n<\/div><\/div>\n<\/aside>\n<div id=\"galerie\">\n  <img decoding=\"async\" src=\"\" class=\"principale\" id=\"principale\"\/><\/p>\n<p id=\"legende\">legende<\/p>\n<\/div>\n<footer class=\"noprint\">\n<\/footer>\n<\/div>\n<p><br \/>\n<br \/><a href=\"https:\/\/reporterre.net\/Ecologistes-menaces-par-des-agriculteurs-Le-silence-de-l-Etat-est-assourdissant\" target=\"_blank\"\">Source link <\/a><\/p>\n","protected":false},"excerpt":{"rendered":"<p>Alors que les mobilisations des agriculteurs risquent de reprendre de plus belle, les \u00e9cologistes sont la cible d\u2019agressions et de violences de la part de syndicats agricoles productivistes. L\u2019association France&hellip; <\/p>\n","protected":false},"author":1,"featured_media":149,"comment_status":"open","ping_status":"open","sticky":false,"template":"","format":"standard","meta":{"footnotes":""},"categories":[1],"tags":[],"class_list":["post-148","post","type-post","status-publish","format-standard","has-post-thumbnail","hentry","category-non-classe"],"_links":{"self":[{"href":"https:\/\/monde25.info\/index.php\/wp-json\/wp\/v2\/posts\/148","targetHints":{"allow":["GET"]}}],"collection":[{"href":"https:\/\/monde25.info\/index.php\/wp-json\/wp\/v2\/posts"}],"about":[{"href":"https:\/\/monde25.info\/index.php\/wp-json\/wp\/v2\/types\/post"}],"author":[{"embeddable":true,"href":"https:\/\/monde25.info\/index.php\/wp-json\/wp\/v2\/users\/1"}],"replies":[{"embeddable":true,"href":"https:\/\/monde25.info\/index.php\/wp-json\/wp\/v2\/comments?post=148"}],"version-history":[{"count":0,"href":"https:\/\/monde25.info\/index.php\/wp-json\/wp\/v2\/posts\/148\/revisions"}],"wp:featuredmedia":[{"embeddable":true,"href":"https:\/\/monde25.info\/index.php\/wp-json\/wp\/v2\/media\/149"}],"wp:attachment":[{"href":"https:\/\/monde25.info\/index.php\/wp-json\/wp\/v2\/media?parent=148"}],"wp:term":[{"taxonomy":"category","embeddable":true,"href":"https:\/\/monde25.info\/index.php\/wp-json\/wp\/v2\/categories?post=148"},{"taxonomy":"post_tag","embeddable":true,"href":"https:\/\/monde25.info\/index.php\/wp-json\/wp\/v2\/tags?post=148"}],"curies":[{"name":"wp","href":"https:\/\/api.w.org\/{rel}","templated":true}]}}