{"id":1486,"date":"2024-12-04T10:26:49","date_gmt":"2024-12-04T09:26:49","guid":{"rendered":"https:\/\/monde25.info\/index.php\/2024\/12\/04\/israel-affirme-avoir-elimine-un-cadre-du-hezbollah-lors-dune-frappe-pres-de-damas-rt-en-francais\/"},"modified":"2024-12-04T10:26:49","modified_gmt":"2024-12-04T09:26:49","slug":"israel-affirme-avoir-elimine-un-cadre-du-hezbollah-lors-dune-frappe-pres-de-damas-rt-en-francais","status":"publish","type":"post","link":"https:\/\/monde25.info\/index.php\/2024\/12\/04\/israel-affirme-avoir-elimine-un-cadre-du-hezbollah-lors-dune-frappe-pres-de-damas-rt-en-francais\/","title":{"rendered":"Isra\u00ebl affirme avoir \u00e9limin\u00e9 un cadre du Hezbollah lors d\u2019une frappe pr\u00e8s de Damas \u2014 RT en fran\u00e7ais"},"content":{"rendered":"<p> <br \/>\n<br \/><img decoding=\"async\" src=\"https:\/\/mf.b37mrtl.ru\/french\/images\/2024.12\/thumbnail\/674ffef06f7ccc71fe08d372.jpg\" \/><\/p>\n<div>\n<p class=\"text__summary\">\n                                        L&rsquo;arm\u00e9e isra\u00e9lienne a affirm\u00e9 le 3 d\u00e9cembre avoir cibl\u00e9 un cadre du Hezbollah bas\u00e9 en Syrie, Salman Nimr Jumah. Selon Tsahal, celui-ci \u00e9tait notamment responsable de l&rsquo;acheminement des armes du parti chiite depuis le territoire syrien et servait d&rsquo;agent de liaison avec l&rsquo;arm\u00e9e syrienne.\n                                    <\/p>\n<p>\u00abUn avion de l\u2019arm\u00e9e de l\u2019air a attaqu\u00e9 plus t\u00f4t dans la journ\u00e9e dans la r\u00e9gion de Damas, sous la direction des renseignements de l\u2019Autorit\u00e9 du renseignement militaire, et a \u00e9limin\u00e9 l\u2019envoy\u00e9 du Hezbollah aupr\u00e8s de l\u2019arm\u00e9e syrienne, appel\u00e9 Salman Nimr Jumah\u00bb, a indiqu\u00e9 sur X le 3 d\u00e9cembre <a target=\"_blank\" href=\"https:\/\/x.com\/AvichayAdraee\/status\/1863977692518903978\" target=\"_blank\" rel=\"noopener noreferrer\">le porte-parole arabophone<\/a> de l\u2019arm\u00e9e isra\u00e9lienne Avichay Adraee.<\/p>\n<p>L&rsquo;agence de presse nationale syrienne, SANA, a \u00e9voqu\u00e9 une frappe sur une voiture circulant sur la route de l&rsquo;a\u00e9roport, citant une source polici\u00e8re, sans donner\u00a0de d\u00e9tails sur les victimes. Pour l&rsquo;heure, cette information n\u2019a \u00e9t\u00e9 ni confirm\u00e9e ni infirm\u00e9e par le parti chiite.<\/p>\n<p>Le porte-parole de Tsahal a soulign\u00e9 que Damas \u00absoutient le Hezbollah et permet \u00e0 ce dernier de l&rsquo;exploiter pour mener des op\u00e9rations de transfert de moyens de combat vers l&rsquo;ar\u00e8ne libanaise, ce qui expose les citoyens syriens et libanais au danger\u00bb, pr\u00e9cisant que le cadre du parti chiite \u00aba jou\u00e9 un r\u00f4le central au nom du Hezbollah au sein du syst\u00e8me militaire syrien en mati\u00e8re de transport d\u2019armes\u00bb.<\/p>\n<h2>Une frappe dans un contexte particulier<\/h2>\n<p>Salman Nimr Jumah \u00ab\u00e9tait consid\u00e9r\u00e9 comme un v\u00e9t\u00e9ran du Hezbollah, car il a occup\u00e9 divers postes au sein de l\u2019organisation terroriste du Hezbollah au fil des ans, notamment sur la sc\u00e8ne syrienne\u00bb, a affirm\u00e9 le porte-parole, ajoutant que l\u2019homme\u00a0vis\u00e9 avait \u00e9galement occup\u00e9 le poste d\u2019\u00a0\u00abofficier des op\u00e9rations au quartier g\u00e9n\u00e9ral du Hezbollah \u00e0 Damas et, ces derni\u00e8res ann\u00e9es, a \u00e9t\u00e9 nomm\u00e9 envoy\u00e9 du Hezbollah aupr\u00e8s de l&rsquo;arm\u00e9e syrienne\u00bb.<\/p>\n<p>Avichay Adraee a \u00e9galement insist\u00e9 sur le fait que le cadre du parti chiite libanais \u00aba contribu\u00e9 \u00e0 effectuer le transfert d&rsquo;\u00e9quipements de combat des Syriens \u00e0 l&rsquo;organisation terroriste du Hezbollah\u00bb pendant le r\u00e9cent conflit entre les deux ennemis frontaliers.<\/p>\n<p>L&rsquo;\u00e9limination de Salman Nimr Jumah \u00abconstitue un coup port\u00e9 aux relations et \u00e0 la position de l\u2019organisation terroriste Hezbollah en Syrie et contribue \u00e0 emp\u00eacher la croissance\u00bb du parti chiite, a ajout\u00e9 le porte-parole de Tsahal.<\/p>\n<p>Cette frappe intervient dans un contexte de cessez-le-feu au Liban avec le Hezbollah, mais surtout dans le sillage d&rsquo;une recrudescence des tensions entre les groupes djihadistes et l\u2019arm\u00e9e syrienne. \u00abL\u2019axe de la r\u00e9sistance\u00bb s\u2019appr\u00eate \u00e0 venir en aide \u00e0 Damas\u00a0afin de stopper l\u2019avanc\u00e9e des terroristes vers le sud de la Syrie.<\/p>\n<\/div>\n<p><br \/>\n<br \/><a href=\"https:\/\/francais.rt.com\/international\/115119-israel-frappe-damas-affirme-avoir\" target=\"_blank\"\">Source link <\/a><\/p>\n","protected":false},"excerpt":{"rendered":"<p>L&rsquo;arm\u00e9e isra\u00e9lienne a affirm\u00e9 le 3 d\u00e9cembre avoir cibl\u00e9 un cadre du Hezbollah bas\u00e9 en Syrie, Salman Nimr Jumah. Selon Tsahal, celui-ci \u00e9tait notamment responsable de l&rsquo;acheminement des armes du&hellip; <\/p>\n","protected":false},"author":1,"featured_media":1487,"comment_status":"open","ping_status":"open","sticky":false,"template":"","format":"standard","meta":{"footnotes":""},"categories":[1],"tags":[],"class_list":["post-1486","post","type-post","status-publish","format-standard","has-post-thumbnail","hentry","category-non-classe"],"_links":{"self":[{"href":"https:\/\/monde25.info\/index.php\/wp-json\/wp\/v2\/posts\/1486","targetHints":{"allow":["GET"]}}],"collection":[{"href":"https:\/\/monde25.info\/index.php\/wp-json\/wp\/v2\/posts"}],"about":[{"href":"https:\/\/monde25.info\/index.php\/wp-json\/wp\/v2\/types\/post"}],"author":[{"embeddable":true,"href":"https:\/\/monde25.info\/index.php\/wp-json\/wp\/v2\/users\/1"}],"replies":[{"embeddable":true,"href":"https:\/\/monde25.info\/index.php\/wp-json\/wp\/v2\/comments?post=1486"}],"version-history":[{"count":0,"href":"https:\/\/monde25.info\/index.php\/wp-json\/wp\/v2\/posts\/1486\/revisions"}],"wp:featuredmedia":[{"embeddable":true,"href":"https:\/\/monde25.info\/index.php\/wp-json\/wp\/v2\/media\/1487"}],"wp:attachment":[{"href":"https:\/\/monde25.info\/index.php\/wp-json\/wp\/v2\/media?parent=1486"}],"wp:term":[{"taxonomy":"category","embeddable":true,"href":"https:\/\/monde25.info\/index.php\/wp-json\/wp\/v2\/categories?post=1486"},{"taxonomy":"post_tag","embeddable":true,"href":"https:\/\/monde25.info\/index.php\/wp-json\/wp\/v2\/tags?post=1486"}],"curies":[{"name":"wp","href":"https:\/\/api.w.org\/{rel}","templated":true}]}}