{"id":1490,"date":"2024-12-04T12:06:20","date_gmt":"2024-12-04T11:06:20","guid":{"rendered":"https:\/\/monde25.info\/index.php\/2024\/12\/04\/larticle-16-evoque-sur-france-info-decrete-en-coree-du-sud-ledito-de-charles-sannat-les-moutons-enrages\/"},"modified":"2024-12-04T12:06:20","modified_gmt":"2024-12-04T11:06:20","slug":"larticle-16-evoque-sur-france-info-decrete-en-coree-du-sud-ledito-de-charles-sannat-les-moutons-enrages","status":"publish","type":"post","link":"https:\/\/monde25.info\/index.php\/2024\/12\/04\/larticle-16-evoque-sur-france-info-decrete-en-coree-du-sud-ledito-de-charles-sannat-les-moutons-enrages\/","title":{"rendered":"\u00ab L\u2019article 16 \u00e9voqu\u00e9 sur France Info\u2026 d\u00e9cr\u00e9t\u00e9 en Cor\u00e9e du Sud \u00bb. L\u2019\u00e9dito de Charles SANNAT \u2013 Les moutons enrag\u00e9s"},"content":{"rendered":"<p> <br \/>\n<\/p>\n<div>\n<p>Source<a target=\"_blank\" href=\"https:\/\/insolentiae.com\/larticle-16-evoque-sur-france-info-decrete-en-coree-du-sud-ledito-de-charles-sannat\/\" data-type=\"link\" data-id=\"https:\/\/insolentiae.com\/larticle-16-evoque-sur-france-info-decrete-en-coree-du-sud-ledito-de-charles-sannat\/\"> Insolentiae<\/a><\/p>\n<div class=\"wp-block-image\">\n<figure class=\"aligncenter size-large is-resized\"><img fetchpriority=\"high\" decoding=\"async\" width=\"465\" height=\"330\" src=\"https:\/\/lesmoutonsenrages.fr\/wp-content\/uploads\/2024\/12\/image-11-465x330.png\" alt=\"\" class=\"wp-image-164237\" style=\"width:340px;height:auto\" srcset=\"https:\/\/lesmoutonsenrages.fr\/wp-content\/uploads\/2024\/12\/image-11-465x330.png 465w, https:\/\/lesmoutonsenrages.fr\/wp-content\/uploads\/2024\/12\/image-11-250x178.png 250w, https:\/\/lesmoutonsenrages.fr\/wp-content\/uploads\/2024\/12\/image-11-150x107.png 150w, https:\/\/lesmoutonsenrages.fr\/wp-content\/uploads\/2024\/12\/image-11.png 576w\" sizes=\"(max-width: 465px) 100vw, 465px\"\/><\/figure>\n<\/div>\n<p>Comme vous le savez, d\u00e8s que l\u2019on r\u00e2le sur l\u2019\u00e9tat de la d\u00e9mocratie en France, le bien-pensant du camp du bien vous r\u00e9torque \u201ctu n\u2019as qu\u2019\u00e0 aller en Cor\u00e9e du Nord tu verras qu\u2019on est mieux ici\u201d, ce qui est un argument affligeant puisque vouloir une d\u00e9mocratie vivante, aboutie et fonctionnelle n\u2019est tout de m\u00eame pas une demande politique scandaleuse, surtout dans un pays comme la France.<\/p>\n<p>A propos de Cor\u00e9e du Nord il est int\u00e9ressant de voir d\u00e9j\u00e0 ce qui se passe en Cor\u00e9e du Sud\u2026 qui comme vous le savez, n\u2019est, comme la France\u2026 pas la Cor\u00e9e du Nord !<\/p>\n<p><span id=\"more-164236\"\/><\/p>\n<p>Parce qu\u2019en Cor\u00e9e du Sud, il y a quelques petites tensions politiques entre un pr\u00e9sident et son Assembl\u00e9e nationale qui ressemble fortement et \u00e0 s\u2019y m\u00e9prendre \u00e0 une situation que nous connaitrions ici. Il y a m\u00eame une petite musique qui commence \u00e0 poindre\u2026 sur l\u2019article 16 justement. Commen\u00e7ons par la Cor\u00e9e du Sud, avant d\u2019\u00e9voquer la France, que j\u2019aime \u00e0 qualifier de Cor\u00e9e de l\u2019Ouest pour faire braire tous les bien-pensants du camp du bien.<\/p>\n<p><strong>Le pr\u00e9sident Yoon Suk Yeol a fait cette d\u00e9claration extraordinaire apr\u00e8s des mois d\u2019impasse avec son opposition politique.<\/strong><\/p>\n<p>Source <a target=\"_blank\" href=\"https:\/\/www.nytimes.com\/live\/2024\/12\/03\/world\/south-korea-martial-law?campaign_id=60&amp;emc=edit_na_20241203&amp;instance_id=141182&amp;nl=breaking-news&amp;regi_id=130835727&amp;segment_id=184702&amp;user_id=50c709f265f9317ae906b5c779d8014f\" target=\"_blank\" rel=\"noreferrer noopener\">New-York Times ici.<\/a><\/p>\n<p>Le pr\u00e9sident sud-cor\u00e9en Yoon Suk Yeol a d\u00e9clar\u00e9 mardi la loi martiale d\u2019urgence, accusant l\u2019opposition de fomenter une \u00ab insurrection \u00bb et de \u00ab tenter de renverser la d\u00e9mocratie libre \u00bb.<\/p>\n<p>C\u2019est la premi\u00e8re fois qu\u2019un pr\u00e9sident sud-cor\u00e9en d\u00e9clare la loi martiale depuis la fin de la dictature militaire dans le pays \u00e0 la fin des ann\u00e9es 1980. M. Yoon, qui a \u00e9t\u00e9 \u00e9lu pr\u00e9sident en 2022, s\u2019est trouv\u00e9 dans une impasse politique quasi permanente avec l\u2019opposition, qui contr\u00f4le le Parlement.<\/p>\n<p>Dans un discours t\u00e9l\u00e9vis\u00e9 national mardi soir, M. Yoon a d\u00e9nonc\u00e9 l\u2019opposition pour avoir utilis\u00e9 \u00e0 plusieurs reprises sa majorit\u00e9 \u00e0 l\u2019Assembl\u00e9e nationale pour mettre en accusation des membres de son cabinet et bloquer l\u2019adoption des plans budg\u00e9taires de son gouvernement.<\/p>\n<p>Cela a \u00ab paralys\u00e9 l\u2019administration \u00bb, a d\u00e9clar\u00e9 M. Yoon. \u00ab L\u2019Assembl\u00e9e nationale, qui aurait d\u00fb \u00eatre le fondement de la d\u00e9mocratie libre, est devenue un monstre qui la d\u00e9truit.<\/p>\n<p>Les cha\u00eenes d\u2019information sud-cor\u00e9ennes rediffusent toutes le discours du pr\u00e9sident, prononc\u00e9 il y a environ une heure. On ne sait pas exactement ce que la loi martiale implique et ce qui changerait imm\u00e9diatement en Cor\u00e9e du Sud. Mais les l\u00e9gislateurs de l\u2019opposition d\u00e9noncent d\u00e9j\u00e0 le pr\u00e9sident.<\/p>\n<p>Mardi soir, Lee Jae-myung, le chef de l\u2019opposition sud-cor\u00e9enne, a demand\u00e9 aux citoyens de se rassembler \u00e0 l\u2019Assembl\u00e9e nationale, alors qu\u2019il s\u2019y rendait lui-m\u00eame. \u00ab Il n\u2019y a aucune raison de d\u00e9clarer la loi martiale. Nous ne pouvons pas laisser faire !<\/p>\n<figure class=\"wp-block-embed is-type-rich is-provider-twitter wp-block-embed-twitter\">\n<div class=\"wp-block-embed__wrapper\">\n<blockquote class=\"twitter-tweet\" data-width=\"550\" data-dnt=\"true\">\n<p lang=\"fr\" dir=\"ltr\">\ud83c\uddf0\ud83c\uddf7  Le pr\u00e9sident sud-cor\u00e9en Yoon Suk Yeol a d\u00e9clar\u00e9 la loi martiale lors d&rsquo;une allocution t\u00e9l\u00e9vis\u00e9e, affirmant que cette mesure \u00e9tait n\u00e9cessaire pour prot\u00e9ger le pays des \u00ab\u00a0forces communistes nord-cor\u00e9ennes\u00a0\u00bb dans un contexte de d\u00e9bat parlementaire houleux sur le budget <a target=\"_blank\" href=\"https:\/\/twitter.com\/hashtag\/AFP?src=hash&amp;ref_src=twsrc%5Etfw\">#AFP<\/a> <a target=\"_blank\" href=\"https:\/\/t.co\/zQY6ygKXJ0\">pic.twitter.com\/zQY6ygKXJ0<\/a><\/p>\n<p>\u2014 Agence France-Presse (@afpfr) <a target=\"_blank\" href=\"https:\/\/twitter.com\/afpfr\/status\/1863958255828889760?ref_src=twsrc%5Etfw\">December 3, 2024<\/a><\/p><\/blockquote>\n<\/div>\n<\/figure>\n<p><strong>Une Assembl\u00e9e qui n\u2019est pas d\u2019accord n\u2019est pas un danger pour la d\u00e9mocratie\u2026<\/strong><\/p>\n<p>Elle est la d\u00e9mocratie m\u00eame si cela d\u00e9plait fortement au souverain des Palais de l\u00e0-bas ou d\u2019ici.<\/p>\n<p>Si nous prenons le cas de la France. Qui est responsable du d\u00e9ficit et de la situation budg\u00e9taire de la France apr\u00e8s l\u2019avoir dirig\u00e9 pendant 7 ann\u00e9es ? Qui ?<\/p>\n<p>Qui est responsable de la dissolution ? Qui ?<\/p>\n<p>Qui est responsable de la cr\u00e9ation du \u201cfront r\u00e9publicain\u201d pour emp\u00eacher le RN d\u2019avoir une majorit\u00e9, le barrage de castors junior ayant rendu le pays totalement bloqu\u00e9, paralys\u00e9, et ingouvernable ? Qui ?<\/p>\n<p>Qui pourrait-dire demain en cas de blocage et si la situation le lui permet que l\u2019Assembl\u00e9e nationale a \u201ctu\u00e9 la d\u00e9mocratie\u201d ? Qui ? Je me le demande bien !<\/p>\n<p>Qui pourrait encore inverser les mots ?<\/p>\n<p>Qui pourrait dire que la guerre c\u2019est la paix.<\/p>\n<p>Que mourir c\u2019est vivre surtout si c\u2019est vos gosses qui meurent dans les tranch\u00e9es ukrainiennes puisque lui n\u2019en a pas.<\/p>\n<p>Qui pourrait vous dire que la censure c\u2019est la libert\u00e9 de pens\u00e9e ?<\/p>\n<p>Qui ?<\/p>\n<p>On se demande bien n\u2019est-ce pas.<\/p>\n<p>Je ne crois pas un seul instant dans la psychologie de notre grande lumi\u00e8re du palais, de notre phare \u00e9lys\u00e9en \u00e0 la d\u00e9mission. Pas un seul instant. Il faudra qu\u2019il y soit accul\u00e9.<\/p>\n<p>Plus qu\u2019une d\u00e9mission, ce serait une \u00e9vasion d\u2019un palais assi\u00e9g\u00e9 par une foule de gueux en furie.<\/p>\n<p>D\u2019ailleurs, la d\u00e9mission du pr\u00e9sident ne permettrait sans doute pas la dissolution de l\u2019Assembl\u00e9e Nationale toujours avant ce d\u00e9lai d\u2019un an.<\/p>\n<p>Le pays resterait donc bloqu\u00e9 tout pareil.<\/p>\n<p>C\u2019est exactement ce qu\u2019a expliqu\u00e9 William Thay sur France Info en \u00e9voquant \u00e0 la fin l\u2019article 16 et son cort\u00e8ge de cons\u00e9quences d\u00e9mocratiques.<\/p>\n<p>Mais Macron, il ose tout, et c\u2019est m\u00eame \u00e0 cela qu\u2019on le reconnait.<\/p>\n<p>Nous n\u2019y sommes pas encore et encore une fois, il est n\u00e9cessaire que le pays soit bloqu\u00e9, le budget non vot\u00e9, la loi sp\u00e9ciale invotable, les march\u00e9s paniqu\u00e9s, bref, il faut tout de m\u00eame un contexte propice au d\u00e9clenchement de la l\u2019article 16, mais la tentation pourrait \u00eatre grande pour la vedette, pour le Mozart de la dette, de s\u2019octroyer les pleins pouvoirs, assouvissant ainsi son d\u00e9sir secret et refoul\u00e9 de toute puissance, de puissance absolue.<\/p>\n<p>Pour le moment, notre bon timonier guidant le peuple, va jouer au b\u00e2tisseur de cath\u00e9drale, va inaugurer Notre Dame de Paris, tourner en boucle sur les cha\u00eenes t\u00e9l\u00e9 du pays, se f\u00e9licitant du travail accompli par lui-m\u00eame, des d\u00e9lais tenus etc\u2026<\/p>\n<p>Une fois la cath\u00e9drale rendue aux fid\u00e8les, la politique reprendra ses droits.<\/p>\n<figure class=\"wp-block-embed is-type-rich is-provider-twitter wp-block-embed-twitter\">\n<div class=\"wp-block-embed__wrapper\">\n<blockquote class=\"twitter-tweet\" data-width=\"550\" data-dnt=\"true\">\n<p lang=\"fr\" dir=\"ltr\">\ud83d\udd34 \u27a1\ufe0f \u00ab\u00a0La d\u00e9mission d\u2019Emmanuel Macron a tr\u00e8s peu d\u2019int\u00e9r\u00eat car on arriverait exactement \u00e0 la m\u00eame configuration \u00e0 l\u2019Assembl\u00e9e nationale\u00a0\u00bb dit William Thay, politologue, pr\u00e9sident du think tank Le Mill\u00e9naire <a target=\"_blank\" href=\"https:\/\/t.co\/kBG5HBveTv\">pic.twitter.com\/kBG5HBveTv<\/a><\/p>\n<p>\u2014 franceinfo (@franceinfo) <a target=\"_blank\" href=\"https:\/\/twitter.com\/franceinfo\/status\/1863818536751165784?ref_src=twsrc%5Etfw\">December 3, 2024<\/a><\/p><\/blockquote>\n<\/div>\n<\/figure>\n<p>La France qui n\u2019est pas encore la Cor\u00e9e du Nord est d\u00e9j\u00e0 devenue la Cor\u00e9e de l\u2019Ouest, un pays o\u00f9 le PIB est \u00e0 57 % cr\u00e9\u00e9 par la d\u00e9pense publique, o\u00f9 la pression fiscale est la plus \u00e9lev\u00e9e de l\u2019OCDE et o\u00f9\u2026 l\u2019on marche sur la dette.<\/p>\n<p>Pour rappel, le dossier Strat\u00e9gies du mois de novembre sur l\u2019in\u00e9vitable attaque des march\u00e9s est en ligne dans<a target=\"_blank\" href=\"https:\/\/insolentiae.com\/mon-compte\/downloads\" target=\"_blank\" rel=\"noreferrer noopener\">\u00a0vos espaces lecteurs ici<\/a>.<\/p>\n<p>Pour vous abonner ou offrir un abonnement pour No\u00ebl\u2026 <a target=\"_blank\" href=\"https:\/\/insolentiae.com\/produit\/abonnement-acces-a-la-lettre-strategie-et-aux-dossiers-speciaux-de-charles-sannat\/?doing_wp_cron=1715699197.4551460742950439453125\" target=\"_blank\" rel=\"noreferrer noopener\">tous les renseignements sont ici<\/a>.<\/p>\n<p>Il est d\u00e9j\u00e0 trop tard, mais tout n\u2019est pas perdu.<\/p>\n<p>Pr\u00e9parez-vous !<\/p>\n<p>Charles SANNAT<\/p>\n<h4 class=\"wp-block-heading\"\/>\n<p>Tous les articles, la tribune libre et commentaires sont sous la responsabilit\u00e9 de leurs auteurs. Les Moutons Enrag\u00e9s ne sauraient \u00eatre tenus responsables de leur contenu ou orientation.<\/p>\n<\/p><\/div>\n<p><script async src=\"\/\/platform.twitter.com\/widgets.js\" charset=\"utf-8\"><\/script><br \/>\n<br \/><br \/>\n<br \/><a href=\"https:\/\/lesmoutonsenrages.fr\/2024\/12\/04\/larticle-16-evoque-sur-france-info-decrete-en-coree-du-sud-ledito-de-charles-sannat\/\" target=\"_blank\"\">Source link <\/a><\/p>\n","protected":false},"excerpt":{"rendered":"<p>Source Insolentiae Comme vous le savez, d\u00e8s que l\u2019on r\u00e2le sur l\u2019\u00e9tat de la d\u00e9mocratie en France, le bien-pensant du camp du bien vous r\u00e9torque \u201ctu n\u2019as qu\u2019\u00e0 aller en&hellip; <\/p>\n","protected":false},"author":1,"featured_media":1491,"comment_status":"open","ping_status":"open","sticky":false,"template":"","format":"standard","meta":{"footnotes":""},"categories":[1],"tags":[],"class_list":["post-1490","post","type-post","status-publish","format-standard","has-post-thumbnail","hentry","category-non-classe"],"_links":{"self":[{"href":"https:\/\/monde25.info\/index.php\/wp-json\/wp\/v2\/posts\/1490","targetHints":{"allow":["GET"]}}],"collection":[{"href":"https:\/\/monde25.info\/index.php\/wp-json\/wp\/v2\/posts"}],"about":[{"href":"https:\/\/monde25.info\/index.php\/wp-json\/wp\/v2\/types\/post"}],"author":[{"embeddable":true,"href":"https:\/\/monde25.info\/index.php\/wp-json\/wp\/v2\/users\/1"}],"replies":[{"embeddable":true,"href":"https:\/\/monde25.info\/index.php\/wp-json\/wp\/v2\/comments?post=1490"}],"version-history":[{"count":0,"href":"https:\/\/monde25.info\/index.php\/wp-json\/wp\/v2\/posts\/1490\/revisions"}],"wp:featuredmedia":[{"embeddable":true,"href":"https:\/\/monde25.info\/index.php\/wp-json\/wp\/v2\/media\/1491"}],"wp:attachment":[{"href":"https:\/\/monde25.info\/index.php\/wp-json\/wp\/v2\/media?parent=1490"}],"wp:term":[{"taxonomy":"category","embeddable":true,"href":"https:\/\/monde25.info\/index.php\/wp-json\/wp\/v2\/categories?post=1490"},{"taxonomy":"post_tag","embeddable":true,"href":"https:\/\/monde25.info\/index.php\/wp-json\/wp\/v2\/tags?post=1490"}],"curies":[{"name":"wp","href":"https:\/\/api.w.org\/{rel}","templated":true}]}}