{"id":150,"date":"2024-11-15T05:40:05","date_gmt":"2024-11-15T04:40:05","guid":{"rendered":"https:\/\/monde25.info\/index.php\/2024\/11\/15\/en-italie-des-feministes-occupent-un-planning-familial-abandonne\/"},"modified":"2024-11-15T05:40:05","modified_gmt":"2024-11-15T04:40:05","slug":"en-italie-des-feministes-occupent-un-planning-familial-abandonne","status":"publish","type":"post","link":"https:\/\/monde25.info\/index.php\/2024\/11\/15\/en-italie-des-feministes-occupent-un-planning-familial-abandonne\/","title":{"rendered":"En Italie, des f\u00e9ministes occupent un planning familial abandonn\u00e9"},"content":{"rendered":"<p> <br \/>\n<\/p>\n<div>\n<h4><strong>Dans l\u2019Italie de Giorgia Meloni, les droits des femmes sont s\u00e9rieusement menac\u00e9s, particuli\u00e8rement en ce qui concerne l\u2019acc\u00e8s \u00e0 l\u2019avortement. Un r\u00e9trop\u00e9dalage inqui\u00e9tant qui s\u2019oppose \u00e0 l\u2019autod\u00e9termination des femmes. Face aux violences de genre et aux politiques r\u00e9actionnaires, le mouvement f\u00e9ministe et transf\u00e9ministe italien tente de reprendre la main par l\u2019occupation d\u2019un planning familial.<\/strong><\/h4>\n<h2><b>Difficult\u00e9s d\u2019acc\u00e8s \u00e0 l\u2019IVG<\/b><\/h2>\n<p><span style=\"font-weight: 400;\">Si <strong>la loi de 1978 ayant assur\u00e9 la d\u00e9p\u00e9nalisation de l\u2019avortement<\/strong> n\u2019est pas directement remise en cause, <strong>la plupart des r\u00e9gions rendent de plus en plus difficile l\u2019acc\u00e8s \u00e0 l\u2019IVG<\/strong>, du fait de la prise de pouvoir de celles-ci par la coalition des droites (Forza Italia) et des extr\u00eame-droites (Fratelli d\u2019Italia et Lega). <strong>Les r\u00e9gions sont en effet \u00ab\u00a0<em>autonomes et comp\u00e9tentes en mati\u00e8re de sant\u00e9 publique \u00bb<\/em><\/strong>\u00a0en Italie d\u2019apr\u00e8s <a target=\"_blank\" href=\"https:\/\/www.politis.fr\/articles\/2024\/03\/italie-dans-les-regions-giorgia-meloni-et-ses-allies-mettent-en-danger-livg\/\" target=\"_blank\" rel=\"noopener\">Politis<\/a><\/span><span style=\"font-weight: 400;\">.\u00a0<\/span><\/p>\n<p><span style=\"font-weight: 400;\">Une aubaine pour le gouvernement Meloni qui met progressivement et concr\u00e8tement en p\u00e9ril les droits des femmes. Selon la gyn\u00e9cologue Marina Toschi, <strong>les gouvernants \u00ab\u00a0<em>ne peuvent pas supprimer la loi, alors ils rendent l\u2019avortement impossible \u00bb.<\/em><\/strong> De plus, les structures publiques <strong>des c<em>onsultori<\/em> (\u00e9quivalent du pluriel italien de planning familial, <em>consultorio<\/em> au singulier) sont en net d\u00e9clin dans le pays,<\/strong> contraintes de fermer une \u00e0 une faute de financement par les pouvoirs publics.\u00a0<\/span><\/p>\n<p><span style=\"font-weight: 400;\">En V\u00e9n\u00e9tie, o\u00f9 l\u2019on retrouve les villes de Venise et Padoue, <strong>les fonds mon\u00e9taires sont prioritairement attribu\u00e9s aux familles anti-choix<\/strong> <strong>(terme plus r\u00e9v\u00e9lateur de son impact social par rapport \u00e0 celui de \u00ab pro-vie \u00bb)<\/strong> <a target=\"_blank\" href=\"https:\/\/www.politis.fr\/articles\/2024\/03\/italie-dans-les-regions-giorgia-meloni-et-ses-allies-mettent-en-danger-livg\/\">selon Politis<\/a>, plut\u00f4t que de financer des politiques de soutien aux familles.\u00a0<\/span><\/p>\n<p><span style=\"font-weight: 400;\">\u00c0 Padoue, on ne retrouve <strong>plus que 4 espaces de planning familial, soit 1 pour 52 000 habitants.<\/strong> La loi de 1975 stipule pourtant qu\u2019un <em>consultorio<\/em> doit recouvrir une population de 20 000 habitants.\u00a0<\/span><\/p>\n<p><span style=\"font-weight: 400;\">Pour Marina Toschi, ce soutien financier aux femmes enceintes \u00ab\u00a0<em>n\u2019est pas pour l\u2019enfant, c\u2019est pour emp\u00eacher l\u2019avortement \u00bb<\/em>\u00a0; dans un pays o\u00f9<strong> l\u2019\u00e9ducation et les informations sur l\u2019IVG sont presque inexistantes, o\u00f9 beaucoup d\u2019h\u00f4pitaux ne proposent pas cette pratique, o\u00f9 les proc\u00e9dures pour avorter sont complexes, et o\u00f9 cons\u00e9quemment de nombreuses femmes avortent ill\u00e9galement.<\/strong> En V\u00e9n\u00e9tie, 70% des gyn\u00e9cologue invoquent la clause de conscience et refusent d\u2019administrer des services d\u2019avortement, selon <a target=\"_blank\" href=\"https:\/\/www.instagram.com\/p\/DAiUNYfoRLP\/?img_index=5\" target=\"_blank\" rel=\"noopener\">Non Una Di Meno<\/a>. <strong>Un pays o\u00f9 l\u2019IVG est l\u00e9gal n\u2019est pas synonyme d\u2019acc\u00e8s s\u00fbr et libre \u00e0 ce droit, l\u2019Italie en est la preuve.<\/strong>\u00a0<\/span><\/p>\n<figure id=\"attachment_687858\" aria-describedby=\"caption-attachment-687858\" style=\"width: 1024px\" class=\"wp-caption alignnone\"><img fetchpriority=\"high\" decoding=\"async\" class=\"size-medium wp-image-687858\" src=\"https:\/\/mrmondialisation.org\/wp-content\/uploads\/2024\/10\/439874791-1190177635477012-8095017306830073700-n-1024x683.jpeg\" alt=\"\" width=\"1024\" height=\"683\" srcset=\"https:\/\/mrmondialisation.org\/wp-content\/uploads\/2024\/10\/439874791-1190177635477012-8095017306830073700-n-1024x683.jpeg 1024w, https:\/\/mrmondialisation.org\/wp-content\/uploads\/2024\/10\/439874791-1190177635477012-8095017306830073700-n-768x512.jpeg 768w, https:\/\/mrmondialisation.org\/wp-content\/uploads\/2024\/10\/439874791-1190177635477012-8095017306830073700-n-696x464.jpeg 696w, https:\/\/mrmondialisation.org\/wp-content\/uploads\/2024\/10\/439874791-1190177635477012-8095017306830073700-n-1068x712.jpeg 1068w, https:\/\/mrmondialisation.org\/wp-content\/uploads\/2024\/10\/439874791-1190177635477012-8095017306830073700-n-630x420.jpeg 630w, https:\/\/mrmondialisation.org\/wp-content\/uploads\/2024\/10\/439874791-1190177635477012-8095017306830073700-n.jpeg 1080w\" sizes=\"(max-width: 1024px) 100vw, 1024px\"\/><figcaption id=\"caption-attachment-687858\" class=\"wp-caption-text\">Avortons le patriarcat. Photo : <a target=\"_blank\" href=\"https:\/\/www.instagram.com\/p\/C5_iyZPMHvw\/?img_index=10\" target=\"_blank\" rel=\"noopener\">Luca Profenna<\/a>.<\/figcaption><\/figure>\n<p><span style=\"font-weight: 400;\">En France, <a target=\"_blank\" href=\"https:\/\/www.amnesty.fr\/droits-sexuels\/actualites\/ivg-constitution-france-long-parcours-avortement\" target=\"_blank\" rel=\"noopener\">l\u2019inscription du droit \u00e0 l\u2019IVG dans la Constitution<\/a> repr\u00e9sente une protection suppl\u00e9mentaire<\/span><span style=\"font-weight: 400;\">. Mais <strong>la formation du nouveau gouvernement Barnier vient menacer \u00e0 nouveau s\u00e9rieusement ce droit.<\/strong> <a target=\"_blank\" href=\"https:\/\/mrmondialisation.org\/macron-rn-arrangements\/\">Au-del\u00e0 d\u2019\u00eatre ill\u00e9gitime d\u00e9mocratiquement apr\u00e8s la victoire du NFP aux \u00e9lections l\u00e9gislatives,<\/a> ce gouvernement voulu par Emmanuel Macron est compos\u00e9 d\u2019au moins <strong>5 ministres anti-IVG et homophobes<\/strong> selon <a target=\"_blank\" href=\"https:\/\/carolinedehaas.notion.site\/UPDATE-3ce18dd34ee24d3fb2f580a8655905e1\" target=\"_blank\" rel=\"noopener\">Caroline De Haas<\/a><\/span><span style=\"font-weight: 400;\">, militante f\u00e9ministe et fondatrice de NousToutes.\u00a0<\/span><\/p>\n<h2><b>Occupation d\u2019un <em>consultorio<\/em> abandonn\u00e9<\/b><\/h2>\n<p><span style=\"font-weight: 400;\">Dans ce contexte, <strong>l\u2019occupation d\u2019un ancien planning familial (ferm\u00e9 en 2019) par le mouvement f\u00e9ministe Non Una Di Meno \u00e0 Padoue<\/strong>, est plus que symbolique. En effet, ce type d\u2019espace repr\u00e9sentait autrefois une grande avanc\u00e9e pour le f\u00e9minisme, mais aussi un lieu de soutien, de solidarit\u00e9, et d\u2019accompagnement m\u00e9dical pour les femmes.\u00a0<\/span><\/p>\n<p><span style=\"font-weight: 400;\">Cette occupation souligne la volont\u00e9 de <strong>reprise de contr\u00f4le sur les droits des femmes et l\u2019acc\u00e8s aux soins,<\/strong> alors que l\u2019extr\u00eame-droite et les injonctions n\u00e9olib\u00e9rales m\u00e8nent \u00e0 bien leur projet d\u2019\u00e9crasement des minorit\u00e9s et la destruction des services publics au nom de la sacro-sainte croissance.<\/span><\/p>\n<hr\/>\n<p><a target=\"_blank\" href=\"https:\/\/fr.tipeee.com\/mr-mondialisation\"><strong>Gratuit, sans subvention et ind\u00e9pendant depuis 10 ans, nous avons besoin de vous pour continuer ce travail en 2024. Sens-toi libre d\u2019activer un abonnement volontaire sur ce lien en offrant un th\u00e9 \u00e0 l\u2019\u00e9quipe. Merci infiniment.<\/strong><\/a><\/p>\n<div class=\"td-a-rec td-a-rec-id-content_inlineright  tdi_1 td_block_template_1\">\n<span class=\"td-adspot-title\">&#8211; Pour une information libre ! &#8211;<\/span><a target=\"_blank\" href=\"https:\/\/fr.tipeee.com\/mr-mondialisation\" class=\"tipeee-project-small\">Soutenir Mr Japanization sur Tipeee<\/a>\n<\/div>\n<hr\/>\n<p><span style=\"font-weight: 400;\">Selon Alessia, que nous avons interview\u00e9e aux c\u00f4t\u00e9s d\u2019Eva (toutes deux militantes f\u00e9ministes \u00e0 Padoue), le planning familial accueillait des personnes de zones tr\u00e8s amples et populaires, ne se limitant pas \u00e0 son seul quartier. <strong>C\u2019\u00e9tait un lieu \u00ab\u00a0<em>o\u00f9 l\u2019on pouvait exercer son propre droit, avant tout celui de la sant\u00e9 \u00bb<\/em><\/strong>. Elle pr\u00e9cise que la \u2013 bonne \u2013 sant\u00e9 ne signifie pas seulement l\u2019absence de maladie, mais englobe aussi <strong>l\u2019acc\u00e8s au bien-\u00eatre, aussi bien individuel que collectif et relationnel.\u00a0<\/strong><\/span><\/p>\n<h2><b>Cr\u00e9ation de la Consultoria<\/b><\/h2>\n<p><span style=\"font-weight: 400;\"><strong>L\u2019ancien planning familial a \u00e9t\u00e9 occup\u00e9 le 8 mars 2024 par Non Una Di Meno Padoue lors de la gr\u00e8ve transf\u00e9ministe.<\/strong> Le mouvement italien a alors expliqu\u00e9 ce choix :\u00a0<\/span><\/p>\n<blockquote>\n<p><strong>\u00ab Cela fait des ann\u00e9es que cet espace a \u00e9t\u00e9 abandonn\u00e9 par les institutions, laissant un vide dans le quartier et dans toutes la zone sud-ouest de Padoue. Les cons\u00e9quences de la casse sanitaire se refl\u00e8tent aujourd\u2019hui sur nos corps de mani\u00e8re violente, nous laissant sans pr\u00e9vention ni soins m\u00e9dicaux. \u00bb<\/strong><\/p>\n<\/blockquote>\n<figure id=\"attachment_687856\" aria-describedby=\"caption-attachment-687856\" style=\"width: 1024px\" class=\"wp-caption alignnone\"><img loading=\"lazy\" decoding=\"async\" class=\"wp-image-687856 size-medium\" src=\"https:\/\/mrmondialisation.org\/wp-content\/uploads\/2024\/10\/450484835-2239405699825705-1079428971562684043-n-e1728050816298-1024x794.jpeg\" alt=\"\" width=\"1024\" height=\"794\" srcset=\"https:\/\/mrmondialisation.org\/wp-content\/uploads\/2024\/10\/450484835-2239405699825705-1079428971562684043-n-e1728050816298-1024x794.jpeg 1024w, https:\/\/mrmondialisation.org\/wp-content\/uploads\/2024\/10\/450484835-2239405699825705-1079428971562684043-n-e1728050816298-768x595.jpeg 768w, https:\/\/mrmondialisation.org\/wp-content\/uploads\/2024\/10\/450484835-2239405699825705-1079428971562684043-n-e1728050816298-696x539.jpeg 696w, https:\/\/mrmondialisation.org\/wp-content\/uploads\/2024\/10\/450484835-2239405699825705-1079428971562684043-n-e1728050816298-1068x828.jpeg 1068w, https:\/\/mrmondialisation.org\/wp-content\/uploads\/2024\/10\/450484835-2239405699825705-1079428971562684043-n-e1728050816298-542x420.jpeg 542w, https:\/\/mrmondialisation.org\/wp-content\/uploads\/2024\/10\/450484835-2239405699825705-1079428971562684043-n-e1728050816298.jpeg 1080w\" sizes=\"auto, (max-width: 1024px) 100vw, 1024px\"\/><figcaption id=\"caption-attachment-687856\" class=\"wp-caption-text\">\u00ab\u00a0Consultoria lib\u00e9r\u00e9e\u00a0\u00bb. Cr\u00e9dit : <a target=\"_blank\" href=\"https:\/\/www.instagram.com\/p\/C9R1if-szAT\/?img_index=1\" target=\"_blank\" rel=\"noopener\">Luca Profenna<\/a>.<\/figcaption><\/figure>\n<p><span style=\"font-weight: 400;\">Elles ajoutent qu\u2019au-del\u00e0 de la d\u00e9sertification strictement m\u00e9dicale, <strong>\u00ab\u00a0<\/strong><em><strong>les femmes se voient priver de lieux de discussion et d\u2019\u00e9coute, de confrontation et d\u2019auto-formation sur la sexualit\u00e9, le consentement et l\u2019affectivit\u00e9 \u00bb.<\/strong><\/em> Les <em>consultori<\/em> devraient donc \u00eatre des lieux s\u00fbrs ouverts \u00e0 tous\u00b7tes, o\u00f9 l\u2019on pourrait parler d\u2019avortement, d\u2019autod\u00e9termination et de libert\u00e9 de choix, d\u2019apr\u00e8s le mouvement.<\/span><\/p>\n<p><span style=\"font-weight: 400;\">Autre symbole important, c\u2019est l\u2019extension f\u00e9ministe de l\u2019espace du planning familial, sur le fond comme sur la forme. En effet, le nom choisi pour ce lieu f\u00e9ministe : <strong>La Consultoria est en r\u00e9alit\u00e9 la renomination au f\u00e9minin<\/strong> (comme symbole de l\u2019activisme f\u00e9ministe) du mot <em>consultorio<\/em>.\u00a0<\/span><\/p>\n<p><span style=\"font-weight: 400;\">D\u2019apr\u00e8s Eva, l\u2019objectif de la Consultoria n\u2019est pas de se substituer aux <em>consultori<\/em>, mais de s\u2019en inspirer, les relancer et les faire \u00e9voluer. Le but est de<em> <strong>\u00ab\u00a0<\/strong><strong>cr\u00e9er un espace alternatif, une conception alternative du f\u00e9minin et des femmes \u00bb<\/strong><\/em>, mais encore un lieu d\u2019exp\u00e9rimentation et de confrontation.\u00a0<\/span><span style=\"font-weight: 400;\">Pour Alessia, <strong>la cr\u00e9ation de la Consultoria et sa d\u00e9clinaison f\u00e9ministe entrent dans une logique de \u00ab\u00a0<em><strong>r<\/strong>\u00e9appropriation d\u2019un r\u00e9cit sur la sant\u00e9 publique \u00bb<\/em><\/strong>, de d\u00e9nonciation des conditions des femmes, mais aussi de politisation : <\/span><\/p>\n<blockquote>\n<p><span style=\"font-weight: 400;\"><strong><em>\u00ab qui mieux que nous [les femmes] pour conna\u00eetre notre propre corps ? \u00bb<\/em><\/strong><\/span><\/p>\n<\/blockquote>\n<h2><b>La puissance de l\u2019occupation de l\u2019espace public<\/b><\/h2>\n<p><span style=\"font-weight: 400;\"><strong>Un espace physique \u00e9tait devenu n\u00e9cessaire pour l\u2019un des mouvements sociaux les plus importants de la ville, n\u2019ayant pas eu de si\u00e8ge fixe durant plusieurs ann\u00e9es.<\/strong> Dans un pr\u00e9c\u00e9dent article, nous parlions de l\u2019importance de <a target=\"_blank\" href=\"https:\/\/mrmondialisation.org\/climat-passons-du-geste-individuel-a-laction-collective\/\" target=\"_blank\" rel=\"noopener\">l\u2019occupation de l\u2019espace public<\/a><\/span><span style=\"font-weight: 400;\">. Cette forme d\u2019action est en effet un excellent moyen de faire de la politique, de propager une forme de r\u00e9alit\u00e9 divergente par rapport \u00e0 celle impos\u00e9e \u2013 et par ailleurs abstraite \u2013 par le contr\u00f4le de l\u2019administration.<\/span><\/p>\n<blockquote>\n<p><strong>\u00ab Sorella facciamoci spazio \u00bb (S\u0153ur faisons-nous un espace)<\/strong><\/p>\n<\/blockquote>\n<p><span style=\"font-weight: 400;\">Cette phrase r\u00e9sonnait comme une \u00e9vidence au sein du mouvement. Si la cr\u00e9ation de la Consultoria est un grand pas en avant, <strong>Alessia met en garde sur le risque de s\u2019enfermer \u00e0 l\u2019int\u00e9rieur de cet espace : les activit\u00e9s au nouveau si\u00e8ge de Non Una Di Meno doit s\u2019ajouter \u00e0 l\u2019occupation des places et de la rue, et non s\u2019y substituer<\/strong> ; comme une plus-value aux forces d\u00e9j\u00e0 pr\u00e9sentes.<\/span><\/p>\n<figure id=\"attachment_687865\" aria-describedby=\"caption-attachment-687865\" style=\"width: 1024px\" class=\"wp-caption alignnone\"><img loading=\"lazy\" decoding=\"async\" class=\"size-medium wp-image-687865\" src=\"https:\/\/mrmondialisation.org\/wp-content\/uploads\/2024\/10\/334077600-730023548529408-816509194639989502-n-1024x683.jpeg\" alt=\"\" width=\"1024\" height=\"683\" srcset=\"https:\/\/mrmondialisation.org\/wp-content\/uploads\/2024\/10\/334077600-730023548529408-816509194639989502-n-1024x683.jpeg 1024w, https:\/\/mrmondialisation.org\/wp-content\/uploads\/2024\/10\/334077600-730023548529408-816509194639989502-n-768x512.jpeg 768w, https:\/\/mrmondialisation.org\/wp-content\/uploads\/2024\/10\/334077600-730023548529408-816509194639989502-n-696x464.jpeg 696w, https:\/\/mrmondialisation.org\/wp-content\/uploads\/2024\/10\/334077600-730023548529408-816509194639989502-n-1068x712.jpeg 1068w, https:\/\/mrmondialisation.org\/wp-content\/uploads\/2024\/10\/334077600-730023548529408-816509194639989502-n-630x420.jpeg 630w, https:\/\/mrmondialisation.org\/wp-content\/uploads\/2024\/10\/334077600-730023548529408-816509194639989502-n.jpeg 1080w\" sizes=\"auto, (max-width: 1024px) 100vw, 1024px\"\/><figcaption id=\"caption-attachment-687865\" class=\"wp-caption-text\">Cr\u00e9dit : <a target=\"_blank\" href=\"https:\/\/www.instagram.com\/p\/Cpj8LqLszxJ\/?img_index=2\" target=\"_blank\" rel=\"noopener\">Luca Profenna<\/a>.<\/figcaption><\/figure>\n<p><span style=\"font-weight: 400;\">L\u2019espace de la Consultoria permet aussi au mouvement d\u2019\u00eatre plus accessible, visible et permet de proposer plus d\u2019activit\u00e9s qu\u2019auparavant, en plus de la th\u00e9orie et de l\u2019auto-formation. <\/span><\/p>\n<p><span style=\"font-weight: 400;\">La Consultoria propose aujourd\u2019hui <strong>des assembl\u00e9es, des formations, des moments de socialisation, d\u2019information, d\u2019accompagnement<\/strong> ; elle accueille aussi des personnes expertes : une gyn\u00e9cologue et une th\u00e9rapeute du plancher pelvien sont r\u00e9cemment pass\u00e9es pour transmettre des outils. <strong>Pour Alessia, ce sont des instruments d\u2019autod\u00e9termination, qui permettent aux femmes de pouvoir r\u00e9torquer leur expertise lorsqu\u2019un m\u00e9decin les infantilise.\u00a0<\/strong><\/span><\/p>\n<p><span style=\"font-weight: 400;\">De m\u00eame, pour Eva, la Consultoria est un \u00ab\u00a0<em>laboratoire de construction \u00bb<\/em>. Bien que <strong>les militantes ne cherchent pas \u00e0 se substituer aux pratiques m\u00e9dicales<\/strong> et ne prennent pas d\u2019initiatives gyn\u00e9cologiques par exemple, elles consid\u00e8rent que <strong>le partage de savoirs est toujours un cercle vertueux.<\/strong><\/span><\/p>\n<h2><b>Histoire Non Una Di Meno<\/b><\/h2>\n<p><span style=\"font-weight: 400;\"><em>Non Una Di Meno<\/em> (\u00ab Pas une de moins \u00bb en italien) est un mouvement f\u00e9ministe, transf\u00e9ministe et intersectionnel, dont la branche italienne est n\u00e9e en 2016. <strong>Celui-ci se bat contre toutes les formes de violence de genre,<\/strong> et contre tous les visages qui assument le maintien du patriarcat dans la soci\u00e9t\u00e9 dans laquelle nous vivons.\u00a0<\/span><\/p>\n<p><span style=\"font-weight: 400;\"><strong>Le mouvement reprend la forme de <em>Ni Una Menos<\/em> n\u00e9 en Argentine en 2015,<\/strong> et qui s\u2019est \u00e9largi \u00e0 l\u2019international. \u00c0 l\u2019origine, la po\u00e8tesse mexicaine Susana Ch\u00e1vez d\u00e9clarait : <strong>\u00ab\u00a0<\/strong><strong><em>Pas une femme de moins, ni une morte de plus \u00bb<\/em>\u00a0<\/strong>; d\u00e9non\u00e7ant les f\u00e9minicides survenus dans sa ville natale de Ciudad Ju\u00e1rez, o\u00f9 la po\u00e9tesse est morte pour la m\u00eame raison : \u00eatre une femme.<\/span><\/p>\n<p><span style=\"font-weight: 400;\">Les mobilisations f\u00e9ministes de mai 2015 font suite \u00e0 divers \u00e9pisodes de violences patriarcales et au f\u00e9minicide de l\u2019adolescente de 14 ans, Chiara Paez, dans la province argentine de Santa Fe. Ces crimes ont conduit quelques semaines plus tard \u00e0 la cr\u00e9ation de <em>Ni Una Menos<\/em>.<\/span><\/p>\n<h2><b>\u00c0 bas le patriarcat !<\/b><\/h2>\n<p><span style=\"font-weight: 400;\">Pour Alessia, <strong>la naissance de <em>Non Una di Meno<\/em> est la cons\u00e9quence de la violence patriarcale que subissent les femmes et les minorit\u00e9s de genre,<\/strong>\u00a0y compris \u00e0 l\u2019int\u00e9rieur des mouvements sociaux : centres sociaux, espaces multisports, associations de la soci\u00e9t\u00e9 civile, etc.<\/span><\/p>\n<p><span style=\"font-weight: 400;\"><strong>M\u00eame lorsque ces espaces d\u00e9fendent des valeurs antifascistes et f\u00e9ministes, des comportements machistes et misogynes se produisent<\/strong> ; avec peu de r\u00e9actions, autocritiques ou visibilit\u00e9 donn\u00e9e \u00e0 ces agissements de la part des camarades. Pour Alessia, ces ph\u00e9nom\u00e8nes surviennent \u00e0 cause des normes sociales qui nous ont habitu\u00e9s \u00e0 ces types de comportement.<\/span><\/p>\n<figure id=\"attachment_687864\" aria-describedby=\"caption-attachment-687864\" style=\"width: 1024px\" class=\"wp-caption alignnone\"><img loading=\"lazy\" decoding=\"async\" class=\"size-medium wp-image-687864\" src=\"https:\/\/mrmondialisation.org\/wp-content\/uploads\/2024\/10\/img-20240428-184641-1024x768.jpg\" alt=\"\" width=\"1024\" height=\"768\" srcset=\"https:\/\/mrmondialisation.org\/wp-content\/uploads\/2024\/10\/img-20240428-184641-1024x768.jpg 1024w, https:\/\/mrmondialisation.org\/wp-content\/uploads\/2024\/10\/img-20240428-184641-1524x1143.jpg 1524w, https:\/\/mrmondialisation.org\/wp-content\/uploads\/2024\/10\/img-20240428-184641-768x576.jpg 768w, https:\/\/mrmondialisation.org\/wp-content\/uploads\/2024\/10\/img-20240428-184641-1536x1152.jpg 1536w, https:\/\/mrmondialisation.org\/wp-content\/uploads\/2024\/10\/img-20240428-184641-2048x1536.jpg 2048w, https:\/\/mrmondialisation.org\/wp-content\/uploads\/2024\/10\/img-20240428-184641-696x522.jpg 696w, https:\/\/mrmondialisation.org\/wp-content\/uploads\/2024\/10\/img-20240428-184641-1068x801.jpg 1068w, https:\/\/mrmondialisation.org\/wp-content\/uploads\/2024\/10\/img-20240428-184641-560x420.jpg 560w, https:\/\/mrmondialisation.org\/wp-content\/uploads\/2024\/10\/img-20240428-184641-80x60.jpg 80w, https:\/\/mrmondialisation.org\/wp-content\/uploads\/2024\/10\/img-20240428-184641-265x198.jpg 265w\" sizes=\"auto, (max-width: 1024px) 100vw, 1024px\"\/><figcaption id=\"caption-attachment-687864\" class=\"wp-caption-text\">\u00ab Pas tous les hommes = toujours trop nombreux<span style=\"font-weight: 400;\"> \u00bb<\/span>, pancarte \u00e0 l\u2019int\u00e9rieur de la Consultoria. Photo : <a target=\"_blank\" href=\"https:\/\/www.instagram.com\/fsociete_fr\/\" target=\"_blank\" rel=\"noopener\">Fsoci\u00e9t\u00e9<\/a>.<\/figcaption><\/figure>\n<p><span style=\"font-weight: 400;\">Nommer et rendre visible les violences produites par les hommes est indispensable pour d\u00e9noncer un syst\u00e8me patriarcal int\u00e9gr\u00e9 par tous les hommes. <strong>L<\/strong><\/span><span style=\"font-weight: 400;\"><strong>es violences sexistes et sexuelles (VSS) touchent absolument tous les milieux, toutes les classes sociales, tous les secteurs d\u2019activit\u00e9, tous les partis politiques, et sont commises en grande majorit\u00e9 par des hommes.\u00a0<\/strong><\/span><\/p>\n<p><span style=\"font-weight: 400;\"><strong>Le patriarcat est donc un ph\u00e9nom\u00e8ne total et un syst\u00e8me inculqu\u00e9 \u00e0 chaque homme<\/strong> (mais aussi int\u00e9gr\u00e9 par les femmes). Seul un processus continu de d\u00e9construction peut rem\u00e9dier \u00e0 cela.<\/span><\/p>\n<p><span style=\"font-weight: 400;\"><strong>En France, des VSS existent \u00e9galement au sein de partis de gauche, des groupes militants et associatifs.<\/strong> Par exemple, les violences sexuelles commises par <a target=\"_blank\" href=\"https:\/\/information.tv5monde.com\/terriennes\/labbe-pierre-un-mythe-rattrape-par-des-accusations-dagressions-sexuelles-2738646?xtor=SEC-7-GOO-[INFO_SE]-[119843614474]-S-[]&amp;gad_source=5&amp;gclid=EAIaIQobChMI64LQwOvbiAMV4ZRoCR0v6QCUEAAYASAAEgJaCvD_BwE\" target=\"_blank\" rel=\"noopener\">l\u2019Abb\u00e9 Pierre<\/a>, d\u2019apr\u00e8s 20 t\u00e9moignages. Ce personnage a \u00e9t\u00e9 id\u00e9alis\u00e9 au vu de ses combats pour d\u00e9fendre les personnes marginalis\u00e9es. Pourtant, l\u2019homme a abus\u00e9 de personnes dans le besoin, mineurs inclus. Il a profit\u00e9 de sa position de force, selon la journaliste Isabelle De Gaulmin, mais aussi de la complicit\u00e9 de l\u2019\u00c9glise rest\u00e9e silencieuse.<\/span><span style=\"font-weight: 400;\">\u00a0<\/span><\/p>\n<h2><b>F\u00e9minicide de Giulia<\/b><\/h2>\n<p><span style=\"font-weight: 400;\"><strong>La ville de Padoue a particuli\u00e8rement \u00e9t\u00e9 secou\u00e9e par le f\u00e9minicide de Giulia Cecchettin le 11 novembre 2023, \u00e0 l\u2019\u00e2ge de 22 ans, commis par son ancien compagnon.<\/strong> La jeune fille \u00e9tait port\u00e9e disparue avant que son corps ne soit retrouv\u00e9 dans un ravin une semaine plus tard.\u00a0<\/span><\/p>\n<figure id=\"attachment_687863\" aria-describedby=\"caption-attachment-687863\" style=\"width: 1024px\" class=\"wp-caption alignnone\"><img loading=\"lazy\" decoding=\"async\" class=\"size-medium wp-image-687863\" src=\"https:\/\/mrmondialisation.org\/wp-content\/uploads\/2024\/10\/334182839-901786354275447-262456048229978914-n-1024x683.jpeg\" alt=\"\" width=\"1024\" height=\"683\" srcset=\"https:\/\/mrmondialisation.org\/wp-content\/uploads\/2024\/10\/334182839-901786354275447-262456048229978914-n-1024x683.jpeg 1024w, https:\/\/mrmondialisation.org\/wp-content\/uploads\/2024\/10\/334182839-901786354275447-262456048229978914-n-768x512.jpeg 768w, https:\/\/mrmondialisation.org\/wp-content\/uploads\/2024\/10\/334182839-901786354275447-262456048229978914-n-696x464.jpeg 696w, https:\/\/mrmondialisation.org\/wp-content\/uploads\/2024\/10\/334182839-901786354275447-262456048229978914-n-1068x712.jpeg 1068w, https:\/\/mrmondialisation.org\/wp-content\/uploads\/2024\/10\/334182839-901786354275447-262456048229978914-n-630x420.jpeg 630w, https:\/\/mrmondialisation.org\/wp-content\/uploads\/2024\/10\/334182839-901786354275447-262456048229978914-n.jpeg 1080w\" sizes=\"auto, (max-width: 1024px) 100vw, 1024px\"\/><figcaption id=\"caption-attachment-687863\" class=\"wp-caption-text\">\u00ab D\u2019amour on ne meurt pas. S\u0153ur, moi je te crois<span style=\"font-weight: 400;\"> \u00bb<\/span>. Photo : <a target=\"_blank\" href=\"https:\/\/www.instagram.com\/p\/CpkO-caMppk\/?img_index=3\" target=\"_blank\" rel=\"noopener\">Luca Profenna<\/a>.<\/figcaption><\/figure>\n<p><span style=\"font-weight: 400;\">Selon Eva, <strong>l\u2019assassinat de l\u2019\u00e9tudiante de l\u2019Universit\u00e9 de Padoue a litt\u00e9ralement chang\u00e9 le cadre de l\u2019activisme f\u00e9ministe et le discours des citoyen\u00b7nes<\/strong> : \u00ab\u00a0<em>Nous somme pass\u00e9es de petites assembl\u00e9es \u00e0 de grandes assembl\u00e9es au sein de l\u2019Universit\u00e9 \u00bb<\/em>, constate-t-elle.\u00a0<\/span><\/p>\n<p><span style=\"font-weight: 400;\">D\u00e8s l\u2019annonce du f\u00e9minicide du Giulia, <\/span><span style=\"font-weight: 400;\"><b>de nombreuses manifestations se sont succ\u00e9d\u00e9s \u00e0 Padoue, dont une r\u00e9unissant <\/b><strong>15 000 personnes<\/strong> selon <a target=\"_blank\" style=\"font-weight: 400;\" href=\"https:\/\/ilmanifesto.it\/padova-brucia-per-giulia\" target=\"_blank\" rel=\"noopener\">Il Manifesto<\/a><\/span><span style=\"font-weight: 400;\">). Puis, le 25 novembre 2023, lors de la Journ\u00e9e internationale de lutte contre les violences faites aux femmes, <a target=\"_blank\" href=\"https:\/\/www.rainews.it\/maratona\/2023\/11\/25-novembre-litalia-scende-in-piazza-e-fa-rumore-per-dire-basta-alla-violenza-diretta-live-aggiornamenti-in-tempo-reale-967989a1-1e9d-41b3-b07e-a15ec3c8a29f.html\" target=\"_blank\" rel=\"noopener\">un demi-million de manifestant\u00b7es \u00e0 Rome<\/a> a \u00e9t\u00e9 d\u00e9nombr\u00e9<\/span><span style=\"font-weight: 400;\">.<\/span><\/p>\n<blockquote>\n<p><em><strong>\u00ab Quand Giulia a disparu, avant m\u00eame de retrouver son corps, nous savions, nous avions toutes le pressentiment de ce qu\u2019il s\u2019\u00e9tait pass\u00e9 \u00bb<\/strong><\/em><\/p>\n<\/blockquote>\n<p><span style=\"font-weight: 400;\">Ce pressentiment n\u2019est pas anodin : <strong>Cela r\u00e9v\u00e8le les peurs que vivent les femmes au quotidien du fait que ces violences se succ\u00e8dent.<\/strong><\/span><\/p>\n<h2><b>Le f\u00e9minicide de trop<\/b><\/h2>\n<p><span style=\"font-weight: 400;\">Pour Alessia, le meurtre de Giulia est la goutte d\u2019eau qui fait d\u00e9border un vase d\u00e9j\u00e0 bien trop plein (<a target=\"_blank\" href=\"https:\/\/www.ansa.it\/sito\/notizie\/cronaca\/2024\/03\/07\/120-donne-uccise-nel-2023-la-meta-dal-compagno-o-da-ex_89208ed0-158c-4ce0-8e95-24607ee09ec1.html\" target=\"_blank\" rel=\"noopener\">120 f\u00e9minicides<\/a> recens\u00e9s en Italie en 2023<\/span><span style=\"font-weight: 400;\">) :<strong><em> \u00ab Giulia \u00e9tait potentiellement la proche de n\u2019importe qui d\u2019entre nous \u00bb<\/em><\/strong>. Surtout, <strong>l\u2019auteur du crime, Filippo, lui aussi jeune \u00e9tudiant \u00e0 l\u2019Universit\u00e9 de Padoue, pouvait \u00eatre le proche de n\u2019importe qui.\u00a0<\/strong><\/span><\/p>\n<figure id=\"attachment_687862\" aria-describedby=\"caption-attachment-687862\" style=\"width: 1024px\" class=\"wp-caption alignnone\"><img loading=\"lazy\" decoding=\"async\" class=\"size-medium wp-image-687862\" src=\"https:\/\/mrmondialisation.org\/wp-content\/uploads\/2024\/10\/411706373-864888045292957-198167624186236914-n-1024x728.jpeg\" alt=\"\" width=\"1024\" height=\"728\" srcset=\"https:\/\/mrmondialisation.org\/wp-content\/uploads\/2024\/10\/411706373-864888045292957-198167624186236914-n-1024x728.jpeg 1024w, https:\/\/mrmondialisation.org\/wp-content\/uploads\/2024\/10\/411706373-864888045292957-198167624186236914-n-768x546.jpeg 768w, https:\/\/mrmondialisation.org\/wp-content\/uploads\/2024\/10\/411706373-864888045292957-198167624186236914-n-696x495.jpeg 696w, https:\/\/mrmondialisation.org\/wp-content\/uploads\/2024\/10\/411706373-864888045292957-198167624186236914-n-1068x759.jpeg 1068w, https:\/\/mrmondialisation.org\/wp-content\/uploads\/2024\/10\/411706373-864888045292957-198167624186236914-n-591x420.jpeg 591w, https:\/\/mrmondialisation.org\/wp-content\/uploads\/2024\/10\/411706373-864888045292957-198167624186236914-n-100x70.jpeg 100w, https:\/\/mrmondialisation.org\/wp-content\/uploads\/2024\/10\/411706373-864888045292957-198167624186236914-n.jpeg 1080w\" sizes=\"auto, (max-width: 1024px) 100vw, 1024px\"\/><figcaption id=\"caption-attachment-687862\" class=\"wp-caption-text\">\u00ab Plus jamais seul.e. Plus jamais silencieux.se.<span style=\"font-weight: 400;\"> \u00bb<\/span> Photo : <a target=\"_blank\" href=\"https:\/\/www.instagram.com\/p\/C06UoOgs6MU\/?img_index=1\" target=\"_blank\" rel=\"noopener\">Luca Profenna<\/a>.<\/figcaption><\/figure>\n<p><span style=\"font-weight: 400;\">Selon Alessia, les m\u00e9dias mainstream d\u00e9finissent les vies du meurtrier et de la victime comme \u00ab normales \u00bb, un adjectif que n\u2019utilise pas les militantes. Mais <strong>leur profil de jeunes \u00e9tudiants blancs issus des classes moyennes, montre que les violences de genre peuvent arriver \u00e0 n\u2019importe qui et \u00eatre commise par tout profil d\u2019homme<\/strong>, pas seulement \u00e0 la marginalit\u00e9, comme voudraient le faire croire les id\u00e9es re\u00e7ues et les discours racistes. <strong>Aucune femme n\u2019est \u00e0 l\u2019abri des violences du patriarcat<\/strong>.<\/span><\/p>\n<p><span style=\"font-weight: 400;\">Fait in\u00e9dit : le p\u00e8re et la s\u0153ur de Giulia ont de suite communiqu\u00e9 de mani\u00e8re claire et lucide, <strong>en invitant \u00e0 la mobilisation et en d\u00e9non\u00e7ant ce f\u00e9minicide comme le fruit du patriarcat et de la possessivit\u00e9 masculine.\u00a0<\/strong><\/span><\/p>\n<p><span style=\"font-weight: 400;\">Alessia salut par ailleurs le courage d\u2019Elena Cecchettin, s\u0153ur de la d\u00e9funte, pour son passage en direct sur <a target=\"_blank\" href=\"https:\/\/www.globalist.it\/media\/2020\/02\/04\/rete-4-la-tv-della-destra-salvini-e-meloni-5-volte-piu-presenti-degli-altri-politici\/\" target=\"_blank\" rel=\"noopener\">Rete 4<\/a> (cha\u00eene de t\u00e9l\u00e9 priv\u00e9e italienne pr\u00e9sentant une ligne \u00e9ditoriale favorable \u00e0 l\u2019extr\u00eame-droite<\/span><span style=\"font-weight: 400;\">) et le ciblage de son discours \u00e0 l\u2019encontre des dominations patriarcales.<strong> Les attaques des forces d\u2019extr\u00eame-droite, dont la Lega, ne se sont pas faites attendre, d\u2019apr\u00e8s Alessia.<\/strong><\/span><\/p>\n<p><span style=\"font-weight: 400;\">De plus, <strong>Eva consid\u00e8re que les massives mobilisations pour Giulia permettent aux femmes de ne plus \u00eatre vues comme \u00ab\u00a0<em>l\u2019habituelle fille qui exag\u00e8re \u00bb<\/em>, comme une \u00ab\u00a0<em>folle \u00bb<\/em>\u00a0ou bien une \u00ab\u00a0<em>hyst\u00e9rique \u00bb<\/em><\/strong>, lorsqu\u2019elles disent avoir peur qu\u2019un gar\u00e7on les violente. La militante ajoute :\u00a0<\/span><\/p>\n<blockquote>\n<p><strong>\u00ab Ce f\u00e9minicide nous a profond\u00e9ment touch\u00e9, dans nos c\u0153urs, en particulier dans la communaut\u00e9 universitaire. [\u2026] Cela nous touche tous\u00b7tes, nous r\u00e9alisons que nous pouvons perdre ainsi la vie \u00e0 padouE, ce f\u00e9minicide est la r\u00e9alit\u00e9 de nos vies. \u00bb<\/strong><\/p>\n<\/blockquote>\n<p><span style=\"font-weight: 400;\">Eva raconte s\u2019\u00eatre mise \u00e0 penser \u00e0 toutes ses copines qui ont eu des probl\u00e8mes de jalousie avec leurs compagnons : <em><strong>\u00ab\u00a0<\/strong><strong>Giulia \u00e9tait n\u2019importe laquelle de mes copines, ou moi-m\u00eame, c\u2019est une camarade. Il ne s\u2019agit plus d\u2019une nouvelle du t\u00e9l\u00e9journal que l\u2019on regarderait de loin \u00bb<\/strong><\/em>, dit-elle avec effroi et responsabilit\u00e9.<\/span><\/p>\n<h2><b>Cr\u00e9er un langage f\u00e9ministe<\/b><\/h2>\n<figure id=\"attachment_687861\" aria-describedby=\"caption-attachment-687861\" style=\"width: 1024px\" class=\"wp-caption alignnone\"><img loading=\"lazy\" decoding=\"async\" class=\"size-medium wp-image-687861\" src=\"https:\/\/mrmondialisation.org\/wp-content\/uploads\/2024\/10\/461539347-865202389044857-4057393206962568818-n-1024x683.jpeg\" alt=\"\" width=\"1024\" height=\"683\" srcset=\"https:\/\/mrmondialisation.org\/wp-content\/uploads\/2024\/10\/461539347-865202389044857-4057393206962568818-n-1024x683.jpeg 1024w, https:\/\/mrmondialisation.org\/wp-content\/uploads\/2024\/10\/461539347-865202389044857-4057393206962568818-n-768x512.jpeg 768w, https:\/\/mrmondialisation.org\/wp-content\/uploads\/2024\/10\/461539347-865202389044857-4057393206962568818-n-696x464.jpeg 696w, https:\/\/mrmondialisation.org\/wp-content\/uploads\/2024\/10\/461539347-865202389044857-4057393206962568818-n-1068x712.jpeg 1068w, https:\/\/mrmondialisation.org\/wp-content\/uploads\/2024\/10\/461539347-865202389044857-4057393206962568818-n-630x420.jpeg 630w, https:\/\/mrmondialisation.org\/wp-content\/uploads\/2024\/10\/461539347-865202389044857-4057393206962568818-n.jpeg 1080w\" sizes=\"auto, (max-width: 1024px) 100vw, 1024px\"\/><figcaption id=\"caption-attachment-687861\" class=\"wp-caption-text\">\u00ab\u00a0Pro-Vie ? Non, Anti-Choix\u00a0\u00bb ; au sujet des personnes oppos\u00e9es au droit \u00e0 l\u2019avortement. Photo : <a target=\"_blank\" href=\"https:\/\/www.instagram.com\/p\/DAeGWOYM5io\/?img_index=9\" target=\"_blank\" rel=\"noopener\">Luca Profenna<\/a>.<\/figcaption><\/figure>\n<p><span style=\"font-weight: 400;\">D\u2019apr\u00e8s Alessia, <strong>\u00ab\u00a0<\/strong><strong><em>les camarades qui ont organis\u00e9 Non Una Di Meno ont \u00e9t\u00e9 d\u2019embl\u00e9e tr\u00e8s claires sur les concepts comme le consentement, le respect, l\u2019\u00e9ducation et les diff\u00e9rences \u00bb<\/em><\/strong>. Elle ajoute que l\u2019une des forces du mouvement est sa capacit\u00e9 \u00e0 nommer les choses par la diffusion d\u2019un langage sp\u00e9cifique. <strong>En effet, c\u2019est en nommant et en donnant un cadre aux violences de genre, que l\u2019on parvient \u00e0 les inscrire dans les consciences collectives : \u00ab\u00a0<em>si nous ne pensons pas une forme de domination introspectivement, alors celle-ci n\u2019existe pas \u00bb<\/em>.<\/strong><\/span><\/p>\n<p><span style=\"font-weight: 400;\">D\u2019ailleurs, la militante insiste sur l\u2019importance de l\u2019infusion du vocabulaire f\u00e9ministe dans la progression du mouvement : \u00ab <em>Non Una Di Meno n\u2019a pas surgit le 25 novembre dernier (2023), <strong>c\u2019est le fruit de huit ann\u00e9es o\u00f9 tant de femmes et de personnes queer ont commenc\u00e9 \u00e0 nommer dans l\u2019espace public ces types de violences \u00bb<\/strong>.<\/em>\u00a0<\/span><\/p>\n<p><span style=\"font-weight: 400;\">Cela a permis \u00e0 ces personnes de <strong>mettre en lumi\u00e8re les violences patriarcales, dans une soci\u00e9t\u00e9 qui voudrait les rendre coupables.<\/strong> \u00c0 peine quelques ann\u00e9es en arri\u00e8re, il aurait \u00e9t\u00e9 reproch\u00e9 aux victimes de f\u00e9minicide de l\u2019avoir \u00ab\u00a0<em>bien cherch\u00e9 \u00bb<\/em>\u00a0. Mais la donne semble avoir progressivement chang\u00e9 selon Alessia :<\/span><\/p>\n<blockquote>\n<p><strong>\u00ab Le travail de Non Una Di Meno a \u00e9t\u00e9 celui de d\u00e9manteler tous ces st\u00e9r\u00e9otypes en cr\u00e9ant un langage qui parvient \u00e0 cr\u00e9er un imaginaire de lib\u00e9ration vis-\u00e0-vis du syst\u00e8me patriarcal. \u00bb<\/strong><\/p>\n<\/blockquote>\n<p><span style=\"font-weight: 400;\">Pour Eva, le vocabulaire f\u00e9ministe atteint m\u00eame le discours mainstream ; une terminologie que l\u2019on commence \u00e0 voir appara\u00eetre dans les m\u00e9dias de masse. <strong>Non Una Di Meno parvient \u00e0 concilier son discours radical avec sa p\u00e9n\u00e9tration dans les discours de masse, malgr\u00e9 le risque de r\u00e9cup\u00e9ration par le syst\u00e8me capitaliste.<\/strong><\/span><\/p>\n<p><span style=\"font-weight: 400;\">Le revers de la m\u00e9daille de l\u2019occupation de l\u2019espace public par les f\u00e9ministes, mais encore par les communaut\u00e9s LGBTQI+, est <strong>la recrudescence d\u2019une onde de misogynie et d\u2019homophobie en opposition<\/strong> <strong>:<\/strong>\u00a0<\/span><\/p>\n<blockquote>\n<p><span style=\"font-weight: 400;\"><strong>\u00ab Les forces fascistes se veulent de plus en plus f\u00e9roces parce qu\u2019elles ont peur de l\u2019avanc\u00e9e de notre discours politique. \u00bb<\/strong><\/span><\/p>\n<\/blockquote>\n<p><span style=\"font-weight: 400;\">Alessia reste d\u2019ailleurs attentive sur le fait que combattre le fascisme ne suffit pas \u00e0 gagner sur les questions du f\u00e9minisme, de l\u2019avortement, de la sant\u00e9 ou encore des droits humains. <strong>En effet, des partis politiques, pr\u00e9tendument proches des id\u00e9es de gauche, votent en faveur de l\u2019effort de guerre, selon la militante.<\/strong> Ces partis ont, par exemple, attendu de longs mois avant de <a target=\"_blank\" href=\"https:\/\/mrmondialisation.org\/spazio-catai-resistance-palestine-venetie\/\">prendre position contre le g\u00e9nocide en Palestine<\/a>. <strong>L\u2019imp\u00e9rialisme et le f\u00e9minisme ne font pas bon m\u00e9nage.<\/strong><\/span><\/p>\n<h2><b>D\u00e9gradation du syst\u00e8me de sant\u00e9<\/b><\/h2>\n<figure id=\"attachment_687860\" aria-describedby=\"caption-attachment-687860\" style=\"width: 1024px\" class=\"wp-caption alignnone\"><img loading=\"lazy\" decoding=\"async\" class=\"size-medium wp-image-687860\" src=\"https:\/\/mrmondialisation.org\/wp-content\/uploads\/2024\/10\/431745323-1073859347009172-4772799896717006265-n-1024x683.jpeg\" alt=\"\" width=\"1024\" height=\"683\" srcset=\"https:\/\/mrmondialisation.org\/wp-content\/uploads\/2024\/10\/431745323-1073859347009172-4772799896717006265-n-1024x683.jpeg 1024w, https:\/\/mrmondialisation.org\/wp-content\/uploads\/2024\/10\/431745323-1073859347009172-4772799896717006265-n-768x512.jpeg 768w, https:\/\/mrmondialisation.org\/wp-content\/uploads\/2024\/10\/431745323-1073859347009172-4772799896717006265-n-696x464.jpeg 696w, https:\/\/mrmondialisation.org\/wp-content\/uploads\/2024\/10\/431745323-1073859347009172-4772799896717006265-n-1068x712.jpeg 1068w, https:\/\/mrmondialisation.org\/wp-content\/uploads\/2024\/10\/431745323-1073859347009172-4772799896717006265-n-630x420.jpeg 630w, https:\/\/mrmondialisation.org\/wp-content\/uploads\/2024\/10\/431745323-1073859347009172-4772799896717006265-n.jpeg 1080w\" sizes=\"auto, (max-width: 1024px) 100vw, 1024px\"\/><figcaption id=\"caption-attachment-687860\" class=\"wp-caption-text\">\u00ab Nous faisons gr\u00e8ve contre la violence patriarcale<span style=\"font-weight: 400;\"> \u00bb<\/span>. Sur les panneaux de gauche \u00e0 droite : \u00ab Avec les s\u0153urs palestiniennes <span style=\"font-weight: 400;\">\u00bb<\/span> \/ \u00ab Pas de pays libre sans les femmes libres <span style=\"font-weight: 400;\">\u00bb<\/span> \/ \u00ab Pas de 8 mars sans une Palestine libre <span style=\"font-weight: 400;\">\u00bb<\/span>. Photo : <a target=\"_blank\" href=\"https:\/\/www.instagram.com\/p\/C4SYclBMRbG\/?img_index=1\" target=\"_blank\" rel=\"noopener\">Luca Profenna<\/a>.<\/figcaption><\/figure>\n<p><span style=\"font-weight: 400;\">Ce qui nous a marqu\u00e9 en premier lieu lors de notre rencontre avec les militantes de la Consultoria, <strong>c\u2019est leur capacit\u00e9 et leur volont\u00e9 de penser l\u2019intersectionnalit\u00e9 des luttes, de comprendre l\u2019imbrication entre les violences de genre, de classes sociales ou encore de race.<\/strong> Par exemple, si la d\u00e9gradation du secteur de la sant\u00e9 touche avant tout les femmes, notamment en ce qui concerne les difficult\u00e9s d\u2019acc\u00e8s \u00e0 l\u2019avortement, <a target=\"_blank\" href=\"https:\/\/mrmondialisation.org\/cabinets-de-conseil-leur-influence-demesuree-sur-la-sante-publique\/\">Alessia critique en amont les logiques n\u00e9olib\u00e9rales qui affecte les populations les plus vuln\u00e9rables.<\/a><\/span><\/p>\n<p><span style=\"font-weight: 400;\"><strong>Selon la militante, les logiques criminelles de casse de la sant\u00e9 publique s\u2019aggravent progressivement depuis plus de 20 ans.<\/strong> La logique du profit conduit \u00e0 la privatisation du secteur, aux listes d\u2019attente interminables, au renvoi du patient le plus t\u00f4t possible chez lui (parce qu\u2019il est co\u00fbt pour l\u2019h\u00f4pital qui fonctionne d\u00e9sormais comme une entreprise), \u00e0 la fermeture des consultori (4 sur les 12 derni\u00e8res ann\u00e9es \u00e0 Padoue), ou encore \u00e0 des coupes budg\u00e9taires, etc.<\/span><\/p>\n<p><span style=\"font-weight: 400;\"><strong>Le <em>consultorio<\/em>, n\u00e9 sur les ondes f\u00e9ministes des ann\u00e9es 70, repr\u00e9sentait ainsi une institution avant-gardiste tr\u00e8s diff\u00e9rente de la sant\u00e9 publique, avec une vision collective et une prospective non seulement sanitaire, mais aussi psychologique et sociale.<\/strong> Des espaces centr\u00e9s sur la sant\u00e9 de genre, la logop\u00e9die pour les enfants, la parentalit\u00e9, des services de psychologie ou encore de gyn\u00e9cologie.\u00a0<\/span><\/p>\n<p><span style=\"font-weight: 400;\">D\u00e9sormais, ces lieux d\u2019entraide sont directement attaqu\u00e9s par les politiques gouvernementales, lorsqu\u2019ils ne sont pas abandonn\u00e9s. <strong>En effet, <a target=\"_blank\" href=\"https:\/\/www.france24.com\/fr\/europe\/20240426-l-italie-ouvre-les-portes-des-cliniques-publiques-aux-militants-anti-avortement\" target=\"_blank\" rel=\"noopener\">le gouvernement Meloni<\/a> a adopt\u00e9 le 23 avril 2024 une mesure autorisant les organisations anti-avortement \u00e0 acc\u00e9der aux <em>consultori<\/em>, une strat\u00e9gie qui vient contrer id\u00e9ologiquement l\u2019autod\u00e9termination des femmes.\u00a0<\/strong><\/span><\/p>\n<figure id=\"attachment_687859\" aria-describedby=\"caption-attachment-687859\" style=\"width: 1024px\" class=\"wp-caption alignnone\"><img loading=\"lazy\" decoding=\"async\" class=\"size-medium wp-image-687859\" src=\"https:\/\/mrmondialisation.org\/wp-content\/uploads\/2024\/10\/440016873-1072009353898487-5187094919388200663-n-1024x852.jpeg\" alt=\"\" width=\"1024\" height=\"852\" srcset=\"https:\/\/mrmondialisation.org\/wp-content\/uploads\/2024\/10\/440016873-1072009353898487-5187094919388200663-n-1024x852.jpeg 1024w, https:\/\/mrmondialisation.org\/wp-content\/uploads\/2024\/10\/440016873-1072009353898487-5187094919388200663-n-768x639.jpeg 768w, https:\/\/mrmondialisation.org\/wp-content\/uploads\/2024\/10\/440016873-1072009353898487-5187094919388200663-n-696x579.jpeg 696w, https:\/\/mrmondialisation.org\/wp-content\/uploads\/2024\/10\/440016873-1072009353898487-5187094919388200663-n-1068x889.jpeg 1068w, https:\/\/mrmondialisation.org\/wp-content\/uploads\/2024\/10\/440016873-1072009353898487-5187094919388200663-n-505x420.jpeg 505w, https:\/\/mrmondialisation.org\/wp-content\/uploads\/2024\/10\/440016873-1072009353898487-5187094919388200663-n.jpeg 1080w\" sizes=\"auto, (max-width: 1024px) 100vw, 1024px\"\/><figcaption id=\"caption-attachment-687859\" class=\"wp-caption-text\">\u00ab Nous voulons un Consultorio (\u00e9quivalent du planning familial) pour chaque 20 000 habitants <span style=\"font-weight: 400;\">\u00bb<\/span>. Photo : <a target=\"_blank\" href=\"https:\/\/www.instagram.com\/p\/C5_iyZPMHvw\/?img_index=2\" target=\"_blank\" rel=\"noopener\">Luca Profenna<\/a>.<\/figcaption><\/figure>\n<p><span style=\"font-weight: 400;\">Pour Eva, le <em>consultorio<\/em> devrait \u00eatre un espace d\u2019aide pour tous types de probl\u00e8mes, comme un premier point d\u2019acc\u00e8s. Quant \u00e0 Alessia, elle s\u2019inqui\u00e8te des cons\u00e9quences de la centralisation de la sant\u00e9.<strong> En V\u00e9n\u00e9tie par exemple, les grands h\u00f4pitaux centralisent la sant\u00e9 alors que les petites pr\u00e9sences territoriales ferment peu \u00e0 peu.<\/strong> Cela repr\u00e9sente une double peine pour les personnes vivant en p\u00e9riph\u00e9ries et d\u00e9laiss\u00e9s par le syst\u00e8me.<\/span><\/p>\n<h2><strong>Conclusion<\/strong><\/h2>\n<p><span style=\"font-weight: 400;\"><strong>En somme, la Consultoria occup\u00e9e par Non Una Di Meno est r\u00e9v\u00e9latrice de la volont\u00e9 d\u2019autod\u00e9termination des femmes et des minorit\u00e9s.<\/strong> La progression du mouvement et des valeurs transf\u00e9ministes sont le fruit d\u2019un travail de longue haleine, et de la diffusion d\u2019un langage permettant de r\u00e9v\u00e9ler l\u2019existence des violences de genre dans les consciences. <strong>Les mobilisations suite au f\u00e9minicide de Giulia sont \u00e0 la fois l\u2019expression d\u2019un trop plein et d\u2019une menace constante et quotidienne pour les femmes.\u00a0<\/strong><\/span><\/p>\n<p><span style=\"font-weight: 400;\"><strong>L\u2019occupation de l\u2019espace public est d\u2019autant plus cruciale que le gouvernement n\u00e9o-fasciste italien oppose une force tout \u00e0 fait contraire aux droits des femmes et des minorit\u00e9s de genre.<\/strong> Les espaces de sant\u00e9 publique se d\u00e9gradent voire disparaissent, en particulier les <em>consultori<\/em> ; alors que l\u2019acc\u00e8s \u00e0 l\u2019IVG est peu \u00e0 peu pi\u00e9tin\u00e9 par les d\u00e9cideurs politiques, et ce dans l\u2019irrespect de la loi de 1978 garantissant \u2013 en th\u00e9orie \u2013 le droit \u00e0 l\u2019avortement.<\/span><\/p>\n<p style=\"text-align: right;\"><em><strong>\u2013 Benjamin Remtoula (<a target=\"_blank\" href=\"https:\/\/www.instagram.com\/fsociete_fr\/\" target=\"_blank\" rel=\"noopener\">Fsoci\u00e9t\u00e9<\/a>)<\/strong><\/em><\/p>\n<hr\/>\n<p>Photo de couverture de\u00a0Luca Profenna.<\/p>\n<div class=\"td-a-rec td-a-rec-id-content_bottom  tdi_2 td_block_template_1\">\n<span class=\"td-adspot-title\">&#8211; Cet article gratuit et ind\u00e9pendant existe gr\u00e2ce \u00e0 vous &#8211;<\/span><\/p>\n<div class=\"td-all-devices\">\n    <a target=\"_blank\" href=\"https:\/\/mrmondialisation.org\/donation\/\" title=\"Faire_un_don\"><img decoding=\"async\" class=\"donationArticle\" src=\"https:\/\/mrmondialisation.org\/wp-content\/uploads\/2022\/12\/220405-flikalicious-final.jpg\" alt=\"Donation\"\/><\/a>\n<\/div>\n<\/div><\/div>\n<p><script async defer src=\"https:\/\/platform.instagram.com\/en_US\/embeds.js\"><\/script><br \/>\n<br \/><br \/>\n<br \/><a href=\"https:\/\/mrmondialisation.org\/en-italie-des-feministes-occupent-un-planning-familial\/\" target=\"_blank\"\">Source link <\/a><\/p>\n","protected":false},"excerpt":{"rendered":"<p>Dans l\u2019Italie de Giorgia Meloni, les droits des femmes sont s\u00e9rieusement menac\u00e9s, particuli\u00e8rement en ce qui concerne l\u2019acc\u00e8s \u00e0 l\u2019avortement. Un r\u00e9trop\u00e9dalage inqui\u00e9tant qui s\u2019oppose \u00e0 l\u2019autod\u00e9termination des femmes. Face&hellip; <\/p>\n","protected":false},"author":1,"featured_media":151,"comment_status":"open","ping_status":"open","sticky":false,"template":"","format":"standard","meta":{"footnotes":""},"categories":[1],"tags":[],"class_list":["post-150","post","type-post","status-publish","format-standard","has-post-thumbnail","hentry","category-non-classe"],"_links":{"self":[{"href":"https:\/\/monde25.info\/index.php\/wp-json\/wp\/v2\/posts\/150","targetHints":{"allow":["GET"]}}],"collection":[{"href":"https:\/\/monde25.info\/index.php\/wp-json\/wp\/v2\/posts"}],"about":[{"href":"https:\/\/monde25.info\/index.php\/wp-json\/wp\/v2\/types\/post"}],"author":[{"embeddable":true,"href":"https:\/\/monde25.info\/index.php\/wp-json\/wp\/v2\/users\/1"}],"replies":[{"embeddable":true,"href":"https:\/\/monde25.info\/index.php\/wp-json\/wp\/v2\/comments?post=150"}],"version-history":[{"count":0,"href":"https:\/\/monde25.info\/index.php\/wp-json\/wp\/v2\/posts\/150\/revisions"}],"wp:featuredmedia":[{"embeddable":true,"href":"https:\/\/monde25.info\/index.php\/wp-json\/wp\/v2\/media\/151"}],"wp:attachment":[{"href":"https:\/\/monde25.info\/index.php\/wp-json\/wp\/v2\/media?parent=150"}],"wp:term":[{"taxonomy":"category","embeddable":true,"href":"https:\/\/monde25.info\/index.php\/wp-json\/wp\/v2\/categories?post=150"},{"taxonomy":"post_tag","embeddable":true,"href":"https:\/\/monde25.info\/index.php\/wp-json\/wp\/v2\/tags?post=150"}],"curies":[{"name":"wp","href":"https:\/\/api.w.org\/{rel}","templated":true}]}}