{"id":1502,"date":"2024-12-04T17:40:37","date_gmt":"2024-12-04T16:40:37","guid":{"rendered":"https:\/\/monde25.info\/index.php\/2024\/12\/04\/une-cle-vers-la-sortie-de-la-veme-prison-de-france-les-moutons-enrages\/"},"modified":"2024-12-04T17:40:37","modified_gmt":"2024-12-04T16:40:37","slug":"une-cle-vers-la-sortie-de-la-veme-prison-de-france-les-moutons-enrages","status":"publish","type":"post","link":"https:\/\/monde25.info\/index.php\/2024\/12\/04\/une-cle-vers-la-sortie-de-la-veme-prison-de-france-les-moutons-enrages\/","title":{"rendered":"Une cl\u00e9 vers la sortie de la V\u00e8me prison de France \u2013 Les moutons enrag\u00e9s"},"content":{"rendered":"<p> <br \/>\n<\/p>\n<div>\n<p>Un sujet que notre JClaude va appr\u00e9cier. Pour ceux qui ne l\u2019ont pas consult\u00e9,  <a target=\"_blank\" href=\"https:\/\/lesmoutonsenrages.fr\/2024\/08\/30\/rappel-travaux-constitutionnels\/\"><strong>Lien permanent vers l\u2019article \u201cTRAVAUX CONSTITUTIONNELS\u201d<\/strong><\/a> par JClaude. <\/p>\n<p>Par <a target=\"_blank\" href=\"https:\/\/www.agoravox.fr\/auteur\/karugido\">Karugido<\/a> pour <a target=\"_blank\" href=\"https:\/\/www.agoravox.fr\/actualites\/politique\/article\/une-cle-vers-la-sortie-de-la-veme-256653\">Agoravox<\/a><\/p>\n<div class=\"wp-block-image\">\n<figure class=\"aligncenter size-large\"><img fetchpriority=\"high\" decoding=\"async\" width=\"330\" height=\"330\" src=\"https:\/\/lesmoutonsenrages.fr\/wp-content\/uploads\/2024\/12\/image-7-330x330.png\" alt=\"\" class=\"wp-image-164223\" srcset=\"https:\/\/lesmoutonsenrages.fr\/wp-content\/uploads\/2024\/12\/image-7-330x330.png 330w, https:\/\/lesmoutonsenrages.fr\/wp-content\/uploads\/2024\/12\/image-7-250x250.png 250w, https:\/\/lesmoutonsenrages.fr\/wp-content\/uploads\/2024\/12\/image-7-150x150.png 150w, https:\/\/lesmoutonsenrages.fr\/wp-content\/uploads\/2024\/12\/image-7.png 620w\" sizes=\"(max-width: 330px) 100vw, 330px\"\/><figcaption class=\"wp-element-caption\"><strong>Une cl\u00e9 vers la sortie de la V\u00e8me prison de France<\/strong><\/figcaption><\/figure>\n<\/div>\n<p>Que vous soyez salari\u00e9 d\u2019une entreprise, en CDI, CDD ou en int\u00e9rim.<br \/>Que vous soyez \u00e0 votre compte, patron d\u2019une entreprise, agriculteur ou artisan.<br \/>Que vous occupez un poste au bas de l\u2019\u00e9chelle de la fonction publique voire plus \u00e9lev\u00e9 dans l\u2019administration.<br \/>Ou que vous soyez ch\u00f4meur ou au RSA en gal\u00e8re pour X raisons.<br \/>Que vous<strong> vous revendiquez de gauche ou de droite, d\u2019extr\u00eame gauche ou d\u2019extr\u00eame droite<\/strong>.<br \/>Une chose est certaine\u00a0:<strong> vous n\u2019avez aucun pouvoir politique<\/strong>, vous n\u2019avez aucun moyen d\u2019influencer directement, institutionnellement, le fonctionnement de notre pays.<br \/><strong>Car dans la V\u00e8me r\u00e9publique, la place qui est d\u00e9di\u00e9e aux 99\u00a0% est celle de sujets serviles.<\/strong><\/p>\n<p><span id=\"more-164222\"\/><\/p>\n<p><strong>De sujets inf\u00e9od\u00e9<\/strong>s \u00e0 une caste d\u2019oligarques faisant partie pour certain de la sph\u00e8re \u00ab\u00a0publique\u00a0\u00bb et d\u2019autres \u00e0 la sph\u00e8re \u00ab\u00a0priv\u00e9e\u00a0\u00bb.<\/p>\n<p>Que vous soyez pour ou contre tel ou tel sujet clivant de soci\u00e9t\u00e9, propuls\u00e9 sur le devant de la sc\u00e8ne par nos oligarques pr\u00e9f\u00e9r\u00e9s, ceci ne changera rien \u00e0 cette r\u00e9alit\u00e9.<\/p>\n<p>Une r\u00e9alit\u00e9 que <strong>nous sommes tous capables de comprendre<\/strong> et que nous devrions pouvoir expliquer simplement.<br \/>Une r\u00e9alit\u00e9<strong> qui se passe des croyances, des convictions et th\u00e9ories alambiqu\u00e9es<\/strong>.<br \/>Une r\u00e9alit\u00e9 qui se d\u00e9montre \u00e0 longueur de journ\u00e9e, par les actes de nos ma\u00eetres et leurs cons\u00e9quences sur nos vies.<br \/><strong>Une r\u00e9alit\u00e9 reposant sur des faits, inscrits noir sur blanc dans un petit texte accessible par tous<\/strong>.<\/p>\n<p>Dans l\u2019\u00e9tat actuel des choses, nous n\u2019avons aucun pouvoir politique.<\/p>\n<p>Nous devons cet \u00e9tat de fait \u00e0<strong> l\u2019immonde constitution de la V\u00e8me r\u00e9publique<\/strong>.<\/p>\n<p>Il est essentiel d\u2019en prendre conscience.<\/p>\n<p>Cette constitution a \u00e9t\u00e9 pens\u00e9e pour donner <strong>TOUS les pouvoirs publics \u00e0 une personne<\/strong>, \u00e0 savoir<strong> le \u00ab\u00a0Pr\u00e9sident de la R\u00e9publique\u00a0\u00bb<\/strong> qui sera muni<strong> d\u2019un bras droit <\/strong>que l\u2019on nomme \u00ab\u00a0<strong>\u00a0le 1er ministre\u00a0<\/strong>\u00a0\u00bb lui-m\u00eame assist\u00e9 d\u2019une petite garde compos\u00e9e de \u00ab\u00a0<strong>ministres<\/strong>\u00a0\u00bb le tout formant le \u00ab\u00a0<strong>\u00a0Gouvernement\u00a0<\/strong>\u00a0\u00bb.<\/p>\n<p>Petit point actualit\u00e9, certains s\u2019imaginent que Macron va au-del\u00e0 de ses pouvoirs accord\u00e9s par la constitution, <strong>mais c\u2019est totalement faux<\/strong>. Bien que ce qu\u2019il fait est <strong>d\u00e9l\u00e9t\u00e8re pour la majorit\u00e9<\/strong>, il ne fait rien \u00ab\u00a0d\u2019ill\u00e9gal\u00a0\u00bb<strong> et respecte la constitution quoi qu\u2019en disent les journalistes, opposants ou autres experts incomp\u00e9tents.<\/strong><br \/>Au contraire, il est bien sp\u00e9cifi\u00e9 dans<strong> l\u2019article 5 de la constitution <\/strong>(et le dernier communiqu\u00e9 de l\u2019\u00c9lys\u00e9e l\u2019a repris presque mots pour mots*) que le pr\u00e9sident \u00ab\u00a0veille au respect de la Constitution. <strong>Il assure, par son arbitrage, le fonctionnement r\u00e9gulier des pouvoirs publics ainsi que la continuit\u00e9 de l\u2019Etat.<\/strong><\/p>\n<p><strong>Il est le garant de l\u2019ind\u00e9pendance nationale<\/strong>,<strong> de l\u2019int\u00e9grit\u00e9 du territoire et du respect des trait\u00e9s.<\/strong>\u00a0\u00bb<\/p>\n<p>Comprenez par cet article cl\u00e9, qu\u2019il occupe la position de monarque supr\u00eame sur le plan institutionnel et qu\u2019il fait donc ce qu\u2019il veut.<br \/>Que \u00e7a vous plaise ou non, c\u2019est \u00e7a la V\u00e8me r\u00e9publique\u2026<\/p>\n<p>Reprenons, th\u00e9oriquement, le gouvernement est cens\u00e9 repr\u00e9senter ce qu\u2019on appelle <strong>le pouvoir ex\u00e9cutif.<\/strong><br \/>Dans la conception des \u00e9tats de droit moderne, il existe 2 pouvoirs suppl\u00e9mentaires, <strong>le pouvoir l\u00e9gislatif <\/strong>et<strong> le pouvoir judiciaire<\/strong>.<br \/>Le l\u00e9gislatif est cens\u00e9 \u00eatre dans les mains du Parlement (compos\u00e9 de l<strong>\u2018Assembl\u00e9e Nationale <\/strong>ET<strong> du S\u00e9nat<\/strong>)<\/p>\n<p>Le judiciaire, quant \u00e0 lui, est cens\u00e9 \u00eatre dans les mains de diverses <strong>institutions judiciaires <\/strong>ind\u00e9pendantes.<\/p>\n<p>Dans une soci\u00e9t\u00e9 qui a pour but d\u2019\u00e9voluer sereinement, tous ces pouvoirs sont cens\u00e9s \u00eatre ind\u00e9pendants les uns par rapport aux autres.<br \/>Dans une D\u00e9mocratie, l\u2019ensemble de ces pouvoirs est dilu\u00e9 dans la masse du peuple, le plus grand nombre. Ils sont ainsi s\u00e9par\u00e9s de fa\u00e7on optimale. On nomme les personnes vivant dans un tel syst\u00e8me des <strong>citoyens.<\/strong><\/p>\n<p>En ce qui nous concerne, nous sommes soumis \u00e0 l\u2019autorit\u00e9 du <strong>Pr\u00e9sident<\/strong> qui, gr\u00e2ce \u00e0 la constitution, contr\u00f4le <strong>d\u2019une main de fer dans un gant de velours (ou presque), le fonctionnement du pays<\/strong>. On nomme les personnes vivant dans un tel syst\u00e8me, <strong>des sujets ou des esclaves<\/strong> mais en aucun cas nous pouvons les appeler des \u00ab\u00a0citoyens\u00a0\u00bb (<strong>sauf pour les enfumer<\/strong>).<\/p>\n<p>Les formes ont \u00e9t\u00e9 donn\u00e9es pour que ceci ne soit pas trop grossier, des si\u00e8cles d\u2019exp\u00e9riences sur fond de massacres du peuple ont permis d\u2019optimiser ce syst\u00e8me et arriver \u00e0 cette forme de dictature savamment organis\u00e9e, <strong>travestie en D\u00e9mocratie<\/strong>.<\/p>\n<p>Concentrez bien votre pens\u00e9e, il est facile de le d\u00e9montrer.<\/p>\n<p>Si on devait citer et conna\u00eetre <strong>un seul article<\/strong> pour prouver par A+B que la France est un pays<strong> sans s\u00e9paration des pouvoirs <\/strong>et donc l\u2019inverse d\u2019une D\u00e9mocratie, \u00e7a devrait \u00eatre <strong>l\u2019article 10<\/strong>\u00a0:<\/p>\n<p>\u00ab\u00a0Le Pr\u00e9sident de la R\u00e9publique <strong>promulgue les lois<\/strong> dans les quinze jours qui suivent la transmission au Gouvernement de la loi d\u00e9finitivement adopt\u00e9e.<br \/>\u00a0<\/p>\n<p>Il peut, avant l\u2019expiration de ce d\u00e9lai, <strong>demander au Parlement une nouvelle d\u00e9lib\u00e9ration <\/strong>de la loi ou de certains de ses articles.<strong> Cette nouvelle d\u00e9lib\u00e9ration ne peut \u00eatre refus\u00e9e<\/strong>.\u00a0\u00bb<\/p>\n<p>Dans cet article hallucinant, nous apprenons que c\u2019est Le Pr\u00e9sident de la R\u00e9publique, membre supr\u00eame du <strong>pouvoir ex\u00e9cutif, <\/strong>quia le pouvoir de rendre une loi applicable ou non.<br \/>En somme, c\u2019est lui le juge final du travail <strong>du pouvoir l\u00e9gislatif.<\/strong><br \/>On peut difficilement faire plus grossier comme exemple de <strong>non-s\u00e9paration des pouvoirs <\/strong>(enfin apr\u00e8s vous inqui\u00e9tez pas, on en a plein d\u2019autres dans notre V\u00e8me torchon).<\/p>\n<p>De plus, comme vous pouvez le constater \u00e0 la fin, <strong>si \u00ab\u00a0Monsieur\u00a0\u00bb le Grand Seigneur Supr\u00eame<\/strong> pense que le pouvoir l\u00e9gislatif n\u2019a pas travaill\u00e9 correctement, il peut lui imposer de refaire une nouvelle loi et ceci jusqu\u2019\u00e0 ce que cette loi convienne \u00e0 notre<strong> Grand Seigneur<\/strong>.<\/p>\n<p>C\u2019est pas beau \u00e7a\u00a0?<\/p>\n<p>Qu\u2019on ose me dire, ou dire \u00e0 ceux qui prendront conscience de cet article, qu\u2019il y a une s\u00e9paration des pouvoirs en France ou que nous vivons en D\u00e9mocratie\u2026<br \/>Une fois que cet article est connu et compris,<strong> quelqu\u2019un qui soutiendrait que nous sommes en D\u00e9mocratie devient aussi cr\u00e9dible que le pire des platistes.<\/strong><\/p>\n<p>Mais ce n\u2019est pas le seul article probl\u00e9matique de notre prison institutionnelle.<br \/>\u00c9tant donn\u00e9 que je ne veux pas faire trop long, je vais vous laisser bosser un peu et vous donner une <strong>l<\/strong><strong>iste des articles d\u00e9montrant une non-s\u00e9paration des pouvoirs plus ou moins violente<\/strong>\u00a0:<\/p>\n<p><strong>Article 12, 16, 17, 18, 20, 26, 28, 29, 30, 31, 34-1, 37, 38, 39, 41, 42, 43, 44, 45, 47, 47-1, 48, 49, 50-1, 64, 67, 71-1 et 89<\/strong><\/p>\n<p>Il faut aussi prendre conscience qu\u2019aucun pouvoir n\u2019est donn\u00e9 au peuple dans la constitution.<br \/>Que m\u00eame via l\u2019\u00e9lection de ses ma\u00eetres, ses pouvoirs sont ridicules.<\/p>\n<p>Ironie du sort, <strong>les g\u00e9nies de la tyrannie <\/strong>qui ont r\u00e9dig\u00e9 cette constitution ont m\u00eame pens\u00e9 \u00e0 rendre <strong>invalide le \u00ab\u00a0mandat imp\u00e9ratif\u00a0\u00bb pour les parlementaires\u2026<\/strong> (Article 27\u00a0: <strong>T<\/strong><strong>out mandat imp\u00e9ratif est nul\u00a0<\/strong>\u00a0\u00bb) alors que la tr\u00e8s grande majorit\u00e9 des gens s\u2019imaginent qu\u2019il existe par principe et par na\u00efvet\u00e9 (vous inqui\u00e9tez pas on l\u2019a tous \u00e9t\u00e9)\u2026. <strong>Imaginez le niveau de culot des d\u00e9put\u00e9s qui vous font croire l\u2019inverse\u00a0? Je parle l\u00e0 de TOUS les d\u00e9put\u00e9s, de TOUS les partis.<\/strong><\/p>\n<p>Vous avez gliss\u00e9 un bulletin dans l\u2019urne pour le RN, LR, Ensemble ou le NFP\u00a0? Bah voil\u00e0 ce qui vous attend\u2026 <strong>aucun mandat\u00e9, uniquement des repr\u00e9sentants dans le sens de \u00ab\u00a0tuteur\u00a0\u00bb<\/strong>.<br \/>Aucun oligarque pour d\u00e9fendre vos droits et faire des lois utiles aux 99%, juste des carpettes bonnes \u00e0 servir de paillasson pour le <strong>Gouvernement <\/strong>et \u00e0 encaisser les biftons.<\/p>\n<p>Mais c\u2019est pas tout, il y a toujours une cerise sur le g\u00e2teau\u00a0!<\/p>\n<p>La constitution appartient \u00e0<strong> un ensemble de texte qui sont plac\u00e9s au m\u00eame niveau juridique les uns par rapport aux autres, et leur niveau est celui le plus \u00e9lev\u00e9 dans l\u2019\u00e9tat de droit. <\/strong>On appelle cet ensemble le <strong>\u00ab\u00a0bloc constitutionnel\u00a0\u00bb<\/strong> et cette pond\u00e9ration entre les textes de loi\u00a0: <strong>\u00ab\u00a0la hi\u00e9rarchie des normes\u00a0\u00bb<\/strong>.<\/p>\n<p>Voici une image r\u00e9cup\u00e9r\u00e9e sur un site officiel qui explique bien le concept\u00a0:<\/p>\n<div class=\"wp-block-image\">\n<figure class=\"aligncenter size-large is-resized\"><img loading=\"lazy\" decoding=\"async\" width=\"230\" height=\"330\" src=\"https:\/\/lesmoutonsenrages.fr\/wp-content\/uploads\/2024\/12\/image-8-230x330.png\" alt=\"\" class=\"wp-image-164224\" style=\"width:318px;height:auto\" srcset=\"https:\/\/lesmoutonsenrages.fr\/wp-content\/uploads\/2024\/12\/image-8-230x330.png 230w, https:\/\/lesmoutonsenrages.fr\/wp-content\/uploads\/2024\/12\/image-8-209x300.png 209w, https:\/\/lesmoutonsenrages.fr\/wp-content\/uploads\/2024\/12\/image-8-105x150.png 105w, https:\/\/lesmoutonsenrages.fr\/wp-content\/uploads\/2024\/12\/image-8.png 620w\" sizes=\"auto, (max-width: 230px) 100vw, 230px\"\/><\/figure>\n<\/div>\n<p>Donc l<strong>e bloc constitutionnel est compos\u00e9 de\u00a0<\/strong>\u00a0:<\/p>\n<ul class=\"wp-block-list\">\n<li>la constitution de 1958<\/li>\n<li>le pr\u00e9ambule de la constitution de 1946<\/li>\n<li>la DDHC de 1789<\/li>\n<li>la charte sur l\u2019environnement de 2004.<\/li>\n<\/ul>\n<p>Comprenez que si une loi ou un arr\u00eat\u00e9 est contraire \u00e0 un article des textes du bloc constitutionnel, <strong>c\u2019est le texte du bloc constitution qui l\u2019emporte<\/strong>.<br \/>De plus, il faut aussi bien comprendre que<strong> tous les textes du bloc constitutionnel sont plac\u00e9s au m\u00eame niveau<\/strong>, c\u2019est \u00e0 dire au niveau le plus puissant du droit.<br \/><strong>Donc, si un texte contre-dit un autre, ils se \u00ab\u00a0battent\u00a0\u00bb sur le m\u00eame terrain.<\/strong><\/p>\n<p>Or il se trouve que l\u2019article 16 de la DDHC de 1789 nous informe que\u00a0:<\/p>\n<p><strong>\u00ab\u00a0Toute Soci\u00e9t\u00e9 dans laquelle la garantie des droits n\u2019est pas assur\u00e9e, ni la s\u00e9paration des pouvoirs d\u00e9termin\u00e9e, n\u2019a point de Constitution.\u00a0\u00bb<\/strong><\/p>\n<p>Cet article a \u00e9t\u00e9 \u00e9crit pour nous prot\u00e9ger des tyrannies, car il met l\u2019accent sur le fait que <strong>la s\u00e9paration des pouvoirs est essentielle<\/strong> pour le fonctionnement correct d\u2019une Soci\u00e9t\u00e9.<br \/><strong>Car sans s\u00e9paration des pouvoirs, aucun droits fondamentaux ne peuvent \u00eatre assur\u00e9s.<\/strong><\/p>\n<p>Comme vous l\u2019avez lu dans la premi\u00e8re partie de l\u2019article,<strong> le texte que nous nommons constitution ne contient pas de s\u00e9paration des pouvoirs.<\/strong><br \/><strong>Ainsi on peut consid\u00e9rer facilement qu\u2019elle rentre dans le cadre de l\u2019article 16 de la DDHC.<\/strong><\/p>\n<p>Les cons\u00e9quences sont les suivantes\u00a0<strong>\u00a0:<\/strong><strong> la constitution de la V\u00e8me r\u00e9publique ne peut \u00eatre consid\u00e9r\u00e9e comme une vraie constitution DONC elle n\u2019a rien de l\u00e9gal et usurpe la place d\u2019une constitution digne de ce nom.<\/strong><\/p>\n<p>La DDHC et son article 16 sont donc <strong>une cl\u00e9 <\/strong>qui pourrait permettre <strong>au peuple de France de sortir de sa prison.<\/strong><\/p>\n<p>La seule chose qui lui permettra de l\u2019utiliser est de<strong> savoir qu\u2019elle existe<\/strong>.<br \/><strong>De conna\u00eetre les principes fondamentaux du droit et d\u2019avoir le courage de l\u2019utiliser.<\/strong><\/p>\n<p>Il est absolument n\u00e9cessaire de prendre conscience de tout cela, car si la V\u00e8me est rendue ill\u00e9gale par l\u2019article 16 de la DDHC, <strong>ce n\u2019est pas pour faire jolie<\/strong>.<br \/>Les cons\u00e9quences d\u2019un tel r\u00e9gime sont palpables au quotidien et ceci depuis + de 60 ans\u00a0!<\/p>\n<p>Depuis que la V\u00e8me prison est en place,<strong> la France est dans un \u00e9tat de d\u00e9ch\u00e9ance permanente<\/strong>.<br \/><strong>Vous aurez beau rejeter la faute sur tel parti, tel groupe, la gauche, la droite, l\u2019extr\u00eame gauche ou l\u2019extr\u00eame droite, ceci n\u2019a aucune corr\u00e9lation avec la r\u00e9alit\u00e9 des choses.<\/strong><br \/>Quoi qu\u2019il arrive, <strong>depuis 58<\/strong>, la France a toujours \u00e9t\u00e9 gouvern\u00e9e d\u2019une seule et m\u00eame fa\u00e7on et <strong>ceci sans distinction de parti.<\/strong><\/p>\n<p><strong>Depuis 58<\/strong>, petit \u00e0 petit, la souverainet\u00e9, les acquis sociaux, les conditions de vies, les libert\u00e9s d\u2019entreprendre, les services de sant\u00e9, d\u2019\u00e9ducation et autres services publiques sont d\u00e9tricot\u00e9s dans un seul et m\u00eame but\u00a0: <strong>accro\u00eetre la pr\u00e9dation du petit nombre sur le grand nombre.<\/strong><\/p>\n<p>Plus cette pr\u00e9dation avance, \u00e0 la mani\u00e8re du voleur chinois (petit \u00e0 petit pour minimiser les mouvements sociaux),<strong> plus la situation s\u2019aggrave pour le plus grand nombre<\/strong> <strong>e<\/strong><strong>t s\u2019am\u00e9liore pour le petit nombre.<\/strong><\/p>\n<p>Ils nous imposent une fa\u00e7on de vivre dans laquelle <strong>nous n\u2019avons d\u2019autre choix que de les servir<\/strong>.<\/p>\n<p>L\u2019histoire nous enseigne que les pires d\u2019entre nous peuvent aller tr\u00e8s tr\u00e8s loin quand ils jouent \u00e0 ce petit jeu macabre.<\/p>\n<p>C\u2019est pourquoi plus que jamais, il est absolument n\u00e9cessaire <strong>qu\u2019un maximum de gens prennent conscience de la r\u00e9alit\u00e9 des choses.<\/strong><\/p>\n<p><strong>Car il existe une cl\u00e9 pour sortir de cette prison.<\/strong><\/p>\n<p>Non seulement elle vous servira de fa\u00e7on <strong>individuelle<\/strong>, mais plus il y aura du monde qui prendra conscience de la situation, <strong>plus il sera possible de changer r\u00e9ellement les choses.<\/strong><\/p>\n<p>En aucun cas le souverain de France devrait \u00eatre<strong> r\u00e9duit \u00e0 une extr\u00eame minorit\u00e9 d\u2019oligarques<\/strong>, d\u00e9connect\u00e9s de la r\u00e9alit\u00e9, nous enfermant dans une prison \u00e0 ciel ouvert dans laquelle leurs ge\u00f4liers nous imposent leurs r\u00e8gles, leurs pr\u00e9dations, nous for\u00e7ant \u00e0 vivre d\u2019une fa\u00e7on que nous n\u2019avons pas choisi, afin de servir les int\u00e9r\u00eats d\u2019une extr\u00eame minorit\u00e9 et leur philosophie plus que douteuse.<\/p>\n<p><strong>Le peuple de France est LE seul souverain l\u00e9gitime du pays.<\/strong><\/p>\n<p>Il est le seul \u00e0 \u00eatre capable de prendre des d\u00e9cisions en lien avec la r\u00e9alit\u00e9, <strong>car lui au moins, il la vit et ne vit pas aux crochets d\u2019une masse d\u2019esclaves.<\/strong><br \/>Il conna\u00eet la souffrance, les larmes et les malheurs apport\u00e9s par notre syst\u00e8me \u00e9conomique et politique, venant s\u2019ajouter \u00e0 ceux qui ne peuvent \u00eatre \u00e9vit\u00e9s si facilement.<br \/><strong>De par son exp\u00e9rience de la vie, il d\u00e9tient une sagesse populaire<\/strong> lui permettant de savoir ce qui est bon ou mauvais, juste ou injuste, pour la collectivit\u00e9.<br \/>Il est capable de d\u00e9battre, d\u2019\u00e9changer, de prendre des d\u00e9cisions et <strong>de s\u2019\u00e9manciper des ma\u00eetres <\/strong>le prenant depuis si longtemps pour une b\u00eate de somme tout juste bonne \u00e0 \u00eatre dress\u00e9e.<br \/><strong>De par son h\u00e9t\u00e9rog\u00e9n\u00e9it\u00e9<\/strong>, sa multiplicit\u00e9, il est<strong> LA solution<\/strong> la plus efficace pour<strong> lutter contre les abus de pouvoir<\/strong>, semant la destruction, la haine et la mort un peu plus chaque jour.<\/p>\n<p>Pour toutes ces raisons, <strong>il est le seul souverain l\u00e9gitime du pays.<\/strong><\/p>\n<p>C\u2019est aussi pour toutes ces raisons que nos ma\u00eetres<strong> se donnent un mal fou pour nous d\u00e9sinformer<\/strong>, <strong>nous distraire et nous diviser<\/strong>. Car ils savent tr\u00e8s bien que, non seulement <strong>leur place n\u2019est pas l\u00e9gitime<\/strong>, mais qu\u2019en plus, si le peuple n\u2019\u00e9tait pas soumis \u00e0 diverses propagandes constantes, il pourrait faire <strong>preuve d\u2019une vertu sans commune mesure<\/strong>.<br \/>Une vertu qui, si elle \u00e9tait institu\u00e9e, tracerait<strong> un sentier durable vers la prosp\u00e9rit\u00e9 et sonnerait la fin des festivit\u00e9s pour les privil\u00e9gi\u00e9s<\/strong>.<br \/>Une vertu qui, m\u00e9caniquement, impliquerait et appliquerait, <strong>une forme d\u2019\u00e9quit\u00e9<\/strong> faisant que l\u2019accaparement de richesses de fa\u00e7on d\u00e9mesur\u00e9e serait prohib\u00e9.<\/p>\n<p>Voici la peur absurde de nos oligarques\u00a0: perdre quelques onces de pouvoir.<\/p>\n<p>Absurde, car ils ne se rendent pas compte que cette perte minime pour eux, n\u2019influerait pas sur leur survie et engendrerait un monde meilleur dont ils pourraient profiter des fruits.<\/p>\n<p><strong>Un monde qui se passera de la n\u00e9cessit\u00e9 d\u2019une R\u00e9volution au profit de l\u2019\u00c9volution.<\/strong><\/p>\n<p>*<a target=\"_blank\" href=\"https:\/\/www.elysee.fr\/emmanuel-macron\/2024\/08\/26\/communique-suite-aux-consultations-avec-les-responsables-des-partis-et-les-presidents-des-deux-chambres-des-23-et-26-aout-2024\" rel=\"noreferrer noopener\" target=\"_blank\">https:\/\/www.elysee.fr\/emmanuel-macron\/2024\/08\/26\/communique-suite-aux-consultations-avec-les-responsables-des-partis-et-les-presidents-des-deux-chambres-des-23-et-26-aout-2024<\/a><\/p>\n<p>Tous les articles, la tribune libre et commentaires sont sous la responsabilit\u00e9 de leurs auteurs. Les Moutons Enrag\u00e9s ne sauraient \u00eatre tenus responsables de leur contenu ou orientation.<\/p>\n<\/p><\/div>\n<p><br \/>\n<br \/><a href=\"https:\/\/lesmoutonsenrages.fr\/2024\/12\/04\/une-cle-vers-la-sortie-de-la-veme-prison-de-france\/\" target=\"_blank\"\">Source link <\/a><\/p>\n","protected":false},"excerpt":{"rendered":"<p>Un sujet que notre JClaude va appr\u00e9cier. Pour ceux qui ne l\u2019ont pas consult\u00e9, Lien permanent vers l\u2019article \u201cTRAVAUX CONSTITUTIONNELS\u201d par JClaude. Par Karugido pour Agoravox Une cl\u00e9 vers la&hellip; <\/p>\n","protected":false},"author":1,"featured_media":1503,"comment_status":"open","ping_status":"open","sticky":false,"template":"","format":"standard","meta":{"footnotes":""},"categories":[1],"tags":[],"class_list":["post-1502","post","type-post","status-publish","format-standard","has-post-thumbnail","hentry","category-non-classe"],"_links":{"self":[{"href":"https:\/\/monde25.info\/index.php\/wp-json\/wp\/v2\/posts\/1502","targetHints":{"allow":["GET"]}}],"collection":[{"href":"https:\/\/monde25.info\/index.php\/wp-json\/wp\/v2\/posts"}],"about":[{"href":"https:\/\/monde25.info\/index.php\/wp-json\/wp\/v2\/types\/post"}],"author":[{"embeddable":true,"href":"https:\/\/monde25.info\/index.php\/wp-json\/wp\/v2\/users\/1"}],"replies":[{"embeddable":true,"href":"https:\/\/monde25.info\/index.php\/wp-json\/wp\/v2\/comments?post=1502"}],"version-history":[{"count":0,"href":"https:\/\/monde25.info\/index.php\/wp-json\/wp\/v2\/posts\/1502\/revisions"}],"wp:featuredmedia":[{"embeddable":true,"href":"https:\/\/monde25.info\/index.php\/wp-json\/wp\/v2\/media\/1503"}],"wp:attachment":[{"href":"https:\/\/monde25.info\/index.php\/wp-json\/wp\/v2\/media?parent=1502"}],"wp:term":[{"taxonomy":"category","embeddable":true,"href":"https:\/\/monde25.info\/index.php\/wp-json\/wp\/v2\/categories?post=1502"},{"taxonomy":"post_tag","embeddable":true,"href":"https:\/\/monde25.info\/index.php\/wp-json\/wp\/v2\/tags?post=1502"}],"curies":[{"name":"wp","href":"https:\/\/api.w.org\/{rel}","templated":true}]}}