{"id":1506,"date":"2024-12-04T19:54:31","date_gmt":"2024-12-04T18:54:31","guid":{"rendered":"https:\/\/monde25.info\/index.php\/2024\/12\/04\/une-journaliste-de-disclose-convoquee-en-vue-dune-mise-en-examen\/"},"modified":"2024-12-04T19:54:31","modified_gmt":"2024-12-04T18:54:31","slug":"une-journaliste-de-disclose-convoquee-en-vue-dune-mise-en-examen","status":"publish","type":"post","link":"https:\/\/monde25.info\/index.php\/2024\/12\/04\/une-journaliste-de-disclose-convoquee-en-vue-dune-mise-en-examen\/","title":{"rendered":"Une journaliste de Disclose convoqu\u00e9e en vue d\u2019une mise en examen"},"content":{"rendered":"<p> <br \/>\n<\/p>\n<div style=\"position:relative;\">\n        <picture><source type=\"image\/webp\" srcset=\"https:\/\/reporterre.net\/local\/cache-gd2\/41\/93decd43a839cc391a4b483f020db7.png?1733328800\"><img loading=\"lazy\" decoding=\"async\" src=\"https:\/\/reporterre.net\/local\/cache-gd2\/41\/93decd43a839cc391a4b483f020db7.png?1733328800\" width=\"720\" height=\"480\" alt=\"Une journaliste de Disclose convoqu\u00e9e en vue d'une mise en examen\" class=\"image_logo voir_logo\"\/><\/p>\n<p><\/source><\/picture>\n<p class=\"legende_logo\">Ariane Lavrilleux est convoqu\u00e9e le 17 janvier prochain devant le tribunal de Paris.  <span class=\"copyright_logo\">&#8211; Capture d&rsquo;\u00e9cran \/ Disclose<\/span><\/p>\n<p class=\"legende_logo_480\">Ariane Lavrilleux est convoqu\u00e9e le 17 janvier prochain devant le tribunal de Paris.  <span class=\"copyright_logo\">&#8211; Capture d&rsquo;\u00e9cran \/ Disclose<\/span><\/p>\n<\/p><\/div>\n<div>\n        <span class=\"date\">4 d\u00e9cembre 2024  \u00e0 17h12<\/span><\/p>\n<p class=\"duree_lecture\">\n        Dur\u00e9e de lecture : 2 minutes\n      <\/p>\n<\/p><\/div>\n<div>\n<p>Le m\u00e9dia ind\u00e9pendant <i>Disclose<\/i> a annonc\u00e9 le 3\u00a0d\u00e9cembre que l\u2019une de ses journalistes, Ariane Lavrilleux, \u00e9tait convoqu\u00e9e le 17\u00a0janvier prochain devant le tribunal de Paris. Elle risque une mise en examen pour <i>\u00ab<small class=\"fine d-inline\">\u00a0<\/small>appropriation et divulgation d\u2019un secret de la d\u00e9fense nationale<small class=\"fine d-inline\">\u00a0<\/small>\u00bb<\/i>. Elle encourt une peine de cinq ans de prison et 75\u00a0000 euros d\u2019amende.<\/p>\n<p>Elle avait contribu\u00e9 en novembre 2021, aux c\u00f4t\u00e9s de trois autres journalistes, <i>\u00ab<small class=\"fine d-inline\">\u00a0<\/small>\u00e0 la r\u00e9v\u00e9lation par Disclose d\u2019informations d\u2019int\u00e9r\u00eat g\u00e9n\u00e9ral sur une op\u00e9ration militaire secr\u00e8te de la France en \u00c9gypte, baptis\u00e9e <a target=\"_blank\" href=\"https:\/\/egypt-papers.disclose.ngo\/fr\/\" class=\"spip_out\" rel=\"external\">op\u00e9ration Sirli<\/a><small class=\"fine d-inline\">\u00a0<\/small>\u00bb<\/i>, rappelle le m\u00e9dia dans <a target=\"_blank\" href=\"https:\/\/disclose.ngo\/fr\/article\/secret-des-sources-la-journaliste-de-disclose-ariane-lavrilleux-convoquee-par-la-justice\" class=\"spip_out\" rel=\"external\">un communiqu\u00e9<\/a>. Cette op\u00e9ration a conduit \u00e0 l\u2019ex\u00e9cution arbitraire de centaines de civils \u00e9gyptiens, le tout sur fond de vente d\u2019armes.<\/p>\n<h2 class=\"spip\">T\u00e9l\u00e9phone g\u00e9olocalis\u00e9, comptes bancaires \u00e9pluch\u00e9s<\/h2>\n<p>En septembre 2023, Ariane Lavrilleux avait \u00e9t\u00e9 plac\u00e9e en <a target=\"_blank\" href=\"https:\/\/disclose.ngo\/fr\/article\/secret-des-sources-une-journaliste-de-disclose-placee-en-garde-a-vue\" class=\"spip_out\" rel=\"external\">garde \u00e0 vue pendant 39\u00a0heures<\/a>, son domicile avait \u00e9t\u00e9 perquisitionn\u00e9 par la Direction g\u00e9n\u00e9rale de la s\u00e9curit\u00e9 int\u00e9rieure (<span class=\"caps\">DGSI<\/span>), <i>\u00ab<small class=\"fine d-inline\">\u00a0<\/small>un service d\u2019ordinaire mobilis\u00e9 dans la lutte contre le terrorisme et le contre-espionnage<small class=\"fine d-inline\">\u00a0<\/small>\u00bb<\/i>, rappelle <i>Disclose<\/i>. Selon les \u00e9l\u00e9ments de l\u2019enqu\u00eate judiciaire, la journaliste a \u00e9t\u00e9 surveill\u00e9e lors de ses d\u00e9placements professionnels et priv\u00e9s<small class=\"fine d-inline\">\u00a0<\/small>; son t\u00e9l\u00e9phone portable a \u00e9t\u00e9 g\u00e9olocalis\u00e9 en temps r\u00e9el<small class=\"fine d-inline\">\u00a0<\/small>; ses comptes bancaires \u00e9pluch\u00e9s<small class=\"fine d-inline\">\u00a0<\/small>; etc. La <span class=\"caps\">DGSI<\/span> aurait aussi surveill\u00e9 les bureaux de la r\u00e9daction, \u00e9crit <i>Disclose<\/i>.<\/p>\n<blockquote class=\"spip\">\n<p>\u00ab<small class=\"fine d-inline\">\u00a0<\/small>Grave atteinte au secret des sources<small class=\"fine d-inline\">\u00a0<\/small>\u00bb<\/p>\n<\/blockquote>\n<p>Celui-ci condamne <i>\u00ab<small class=\"fine d-inline\">\u00a0<\/small>avec la plus grande fermet\u00e9<small class=\"fine d-inline\">\u00a0<\/small>\u00bb<\/i> le d\u00e9tournement des moyens attribu\u00e9s \u00e0 la lutte antiterroriste. <i>\u00ab<small class=\"fine d-inline\">\u00a0<\/small>Cette op\u00e9ration de surveillance repr\u00e9sente non seulement une grave atteinte au secret des sources des journalistes, \u00ab\u00a0pierre angulaire de la libert\u00e9 de la presse\u00a0\u00bb, selon la Cour europ\u00e9enne des droits de l\u2019Homme, mais aussi une violation de la vie priv\u00e9e de notre cons\u0153ur.<small class=\"fine d-inline\">\u00a0<\/small>\u00bb<\/i><\/p>\n<aside class=\"boite_encarts\">\n<div class=\"encart encart_gris noprint\">\n<p><strong>Il est de retour.<\/strong><\/p>\n<p>Dans quelques semaines, Donald Trump se r\u00e9-installera \u00e0 la Maison Blanche.<\/p>\n<p>Un milliardaire, pour qui le r\u00e9chauffement climatique est \u00ab<small class=\"fine d-inline\">\u00a0<\/small>un canular<small class=\"fine d-inline\">\u00a0<\/small>\u00bb, sera \u00e0 la t\u00eate de la plus grande puissance mondiale.<\/p>\n<p>Dans une d\u00e9cennie cruciale pour l\u2019\u00e9cologie, nous ne pouvons pas nous permettre de perdre plus de temps.<\/p>\n<p>La soci\u00e9t\u00e9 civile doit continuer de se soulever, de se mobiliser et de faire pression sur les puissants.<\/p>\n<p>Mais pour agir, il faut savoir.<\/p>\n<p><strong>Depuis 11 ans, nous publions des articles de qualit\u00e9 sur l\u2019\u00e9cologie, en acc\u00e8s libre et sans publicit\u00e9, pour tous.<\/strong><\/p>\n<p>Nous avons la conviction que l\u2019urgence \u00e9cologique est l\u2019enjeu majeur de notre \u00e9poque.<br class=\"autobr\"\/><br \/>\n Et comme plus de 2 millions de lectrices et lecteurs chaque mois, vous partagez sans doute cette conviction&#8230;<\/p>\n<p>Alors si vous en avez les moyens, sachez qu\u2019un don, m\u00eame d\u20191\u20ac, est un acte de soutien fort pour l\u2019\u00e9cologie et le journalisme ind\u00e9pendant.<br class=\"autobr\"\/><br \/>\n (Et \u00e7a vous prendra moins de temps que la lecture de ce texte).<\/p>\n<p><strong>Si vous le pouvez, choisissez un soutien mensuel. Merci.<\/strong><\/p>\n<p><a target=\"_blank\" href=\"https:\/\/reporterre.net\/dons\" class=\"bt_soutenir\">Je soutiens <i>Reporterre<\/i><\/a><\/p>\n<\/p><\/div>\n<div class=\"encart encart_vert noprint montre_1023\">\n<div class=\"infolettre-form-container noprint\">\n<p>Abonnez-vous \u00e0 la lettre d\u2019info de Reporterre<\/p>\n<\/div><\/div>\n<\/aside>\n<aside class=\"boite_apresarticle encart_note\">\n<h4>Apr\u00e8s cet article<\/h4>\n<p>      <a target=\"_blank\" href=\"https:\/\/reporterre.net\/A69-Des-journalistes-denoncent-une-grave-entrave-a-la-liberte-de-la-presse\" class=\"lien_article\">\n      <picture class=\"vignette_gauche\"><source type=\"image\/webp\" srcset=\"https:\/\/reporterre.net\/local\/cache-gd2\/85\/0510f39efbc7761618b6bf74a463c2.jpg@.webp?1730134948\"><img decoding=\"async\" src=\"https:\/\/reporterre.net\/local\/cache-gd2\/85\/0510f39efbc7761618b6bf74a463c2.jpg?1730134948\" width=\"450\" height=\"300\" alt=\"\" class=\"marge12\" loading=\"lazy\"\/><br \/>\n<\/source><\/picture>\n<p class=\"libelle\">\n<p>      Libert\u00e9s\n    <\/p>\n<p class=\"titre pol20\">A69\u00a0: Des journalistes d\u00e9noncent \u00ab<small class=\"fine d-inline\">\u00a0<\/small>une grave entrave \u00e0 la libert\u00e9 de la presse<small class=\"fine d-inline\">\u00a0<\/small>\u00bb<\/p>\n<p>      <\/a><br \/>\n    <\/aside>\n<aside class=\"boite_complement texte\">\n<p>      <!-- zone_forum --><br \/>\n          <\/aside>\n<aside class=\"boite_lireaussi noprint\">\n<\/aside>\n<aside class=\"colonne\">\n<div class=\"article_info cache_1023 noprint\">\n        <span class=\"date\">4 d\u00e9cembre 2024  \u00e0 17h12<\/span><\/p>\n<p class=\"duree_lecture\">\n        Dur\u00e9e de lecture : 2 minutes\n      <\/p>\n<\/p><\/div>\n<div class=\"bloc_infolettre\">\n<div class=\"infolettre-form-container noprint\">\n<p>Abonnez-vous \u00e0 la lettre d\u2019info de Reporterre<\/p>\n<\/div><\/div>\n<\/aside>\n<div id=\"galerie\">\n  <img decoding=\"async\" src=\"\" class=\"principale\" id=\"principale\"\/><\/p>\n<p id=\"legende\">legende<\/p>\n<\/div>\n<footer class=\"noprint\">\n<\/footer>\n<\/div>\n<p><br \/>\n<br \/><a href=\"https:\/\/reporterre.net\/Une-journaliste-de-Disclose-convoquee-en-vue-d-une-mise-en-examen-Une-journaliste-de\" target=\"_blank\"\">Source link <\/a><\/p>\n","protected":false},"excerpt":{"rendered":"<p>Ariane Lavrilleux est convoqu\u00e9e le 17 janvier prochain devant le tribunal de Paris. &#8211; Capture d&rsquo;\u00e9cran \/ Disclose Ariane Lavrilleux est convoqu\u00e9e le 17 janvier prochain devant le tribunal de&hellip; <\/p>\n","protected":false},"author":1,"featured_media":1507,"comment_status":"open","ping_status":"open","sticky":false,"template":"","format":"standard","meta":{"footnotes":""},"categories":[1],"tags":[],"class_list":["post-1506","post","type-post","status-publish","format-standard","has-post-thumbnail","hentry","category-non-classe"],"_links":{"self":[{"href":"https:\/\/monde25.info\/index.php\/wp-json\/wp\/v2\/posts\/1506","targetHints":{"allow":["GET"]}}],"collection":[{"href":"https:\/\/monde25.info\/index.php\/wp-json\/wp\/v2\/posts"}],"about":[{"href":"https:\/\/monde25.info\/index.php\/wp-json\/wp\/v2\/types\/post"}],"author":[{"embeddable":true,"href":"https:\/\/monde25.info\/index.php\/wp-json\/wp\/v2\/users\/1"}],"replies":[{"embeddable":true,"href":"https:\/\/monde25.info\/index.php\/wp-json\/wp\/v2\/comments?post=1506"}],"version-history":[{"count":0,"href":"https:\/\/monde25.info\/index.php\/wp-json\/wp\/v2\/posts\/1506\/revisions"}],"wp:featuredmedia":[{"embeddable":true,"href":"https:\/\/monde25.info\/index.php\/wp-json\/wp\/v2\/media\/1507"}],"wp:attachment":[{"href":"https:\/\/monde25.info\/index.php\/wp-json\/wp\/v2\/media?parent=1506"}],"wp:term":[{"taxonomy":"category","embeddable":true,"href":"https:\/\/monde25.info\/index.php\/wp-json\/wp\/v2\/categories?post=1506"},{"taxonomy":"post_tag","embeddable":true,"href":"https:\/\/monde25.info\/index.php\/wp-json\/wp\/v2\/tags?post=1506"}],"curies":[{"name":"wp","href":"https:\/\/api.w.org\/{rel}","templated":true}]}}