{"id":152,"date":"2024-11-15T06:13:33","date_gmt":"2024-11-15T05:13:33","guid":{"rendered":"https:\/\/monde25.info\/index.php\/2024\/11\/15\/france-israel-28-ans-dincidents-diplomatiques\/"},"modified":"2024-11-15T06:13:33","modified_gmt":"2024-11-15T05:13:33","slug":"france-israel-28-ans-dincidents-diplomatiques","status":"publish","type":"post","link":"https:\/\/monde25.info\/index.php\/2024\/11\/15\/france-israel-28-ans-dincidents-diplomatiques\/","title":{"rendered":"France-Isra\u00ebl : 28 ans d\u2019incidents diplomatiques"},"content":{"rendered":"<p> <br \/>\n<\/p>\n<div>\n<p>par <strong>RT France<\/strong><\/p>\n<p><a target=\"_blank\" href=\"https:\/\/www.trtfrancais.com\/actualites\/france-israel-28-ans-dincidents-diplomatiques-18231724\" target=\"_blank\" rel=\"noopener\" title=\"\">L\u2019incident diplomatique impliquant le ministre fran\u00e7ais des Affaires \u00e9trang\u00e8res Jean-No\u00ebl Barrot et la s\u00e9curit\u00e9 isra\u00e9lienne, le 7 novembre dernier \u00e0 J\u00e9rusalem, n\u2019est que le dernier \u00e9pisode d\u2019une s\u00e9rie qui remonte \u00e0 28 ans.<\/a><\/p>\n<p>L\u2019incident survenu cette semaine en Palestine, plus pr\u00e9cis\u00e9ment \u00e0 J\u00e9rusalem-est occup\u00e9e, lorsque la police isra\u00e9lienne est entr\u00e9e sans autorisation sur un site appartenant \u00e0 la France et a brutalement interpell\u00e9 deux gendarmes fran\u00e7ais, n\u2019est pas un cas isol\u00e9.<\/p>\n<p>Il s\u2019inscrit dans une tradition d\u2019incidents diplomatiques vieille de 28 ans mettant aux prises Isra\u00ebl et la France.<\/p>\n<p>En effet, ce 22 octobre 1996, en visite \u00e0 J\u00e9rusalem, le service de s\u00e9curit\u00e9 isra\u00e9lien emp\u00eache Jacques Chirac d\u2019aller au contact des Palestiniens. Sur via Dolorosa, la voie qu\u2019aurait emprunt\u00e9e le Christ avec sa croix selon la tradition chr\u00e9tienne, le pr\u00e9sident fran\u00e7ais s\u2019emporte: \u00ab<em>Qu\u2019est-ce qu\u2019il y a encore comme probl\u00e8me ? Je commence \u00e0 en avoir assez !<\/em>\u00bb. S\u2019adressant en anglais au chef de la police, il d\u00e9clare :<\/p>\n<p>\u00ab<em>Que voulez-vous ? Que je retourne \u00e0 mon avion et que je rentre en France ? C\u2019est ce que vous voulez ? Laissez-les aller, laissez-les faire. Ce n\u2019est pas une m\u00e9thode. C\u2019est une provocation. Ceci est une provocation. Arr\u00eatez maintenant s\u2019il vous pla\u00eet.<\/em>\u00bb<\/p>\n<p>Par la suite, Jacques Chirac refusera d\u2019entrer dans l\u2019\u00e9glise Sainte-Anne, parce que des soldats isra\u00e9liens y avaient pris place. .\u00ab<em>Je ne veux pas de gens arm\u00e9s en territoire fran\u00e7ais\u2026 J\u2019attendrai<\/em>\u00bb, insiste alors le pr\u00e9sident fran\u00e7ais.<\/p>\n<p>Les excuses de Netanyahu, d\u00e9j\u00e0 Premier-ministre en 1996, vont clore l\u2019incident diplomatique.<\/p>\n<h5 class=\"wp-block-heading\"><strong>Macron contrari\u00e9<\/strong><\/h5>\n<p>28 ans plus tard, c\u2019est presque le m\u00eame sc\u00e9nario qui se reproduit avec cette fois Emmanuel Macron comme acteur principal et Benjamin Netanyahu, encore Premier-ministre.<\/p>\n<p>R\u00e9alisant que des policiers isra\u00e9liens bloquaient l\u2019entr\u00e9e de l\u2019\u00e9glise Sainte-Anne, le pr\u00e9sident s\u2019est emport\u00e9, s\u2019exprimant en anglais.<\/p>\n<p>\u00ab<em>Sortez je vous prie, personne n\u2019a \u00e0 provoquer personne, c\u2019est compris ?<\/em>\u00bb, a-t-il cri\u00e9. \u00ab<em>S\u2019il vous pla\u00eet, respectez les r\u00e8gles \u00e9tablies depuis des si\u00e8cles, elles ne changeront pas avec moi, je peux vous le dire, a-t-il insist\u00e9. C\u2019est la France ici, et tout le monde conna\u00eet la r\u00e8gle<\/em>.\u00bb Au bout de cette esp\u00e8ce de bras de fer, les policiers ont lib\u00e9r\u00e9 le passage, laissant le chef de l\u2019\u00c9tat fran\u00e7ais entrer dans l\u2019\u00e9glise.<\/p>\n<p>\u00c0 l\u2019issue de sa visite dans l\u2019\u00e9glise, Emmanuel Macron a tenu \u00e0 relativiser l\u2019incident. \u00ab<em>Il y a eu un moment d\u2019\u00e9nervement entre les \u00e9quipes de s\u00e9curit\u00e9, et il me revenait d\u2019y mettre bon ordre<\/em>\u00bb, a-t-il soulign\u00e9. \u00ab<em>La parenth\u00e8se a \u00e9t\u00e9 referm\u00e9e<\/em>\u00bb, a-t-il conclu.<\/p>\n<p>Toujours est-il que quatre ans plus tard, le m\u00eame sc\u00e9nario s\u2019est reproduit \u00e0 J\u00e9rusalem. Le 7 novembre dernier, lors de la visite du ministre fran\u00e7ais des Affaires \u00e9trang\u00e8res, Jean-No\u00ebl Barrot, la police isra\u00e9lienne est entr\u00e9e sans autorisation sur le site de l\u2019Eleona (appartenant \u00e0 la France) et a brutalement interpell\u00e9 deux gendarmes fran\u00e7ais.<\/p>\n<p>\u00ab<em>Je ne vais pas entrer (\u2026) aujourd\u2019hui, parce que les forces de s\u00e9curit\u00e9 isra\u00e9liennes y sont entr\u00e9es de mani\u00e8re arm\u00e9e, sans obtenir auparavant l\u2019autorisation de la France et sans accepter d\u2019en sortir<\/em>\u00bb, a d\u00e9clar\u00e9 le ministre fran\u00e7ais des Affaires \u00e9trang\u00e8res devant la presse.<\/p>\n<p>Lundi, l'[ambassadeur d\u2019Isra\u00ebl a \u00e9t\u00e9 convoqu\u00e9] au minist\u00e8re fran\u00e7ais des Affaires \u00e9trang\u00e8res.<\/p>\n<p>source : <a target=\"_blank\" href=\"https:\/\/www.trtfrancais.com\/actualites\/france-israel-28-ans-dincidents-diplomatiques-18231724\" target=\"_blank\" rel=\"noopener\" title=\"RT France\">RT France<\/a><\/p>\n<div class=\"sharedaddy sd-block sd-like jetpack-likes-widget-wrapper jetpack-likes-widget-unloaded\" id=\"like-post-wrapper-237719536-431234-67361987aadf0\" data-src=\"https:\/\/widgets.wp.com\/likes\/?ver=14.0#blog_id=237719536&amp;post_id=431234&amp;origin=reseauinternational.net&amp;obj_id=237719536-431234-67361987aadf0&amp;n=1\" data-name=\"like-post-frame-237719536-431234-67361987aadf0\" data-title=\"Aimer ou rebloguer\">\n<h3 class=\"sd-title\">J\u2019aime \u00e7a\u00a0:<\/h3>\n<p><span class=\"button\"><span>J\u2019aime<\/span><\/span> <span class=\"loading\">chargement\u2026<\/span><\/p>\n<p><span class=\"sd-text-color\"\/><a target=\"_blank\" class=\"sd-link-color\"\/><\/div>\n<p><meta itemscope=\"\" itemprop=\"mainEntityOfPage\" itemtype=\"https:\/\/schema.org\/WebPage\" itemid=\"https:\/\/reseauinternational.net\/france-israel-28-ans-dincidents-diplomatiques\/\"\/><meta itemprop=\"headline\" content=\"France-Isra\u00ebl : 28 ans d\u2019incidents diplomatiques\"\/><span style=\"display: none;\" itemprop=\"author\" itemscope=\"\" itemtype=\"https:\/\/schema.org\/Person\"><meta itemprop=\"name\" content=\"R\u00e9seau International\"\/><\/span><span style=\"display: none;\" itemprop=\"image\" itemscope=\"\" itemtype=\"https:\/\/schema.org\/ImageObject\"><meta itemprop=\"url\" content=\"https:\/\/i0.wp.com\/reseauinternational.net\/wp-content\/uploads\/2024\/11\/incident-diplomatique-20241114.jpg?fit=800%2C467&amp;ssl=1\"\/><meta itemprop=\"width\" content=\"800\"\/><meta itemprop=\"height\" content=\"467\"\/><\/span><span style=\"display: none;\" itemprop=\"publisher\" itemscope=\"\" itemtype=\"https:\/\/schema.org\/Organization\"><span style=\"display: none;\" itemprop=\"logo\" itemscope=\"\" itemtype=\"https:\/\/schema.org\/ImageObject\"><meta itemprop=\"url\" content=\"https:\/\/reseauinternational.net\/wp-content\/uploads\/2022\/06\/Capture-de\u0301cran-2022-06-14-a\u0300-16.51.07.png\"\/><\/span><meta itemprop=\"name\" content=\"R\u00e9seau International\"\/><\/span><meta itemprop=\"datePublished\" content=\"2024-11-14T14:02:40+00:00\"\/><meta itemprop=\"dateModified\" content=\"2024-11-14T14:03:08+00:00\"\/><\/div>\n<p><br \/>\n<br \/><a href=\"https:\/\/reseauinternational.net\/france-israel-28-ans-dincidents-diplomatiques\/\" target=\"_blank\"\">Source link <\/a><\/p>\n","protected":false},"excerpt":{"rendered":"<p>par RT France L\u2019incident diplomatique impliquant le ministre fran\u00e7ais des Affaires \u00e9trang\u00e8res Jean-No\u00ebl Barrot et la s\u00e9curit\u00e9 isra\u00e9lienne, le 7 novembre dernier \u00e0 J\u00e9rusalem, n\u2019est que le dernier \u00e9pisode d\u2019une&hellip; <\/p>\n","protected":false},"author":1,"featured_media":153,"comment_status":"open","ping_status":"open","sticky":false,"template":"","format":"standard","meta":{"footnotes":""},"categories":[1],"tags":[],"class_list":["post-152","post","type-post","status-publish","format-standard","has-post-thumbnail","hentry","category-non-classe"],"_links":{"self":[{"href":"https:\/\/monde25.info\/index.php\/wp-json\/wp\/v2\/posts\/152","targetHints":{"allow":["GET"]}}],"collection":[{"href":"https:\/\/monde25.info\/index.php\/wp-json\/wp\/v2\/posts"}],"about":[{"href":"https:\/\/monde25.info\/index.php\/wp-json\/wp\/v2\/types\/post"}],"author":[{"embeddable":true,"href":"https:\/\/monde25.info\/index.php\/wp-json\/wp\/v2\/users\/1"}],"replies":[{"embeddable":true,"href":"https:\/\/monde25.info\/index.php\/wp-json\/wp\/v2\/comments?post=152"}],"version-history":[{"count":0,"href":"https:\/\/monde25.info\/index.php\/wp-json\/wp\/v2\/posts\/152\/revisions"}],"wp:featuredmedia":[{"embeddable":true,"href":"https:\/\/monde25.info\/index.php\/wp-json\/wp\/v2\/media\/153"}],"wp:attachment":[{"href":"https:\/\/monde25.info\/index.php\/wp-json\/wp\/v2\/media?parent=152"}],"wp:term":[{"taxonomy":"category","embeddable":true,"href":"https:\/\/monde25.info\/index.php\/wp-json\/wp\/v2\/categories?post=152"},{"taxonomy":"post_tag","embeddable":true,"href":"https:\/\/monde25.info\/index.php\/wp-json\/wp\/v2\/tags?post=152"}],"curies":[{"name":"wp","href":"https:\/\/api.w.org\/{rel}","templated":true}]}}