{"id":1523,"date":"2024-12-05T01:58:30","date_gmt":"2024-12-05T00:58:30","guid":{"rendered":"https:\/\/monde25.info\/index.php\/2024\/12\/05\/limpossible-democratie-de-marche-par-nancy-fraser-le-monde-diplomatique-decembre-2024\/"},"modified":"2024-12-05T01:58:30","modified_gmt":"2024-12-05T00:58:30","slug":"limpossible-democratie-de-marche-par-nancy-fraser-le-monde-diplomatique-decembre-2024","status":"publish","type":"post","link":"https:\/\/monde25.info\/index.php\/2024\/12\/05\/limpossible-democratie-de-marche-par-nancy-fraser-le-monde-diplomatique-decembre-2024\/","title":{"rendered":"L\u2019impossible d\u00e9mocratie de march\u00e9, par Nancy Fraser (Le Monde diplomatique, d\u00e9cembre 2024)"},"content":{"rendered":"<p> <br \/>\n<\/p>\n<div>\n<p class=\"crayon article-surtitre-67848 surtitre\">Quand le discours sur les crises \u00e9lude les malfa\u00e7ons du syst\u00e8me<\/p>\n<div class=\"crayon article-chapo-67848 chapo\">\n<p>La d\u00e9mocratie va mal. Ce serait la faute des institutions, des r\u00e9seaux sociaux, de l\u2019individualisme. De la \u00ab<small class=\"fine\">\u00a0<\/small>radicalit\u00e9 des extr\u00eames<small class=\"fine\">\u00a0<\/small>\u00bb, voire de l\u2019impuissance devant la violence \u00e9conomique, qu\u2019il faudrait adoucir. Or le capitalisme se fonde sur la division entre l\u2019\u00e9conomique et le politique, ce qui le rend fondamentalement antid\u00e9mocratique.<\/p>\n<\/div><\/div>\n<div couleurfade=\"e5e5e5\" couleurclaire=\"e4e4e6\" couleurpale=\"c3c3d4\" couleurmi=\"626269\" couleurfoncee=\"49494f\" couleursombre=\"18181a\" couleurfond=\"4c4c4c\" couleurtexte=\"ffffff\">\n<div class=\"enapercu\">\n<figure class=\"spip_document_33828 spip_documents spip_documents_center justecol\" style=\"width:650px;\">\n<div class=\"limage\">\n<p>\t\t\t<img loading=\"lazy\" decoding=\"async\" src=\"https:\/\/www.monde-diplomatique.fr\/\/local\/cache-vignettes\/L650xH996\/img023-55-28ddd.jpg?1732813465\" width=\"650\" height=\"996\" class=\"spip_logos\" alt=\"JPEG - 24.7\u00a0ko\"\/><\/p><\/div><figcaption>\n<p>Javier Ja\u00e9n. \u2013 Affiche pour la pi\u00e8ce de th\u00e9\u00e2tre \u00ab<small class=\"fine\">\u00a0<\/small>Espejo de v\u00edctima<small class=\"fine\">\u00a0<\/small>\u00bb (Miroir de la victime), d\u2019Ignacio del Moral, Madrid, 2019<\/p>\n<p>\u00a9 Javier Ja\u00e9n &#8211; javierjaen.com\n<\/p>\n<\/figcaption><\/figure>\n<p><span class=\"mot-lettrine\"><span class=\"lettrine\">C<\/span>ette<\/span> crise de la d\u00e9mocratie \u00e0 laquelle nous sommes confront\u00e9s ne tire pas ses origines de la seule sph\u00e8re politique. On ne pourra la surmonter en refondant le sens civique, en cultivant le bipartisme, en renfor\u00e7ant l\u2019\u00ab<small class=\"fine\">\u00a0<\/small>ethos d\u00e9mocratique<small class=\"fine\">\u00a0<\/small>\u00bb, en ranimant le \u00ab<small class=\"fine\">\u00a0<\/small>pouvoir constituant<small class=\"fine\">\u00a0<\/small>\u00bb, en lib\u00e9rant la force de l\u2019\u00ab<small class=\"fine\">\u00a0<\/small>agonisme<small class=\"fine\">\u00a0<\/small>\u00bb\u2026 Ni autonomes ni simplement sectoriels, les maux d\u00e9mocratiques actuels constituent l\u2019aspect sp\u00e9cifiquement politique de la crise g\u00e9n\u00e9ralis\u00e9e qui engloutit l\u2019ensemble de notre ordre social. Ils ont leur origine dans les fondements m\u00eames de cet ordre \u2014 dans ses structures institutionnelles et ses dynamiques constitutives. Ils ne peuvent \u00eatre appr\u00e9hend\u00e9s que dans une vision critique de la totalit\u00e9 sociale, que nombre d\u2019observateurs identifient au n\u00e9olib\u00e9ralisme, non sans raison. Mais il importe de situer le n\u00e9olib\u00e9ralisme comme une d\u00e9clinaison du capitalisme\u00a0: et <i>toute<\/i> forme de capitalisme est sujette aux crises politiques et hostile \u00e0 la d\u00e9mocratie, car recelant une contradiction qui l\u2019y pr\u00e9dispose.<\/p>\n<p>Loin d\u2019\u00eatre une anomalie, la crise actuelle est la forme que prend cette contradiction. R\u00e9duire le capitalisme \u00e0 un syst\u00e8me \u00e9conomique, et la crise capitaliste \u00e0 des dysfonctionnements \u00e9conomiques, c\u2019est omettre d\u2019autres contradictions, et les crises qu\u2019elles engendrent\u00a0: quand les imp\u00e9ratifs \u00e9conomiques entrent en conflit avec les conditions d\u2019arri\u00e8re-plan non \u00e9conomiques dont la bonne sant\u00e9 est essentielle \u00e0 la poursuite de l\u2019accumulation. Ces conditions sont multiples. Mais la contradiction qui peut \u00eatre consid\u00e9r\u00e9e comme \u00e0 l\u2019origine de la crise d\u00e9mocratique actuelle \u2014 \u00e9troitement m\u00eal\u00e9e aux autres impasses du syst\u00e8me \u2014 porte sur les pouvoirs publics. Leur maintien est une condition de l\u2019accumulation continue du capital, pourtant le capital tend \u00e0 d\u00e9stabiliser ces pouvoirs publics dont il d\u00e9pend.<\/p>\n<p>L\u2019accumulation est inconcevable en l\u2019absence d\u2019un cadre juridique prot\u00e9geant l\u2019entreprise priv\u00e9e et les \u00e9changes marchands. Elle d\u00e9pend dans une large mesure des pouvoirs publics pour\u00a0(&#8230;)<\/p>\n<\/p><\/div>\n<p>Taille de l\u2019article complet\u00a0:\u00a0<span>2\u00a0510<\/span>\u00a0mots.<\/p>\n<div class=\"promo_dispo_article\">\n<h2 class=\"avantbloc\">\n\tCet article est r\u00e9serv\u00e9 aux\u00a0abonn\u00e9s<\/p>\n<\/h2>\n<div class=\"abo_inst\">\n\t<strong>Lyc\u00e9es, biblioth\u00e8ques, administrations, entreprises,<\/strong><br \/>\n\tacc\u00e9dez \u00e0 la base de donn\u00e9es en ligne de tous les articles du <i>Monde diplomatique<\/i> de 1954 \u00e0 nos\u00a0jours.<br \/>\n\t<a target=\"_blank\" id=\"pw-institutions\" class=\"suivi\" href=\"https:\/\/www.monde-diplomatique.fr\/archives\/institutions\">Retrouvez cette\u00a0offre sp\u00e9cifique<\/a>.\n<\/div>\n<\/div><\/div>\n<div>\n<p class=\"nom\">Nancy Fraser<\/p>\n<p>\n\t\t\t\t\tPhilosophe, auteure de l\u2019ouvrage <i>Le capitalisme est un cannibalisme,<\/i> \u00e0 para\u00eetre aux \u00e9ditions Agone (Marseille) le 15\u00a0janvier\u00a02025 et \u00e0 partir duquel cet article est compos\u00e9.<\/p>\n<\/p><\/div>\n<p><br \/>\n<br \/><a href=\"https:\/\/www.monde-diplomatique.fr\/2024\/12\/FRASER\/67848\" target=\"_blank\"\">Source link <\/a><\/p>\n","protected":false},"excerpt":{"rendered":"<p>Quand le discours sur les crises \u00e9lude les malfa\u00e7ons du syst\u00e8me La d\u00e9mocratie va mal. Ce serait la faute des institutions, des r\u00e9seaux sociaux, de l\u2019individualisme. De la \u00ab\u00a0radicalit\u00e9 des&hellip; <\/p>\n","protected":false},"author":1,"featured_media":1524,"comment_status":"open","ping_status":"open","sticky":false,"template":"","format":"standard","meta":{"footnotes":""},"categories":[1],"tags":[],"class_list":["post-1523","post","type-post","status-publish","format-standard","has-post-thumbnail","hentry","category-non-classe"],"_links":{"self":[{"href":"https:\/\/monde25.info\/index.php\/wp-json\/wp\/v2\/posts\/1523","targetHints":{"allow":["GET"]}}],"collection":[{"href":"https:\/\/monde25.info\/index.php\/wp-json\/wp\/v2\/posts"}],"about":[{"href":"https:\/\/monde25.info\/index.php\/wp-json\/wp\/v2\/types\/post"}],"author":[{"embeddable":true,"href":"https:\/\/monde25.info\/index.php\/wp-json\/wp\/v2\/users\/1"}],"replies":[{"embeddable":true,"href":"https:\/\/monde25.info\/index.php\/wp-json\/wp\/v2\/comments?post=1523"}],"version-history":[{"count":0,"href":"https:\/\/monde25.info\/index.php\/wp-json\/wp\/v2\/posts\/1523\/revisions"}],"wp:featuredmedia":[{"embeddable":true,"href":"https:\/\/monde25.info\/index.php\/wp-json\/wp\/v2\/media\/1524"}],"wp:attachment":[{"href":"https:\/\/monde25.info\/index.php\/wp-json\/wp\/v2\/media?parent=1523"}],"wp:term":[{"taxonomy":"category","embeddable":true,"href":"https:\/\/monde25.info\/index.php\/wp-json\/wp\/v2\/categories?post=1523"},{"taxonomy":"post_tag","embeddable":true,"href":"https:\/\/monde25.info\/index.php\/wp-json\/wp\/v2\/tags?post=1523"}],"curies":[{"name":"wp","href":"https:\/\/api.w.org\/{rel}","templated":true}]}}