{"id":1525,"date":"2024-12-05T02:32:02","date_gmt":"2024-12-05T01:32:02","guid":{"rendered":"https:\/\/monde25.info\/index.php\/2024\/12\/05\/un-polluant-eternel-trouve-dans-de-la-vittel\/"},"modified":"2024-12-05T02:32:02","modified_gmt":"2024-12-05T01:32:02","slug":"un-polluant-eternel-trouve-dans-de-la-vittel","status":"publish","type":"post","link":"https:\/\/monde25.info\/index.php\/2024\/12\/05\/un-polluant-eternel-trouve-dans-de-la-vittel\/","title":{"rendered":"un polluant \u00e9ternel trouv\u00e9 dans de la Vittel"},"content":{"rendered":"<p> <br \/>\n<\/p>\n<div>\n        <span class=\"date\">4 d\u00e9cembre 2024  \u00e0 16h56<\/span><\/p>\n<p class=\"duree_lecture\">\n        Dur\u00e9e de lecture : 2 minutes\n      <\/p>\n<\/p><\/div>\n<div>\n<p>L\u2019eau min\u00e9rale est une nouvelle fois \u00e9clabouss\u00e9e. Apr\u00e8s le <a target=\"_blank\" href=\"https:\/\/reporterre.net\/Eaux-minerales-frelatees-deux-nouvelles-plaintes-deposees\">scandale des eaux frelat\u00e9es<\/a>, le groupe Nestl\u00e9 Waters est cette fois accus\u00e9 de vendre de la Vittel contenant des traces d\u2019acide trifluoroac\u00e9tique (<span class=\"caps\">TFA<\/span>).<\/p>\n<p>Ce polluant \u00e9ternel appartient au groupe des <span class=\"caps\">PFAS<\/span> (substances alkyl\u00e9es perfluor\u00e9es et polyfluor\u00e9es) et se retrouve d\u00e9j\u00e0 dans l\u2019eau potable, comme l\u2019ont notamment r\u00e9v\u00e9l\u00e9 G\u00e9n\u00e9rations futures et <i>Reporterre<\/i> <a target=\"_blank\" href=\"https:\/\/reporterre.net\/Polluant-eternel-dans-l-eau-13-communes-du-Gard-touchees-selon-des-resultats-ineditsarticle\">dans une enqu\u00eate<\/a> publi\u00e9e en octobre dernier.<\/p>\n<h2 class=\"spip\">Un taux quatre fois au-dessus du seuil<\/h2>\n<p>Le r\u00e9seau Pesticide Action Network a publi\u00e9 le 3\u00a0d\u00e9cembre <a target=\"_blank\" href=\"https:\/\/www.pan-europe.info\/resources\/briefings\/2024\/12\/tfa-%E2%80%98forever-chemical%E2%80%99-european-mineral-waters\" class=\"spip_out\" rel=\"external\">les r\u00e9sultats d\u2019analyses<\/a> r\u00e9alis\u00e9es sur 19 \u00e9chantillons d\u2019eaux min\u00e9rales pr\u00e9lev\u00e9s dans sept pays europ\u00e9ens. Des traces de <span class=\"caps\">TFA<\/span> ont \u00e9t\u00e9 identifi\u00e9es dans 10 d\u2019entre eux et, dans 7 cas, les teneurs d\u00e9passaient le seuil r\u00e8glementaire de 0,1 microgramme par litre (\u00b5g\/l) pour les m\u00e9tabolites de pesticides. L\u2019eau Vittel affiche ainsi un taux quatre fois au-dessus du seuil.<\/p>\n<p>Nestl\u00e9 Waters, <a target=\"_blank\" href=\"https:\/\/www.lemonde.fr\/planete\/article\/2024\/12\/04\/pfas-le-polluant-eternel-tfa-contamine-aussi-les-eaux-minerales-en-bouteille_6428664_3244.html\" class=\"spip_out\" rel=\"external\">contact\u00e9 par <i>Le Monde<\/i><\/a>, se veut rassurant\u00a0: <i>\u00ab<small class=\"fine d-inline\">\u00a0<\/small>Vittel\u00a0peut \u00eatre bue et a toujours pu \u00eatre bue en toute s\u00e9curit\u00e9.<small class=\"fine d-inline\">\u00a0<\/small>\u00bb<\/i> Selon le groupe suisse, cette limite de 0,1\u00a0\u00b5g\/l ne s\u2019appliquerait pas au <span class=\"caps\">TFA<\/span>, qui ne fait <i>\u00ab<small class=\"fine d-inline\">\u00a0<\/small>pas partie des m\u00e9tabolites pertinents de pesticides<small class=\"fine d-inline\">\u00a0<\/small>\u00bb<\/i>.<\/p>\n<p>Pourtant, le fluf\u00e9nacet, herbicide qui se d\u00e9grade en <span class=\"caps\">TFA<\/span>, a \u00e9t\u00e9 reconnu officiellement <a target=\"_blank\" href=\"https:\/\/reporterre.net\/Eau-potable-contaminee-49-ONG-demandent-l-interdiction-d-un-herbicide-se-degradant-en\">comme un perturbateur endocrinien<\/a> par l\u2019Autorit\u00e9 europ\u00e9enne de s\u00e9curit\u00e9 des aliments en septembre dernier.<\/p>\n<p><i>\u00ab<small class=\"fine d-inline\">\u00a0<\/small>Nos r\u00e9sultats sugg\u00e8rent qu\u2019un pourcentage relativement \u00e9lev\u00e9 des plus de 500 sources d\u2019eau min\u00e9rale europ\u00e9ennes certifi\u00e9es pourrait d\u00e9j\u00e0 \u00eatre contamin\u00e9 par des <span class=\"caps\">TFA<\/span><small class=\"fine d-inline\">\u00a0<\/small>\u00bb<\/i>, alerte le r\u00e9seau Pesticide Action Network, qui r\u00e9clame l\u2019interdiction des deux pesticides qui se d\u00e9gradent en <span class=\"caps\">TFA<\/span>\u00a0: le fluf\u00e9nacet et le flutolanil.<\/p>\n<p>Ont-elles \u00e9t\u00e9 entendues<small class=\"fine d-inline\">\u00a0<\/small>? La Commission europ\u00e9enne devait pr\u00e9senter le 3 ou 4\u00a0d\u00e9cembre aux \u00c9tats membres de ne pas renouveler l\u2019autorisation de mise sur le march\u00e9 du fluf\u00e9nacet.<\/p>\n<aside class=\"boite_encarts\">\n<div class=\"encart encart_gris noprint\">\n<p><strong>Il est de retour.<\/strong><\/p>\n<p>Dans quelques semaines, Donald Trump se r\u00e9-installera \u00e0 la Maison Blanche.<\/p>\n<p>Un milliardaire, pour qui le r\u00e9chauffement climatique est \u00ab<small class=\"fine d-inline\">\u00a0<\/small>un canular<small class=\"fine d-inline\">\u00a0<\/small>\u00bb, sera \u00e0 la t\u00eate de la plus grande puissance mondiale.<\/p>\n<p>Dans une d\u00e9cennie cruciale pour l\u2019\u00e9cologie, nous ne pouvons pas nous permettre de perdre plus de temps.<\/p>\n<p>La soci\u00e9t\u00e9 civile doit continuer de se soulever, de se mobiliser et de faire pression sur les puissants.<\/p>\n<p>Mais pour agir, il faut savoir.<\/p>\n<p><strong>Depuis 11 ans, nous publions des articles de qualit\u00e9 sur l\u2019\u00e9cologie, en acc\u00e8s libre et sans publicit\u00e9, pour tous.<\/strong><\/p>\n<p>Nous avons la conviction que l\u2019urgence \u00e9cologique est l\u2019enjeu majeur de notre \u00e9poque.<br class=\"autobr\"\/><br \/>\n Et comme plus de 2 millions de lectrices et lecteurs chaque mois, vous partagez sans doute cette conviction&#8230;<\/p>\n<p>Alors si vous en avez les moyens, sachez qu\u2019un don, m\u00eame d\u20191\u20ac, est un acte de soutien fort pour l\u2019\u00e9cologie et le journalisme ind\u00e9pendant.<br class=\"autobr\"\/><br \/>\n (Et \u00e7a vous prendra moins de temps que la lecture de ce texte).<\/p>\n<p><strong>Si vous le pouvez, choisissez un soutien mensuel. Merci.<\/strong><\/p>\n<p><a target=\"_blank\" href=\"https:\/\/reporterre.net\/dons\" class=\"bt_soutenir\">Je soutiens <i>Reporterre<\/i><\/a><\/p>\n<\/p><\/div>\n<div class=\"encart encart_vert noprint montre_1023\">\n<div class=\"infolettre-form-container noprint\">\n<p>Abonnez-vous \u00e0 la lettre d\u2019info de Reporterre<\/p>\n<\/div><\/div>\n<\/aside>\n<aside class=\"boite_apresarticle encart_note\">\n<\/aside>\n<aside class=\"boite_complement texte\">\n<p>      <!-- zone_forum --><br \/>\n          <\/aside>\n<aside class=\"boite_lireaussi noprint\">\n<\/aside>\n<aside class=\"colonne\">\n<div class=\"article_info cache_1023 noprint\">\n        <span class=\"date\">4 d\u00e9cembre 2024  \u00e0 16h56<\/span><\/p>\n<p class=\"duree_lecture\">\n        Dur\u00e9e de lecture : 2 minutes\n      <\/p>\n<\/p><\/div>\n<div class=\"bloc_infolettre\">\n<div class=\"infolettre-form-container noprint\">\n<p>Abonnez-vous \u00e0 la lettre d\u2019info de Reporterre<\/p>\n<\/div><\/div>\n<\/aside>\n<div id=\"galerie\">\n  <img decoding=\"async\" src=\"\" class=\"principale\" id=\"principale\"\/><\/p>\n<p id=\"legende\">legende<\/p>\n<\/div>\n<footer class=\"noprint\">\n<\/footer>\n<\/div>\n<p><br \/>\n<br \/><a href=\"https:\/\/reporterre.net\/Un-polluant-eternel-dans-de-l-eau-Vittel\" target=\"_blank\"\">Source link <\/a><\/p>\n","protected":false},"excerpt":{"rendered":"<p>4 d\u00e9cembre 2024 \u00e0 16h56 Dur\u00e9e de lecture : 2 minutes L\u2019eau min\u00e9rale est une nouvelle fois \u00e9clabouss\u00e9e. Apr\u00e8s le scandale des eaux frelat\u00e9es, le groupe Nestl\u00e9 Waters est cette&hellip; <\/p>\n","protected":false},"author":1,"featured_media":1526,"comment_status":"open","ping_status":"open","sticky":false,"template":"","format":"standard","meta":{"footnotes":""},"categories":[1],"tags":[],"class_list":["post-1525","post","type-post","status-publish","format-standard","has-post-thumbnail","hentry","category-non-classe"],"_links":{"self":[{"href":"https:\/\/monde25.info\/index.php\/wp-json\/wp\/v2\/posts\/1525","targetHints":{"allow":["GET"]}}],"collection":[{"href":"https:\/\/monde25.info\/index.php\/wp-json\/wp\/v2\/posts"}],"about":[{"href":"https:\/\/monde25.info\/index.php\/wp-json\/wp\/v2\/types\/post"}],"author":[{"embeddable":true,"href":"https:\/\/monde25.info\/index.php\/wp-json\/wp\/v2\/users\/1"}],"replies":[{"embeddable":true,"href":"https:\/\/monde25.info\/index.php\/wp-json\/wp\/v2\/comments?post=1525"}],"version-history":[{"count":0,"href":"https:\/\/monde25.info\/index.php\/wp-json\/wp\/v2\/posts\/1525\/revisions"}],"wp:featuredmedia":[{"embeddable":true,"href":"https:\/\/monde25.info\/index.php\/wp-json\/wp\/v2\/media\/1526"}],"wp:attachment":[{"href":"https:\/\/monde25.info\/index.php\/wp-json\/wp\/v2\/media?parent=1525"}],"wp:term":[{"taxonomy":"category","embeddable":true,"href":"https:\/\/monde25.info\/index.php\/wp-json\/wp\/v2\/categories?post=1525"},{"taxonomy":"post_tag","embeddable":true,"href":"https:\/\/monde25.info\/index.php\/wp-json\/wp\/v2\/tags?post=1525"}],"curies":[{"name":"wp","href":"https:\/\/api.w.org\/{rel}","templated":true}]}}