{"id":1545,"date":"2024-12-05T09:07:43","date_gmt":"2024-12-05T08:07:43","guid":{"rendered":"https:\/\/monde25.info\/index.php\/2024\/12\/05\/vingt-quatre-heures-de-folie-en-coree-du-sud\/"},"modified":"2024-12-05T09:07:43","modified_gmt":"2024-12-05T08:07:43","slug":"vingt-quatre-heures-de-folie-en-coree-du-sud","status":"publish","type":"post","link":"https:\/\/monde25.info\/index.php\/2024\/12\/05\/vingt-quatre-heures-de-folie-en-coree-du-sud\/","title":{"rendered":"Vingt-quatre heures de folie en Cor\u00e9e du Sud"},"content":{"rendered":"<p> <br \/>\n<\/p>\n<div>\n<p><span data-contrast=\"none\">Mais \u00e0 qui profite le crime&#8230;<\/span><span data-ccp-props=\"{&quot;134233117&quot;:false,&quot;134233118&quot;:false,&quot;335559738&quot;:300,&quot;335559739&quot;:180}\">\u00a0<\/span><\/p>\n<p><span data-contrast=\"none\">A l\u2019heure o\u00f9 la G\u00e9orgie est en proie \u00e0 une manipulation fa\u00e7on Maiden, que les pays Balkans sont sous pression politique, que les gouvernements qui pr\u00f4nent la paix sont montr\u00e9s du doigt \u00e0 la fa\u00e7on de la Hongrie, que l&rsquo;interventionnisme tant europ\u00e9en qu\u2019am\u00e9ricain fait rage dans chaque \u00e9lection, et il y en aura eu 64 en 2024, la Cor\u00e9e du Sud v\u00e9ritable bastion am\u00e9ricain sur la p\u00e9ninsule, face au nouvel alli\u00e9 privil\u00e9gier de Moscou, sombre dans le chaos politique apr\u00e8s l&rsquo;imposition surprise par le pr\u00e9sident Yoon Suk Yeol de la loi martiale, puis son abrogation apr\u00e8s un vote des d\u00e9put\u00e9s qui ont d\u00e9fi\u00e9 une intrusion dans le Parlement de soldats arm\u00e9s.<\/span><span data-ccp-props=\"{&quot;134233117&quot;:false,&quot;134233118&quot;:false,&quot;335559738&quot;:300,&quot;335559739&quot;:180}\">\u00a0<\/span><\/p>\n<p><span data-contrast=\"none\">Yoon fait d\u00e9sormais face \u00e0 une motion en destitution, \u00e0 une gr\u00e8ve g\u00e9n\u00e9rale et \u00e0 de probables manifestations massives.<\/span><\/p>\n<p><span data-contrast=\"none\">Voici le d\u00e9roul\u00e9 des \u00e9v\u00e9nements depuis mardi soir.<\/span><span data-ccp-props=\"{&quot;134233117&quot;:false,&quot;134233118&quot;:false,&quot;335559738&quot;:300,&quot;335559739&quot;:180}\">\u00a0<\/span><\/p>\n<p><span data-contrast=\"none\" data-ccp-parastyle=\"heading 2\"><strong>&#8211; Rumeurs &#8211;<\/strong><\/span><span data-ccp-props=\"{&quot;134233117&quot;:false,&quot;134233118&quot;:false,&quot;134245418&quot;:true,&quot;134245529&quot;:true,&quot;201341983&quot;:0,&quot;335559738&quot;:349,&quot;335559739&quot;:360,&quot;335559740&quot;:450}\">\u00a0<\/span><\/p>\n<p><span data-contrast=\"none\">Certains d\u00e9put\u00e9s d&rsquo;opposition accusent depuis des ann\u00e9es Yoon Suk Yeol de d\u00e9rives autoritaires. En septembre, un de ces parlementaires, Kim Min-seok, avait affirm\u00e9 que le pr\u00e9sident \u00e9tait en train d&rsquo;ourdir un complot, apr\u00e8s avoir nomm\u00e9 ses alli\u00e9s et d&rsquo;anciens camarades de classe aux postes-cl\u00e9s de la s\u00e9curit\u00e9 nationale.<\/span><span data-ccp-props=\"{&quot;134233117&quot;:false,&quot;134233118&quot;:false,&quot;335559738&quot;:300,&quot;335559739&quot;:180}\">\u00a0<\/span><\/p>\n<p><span data-contrast=\"none\">Mardi soir, des rumeurs ont commenc\u00e9 \u00e0 circuler au sein des m\u00e9dias, selon lesquelles le chef de l&rsquo;Etat allait annoncer quelque chose de fracassant.<\/span><span data-ccp-props=\"{&quot;134233117&quot;:false,&quot;134233118&quot;:false,&quot;335559738&quot;:300,&quot;335559739&quot;:180}\">\u00a0<\/span><\/p>\n<p><span data-contrast=\"none\" data-ccp-parastyle=\"heading 2\"><strong>&#8211; Allocution surprise &#8211;<\/strong><\/span><span data-ccp-props=\"{&quot;134233117&quot;:false,&quot;134233118&quot;:false,&quot;134245418&quot;:true,&quot;134245529&quot;:true,&quot;201341983&quot;:0,&quot;335559738&quot;:349,&quot;335559739&quot;:360,&quot;335559740&quot;:450}\">\u00a0<\/span><\/p>\n<p><span data-contrast=\"none\">Mardi \u00e0 22H24 (14H24 GMT), Yoon Suk Yeol appara\u00eet en direct \u00e0 la t\u00e9l\u00e9vision. \u00ab\u00a0Pour prot\u00e9ger la Cor\u00e9e du Sud lib\u00e9rale des menaces pos\u00e9es par les forces communistes nord-cor\u00e9ennes et \u00e9liminer les \u00e9l\u00e9ments hostiles \u00e0 l&rsquo;Etat (&#8230;) je d\u00e9clare la loi martiale d&rsquo;urgence\u00a0\u00bb, annonce-t-il \u00e0 la surprise g\u00e9n\u00e9rale.<\/span><span data-ccp-props=\"{&quot;134233117&quot;:false,&quot;134233118&quot;:false,&quot;335559738&quot;:300,&quot;335559739&quot;:180}\">\u00a0<\/span><\/p>\n<p><span data-contrast=\"none\">\u00ab\u00a0Notre Assembl\u00e9e nationale est devenue un refuge de criminels, un repaire de dictature l\u00e9gislative\u00a0\u00bb, affirme le pr\u00e9sident, qui depuis son \u00e9lection en 2022 n&rsquo;a jamais dispos\u00e9 de la majorit\u00e9 au Parlement.<\/span><span data-ccp-props=\"{&quot;134233117&quot;:false,&quot;134233118&quot;:false,&quot;335559738&quot;:300,&quot;335559739&quot;:180}\">\u00a0<\/span><\/p>\n<p><span data-contrast=\"none\">Imm\u00e9diatement apr\u00e8s cette allocution, le chef de l&rsquo;opposition Lee Jae-myung se filme en direct en train de se rendre en voiture au Parlement, appelant les d\u00e9put\u00e9s et le peuple \u00e0 le rejoindre. Une s\u00e9ance d&rsquo;urgence est convoqu\u00e9e.<\/span><span data-ccp-props=\"{&quot;134233117&quot;:false,&quot;134233118&quot;:false,&quot;335559738&quot;:300,&quot;335559739&quot;:180}\">\u00a0<\/span><\/p>\n<\/div>\n<p><script>(function(d, s, id) {  var js, fjs = d.getElementsByTagName(s)[0];  if (d.getElementById(id)) return;  js = d.createElement(s); js.id = id;  js.src = \"\/\/connect.facebook.net\/fr_FR\/sdk.js#xfbml=1&version=v2.3\";  fjs.parentNode.insertBefore(js, fjs);}(document, \"script\", \"facebook-jssdk\"));<\/script><br \/>\n<br \/><br \/>\n<br \/><a href=\"https:\/\/www.francesoir.fr\/politique-monde\/vingt-quatre-heures-de-folie-en-coree-du-sud\" target=\"_blank\"\">Source link <\/a><\/p>\n","protected":false},"excerpt":{"rendered":"<p>Mais \u00e0 qui profite le crime&#8230;\u00a0 A l\u2019heure o\u00f9 la G\u00e9orgie est en proie \u00e0 une manipulation fa\u00e7on Maiden, que les pays Balkans sont sous pression politique, que les gouvernements&hellip; <\/p>\n","protected":false},"author":1,"featured_media":1546,"comment_status":"open","ping_status":"open","sticky":false,"template":"","format":"standard","meta":{"footnotes":""},"categories":[1],"tags":[],"class_list":["post-1545","post","type-post","status-publish","format-standard","has-post-thumbnail","hentry","category-non-classe"],"_links":{"self":[{"href":"https:\/\/monde25.info\/index.php\/wp-json\/wp\/v2\/posts\/1545","targetHints":{"allow":["GET"]}}],"collection":[{"href":"https:\/\/monde25.info\/index.php\/wp-json\/wp\/v2\/posts"}],"about":[{"href":"https:\/\/monde25.info\/index.php\/wp-json\/wp\/v2\/types\/post"}],"author":[{"embeddable":true,"href":"https:\/\/monde25.info\/index.php\/wp-json\/wp\/v2\/users\/1"}],"replies":[{"embeddable":true,"href":"https:\/\/monde25.info\/index.php\/wp-json\/wp\/v2\/comments?post=1545"}],"version-history":[{"count":0,"href":"https:\/\/monde25.info\/index.php\/wp-json\/wp\/v2\/posts\/1545\/revisions"}],"wp:featuredmedia":[{"embeddable":true,"href":"https:\/\/monde25.info\/index.php\/wp-json\/wp\/v2\/media\/1546"}],"wp:attachment":[{"href":"https:\/\/monde25.info\/index.php\/wp-json\/wp\/v2\/media?parent=1545"}],"wp:term":[{"taxonomy":"category","embeddable":true,"href":"https:\/\/monde25.info\/index.php\/wp-json\/wp\/v2\/categories?post=1545"},{"taxonomy":"post_tag","embeddable":true,"href":"https:\/\/monde25.info\/index.php\/wp-json\/wp\/v2\/tags?post=1545"}],"curies":[{"name":"wp","href":"https:\/\/api.w.org\/{rel}","templated":true}]}}