{"id":1549,"date":"2024-12-05T10:13:36","date_gmt":"2024-12-05T09:13:36","guid":{"rendered":"https:\/\/monde25.info\/index.php\/2024\/12\/05\/la-motion-de-censure-contre-le-gouvernement-barnier-adoptee-rt-en-francais\/"},"modified":"2024-12-05T10:13:36","modified_gmt":"2024-12-05T09:13:36","slug":"la-motion-de-censure-contre-le-gouvernement-barnier-adoptee-rt-en-francais","status":"publish","type":"post","link":"https:\/\/monde25.info\/index.php\/2024\/12\/05\/la-motion-de-censure-contre-le-gouvernement-barnier-adoptee-rt-en-francais\/","title":{"rendered":"la motion de censure contre le gouvernement Barnier adopt\u00e9e \u2014 RT en fran\u00e7ais"},"content":{"rendered":"<p> <br \/>\n<br \/><img decoding=\"async\" src=\"https:\/\/mf.b37mrtl.ru\/french\/images\/2024.12\/thumbnail\/675153656f7ccc71fe08d3ae.jpg\" \/><\/p>\n<div>\n<p class=\"text__summary\">\n                                        Ce 4 d\u00e9cembre, l&rsquo;Assembl\u00e9e nationale a fait chuter le gouvernement Barnier. Il s&rsquo;agit d&rsquo;une premi\u00e8re en France depuis 1962. Le Premier ministre serait attendu \u00e0 l\u2019\u00c9lys\u00e9e au matin afin de remettre sa d\u00e9mission \u00e0 Emmanuel Macron.\n                                    <\/p>\n<p><em\/>\u00abVoici le r\u00e9sultat du scrutin, majorit\u00e9 requise pour l\u2019adoption de la motion de censure\u00a0: 288. Pour l\u2019adoption\u00a0: 331\u00bb, a annonc\u00e9 la pr\u00e9sidente de l\u2019Assembl\u00e9e nationale Ya\u00ebl Braun-Pivet, ajoutant qu\u2019il n\u2019y avait pas lieu de mettre aux voix la seconde motion, port\u00e9e par le Rassemblement national (RN).<\/p>\n<p>\u00abC\u2019est par notre motion, d\u00e9pos\u00e9e par la France insoumise et le Nouveau Front Populaire, que ce gouvernement a \u00e9t\u00e9 renvers\u00e9\u00bb, s\u2019est empress\u00e9e de\u00a0d\u00e9clarer aux\u00a0journalistes, rassembl\u00e9s dans la salle des Quatre Colonnes, Mathilde Panot, la pr\u00e9sidente du groupe LFI \u00e0 l\u2019Assembl\u00e9e nationale.<\/p>\n<p>\u00abPas par celle du Rassemblement national, qui comme d\u2019habitude n\u2019a servi absolument \u00e0 rien, si ce n\u2019est \u00e0 nous faire perdre deux mois puisque nous avions pr\u00e9sent\u00e9 d\u00e8s le d\u00e9part [\u2026] une motion de censure en octobre\u00bb, a-t-elle poursuivi.<\/p>\n<p>Qualifiant le gouvernement Barnier de \u00abprovocation aux votes\u00bb des Fran\u00e7ais lors des l\u00e9gislatives et de \u00abplus \u00e9ph\u00e9m\u00e8re de la Ve r\u00e9publique\u00bb, la d\u00e9put\u00e9e a qualifi\u00e9 l\u2019adoption de cette motion de censure, la premi\u00e8re depuis 1962, d\u2019\u00abhistorique\u00bb.<\/p>\n<p>\u00abLe choix que nous avons fait c\u2019est celui de prot\u00e9ger les Fran\u00e7ais\u00bb, a pour sa part d\u00e9clar\u00e9, bien plus pos\u00e9e, Marine Le Pen, pr\u00e9sidente du groupe Rassemblement national \u00e0 l\u2019Assembl\u00e9e. Invit\u00e9e sur le plateau d\u2019une cha\u00eene priv\u00e9e, celle-ci a d\u00e9nonc\u00e9 un budget \u00abtoxique pour les Fran\u00e7ais\u00bb.<\/p>\n<h2>\u00abUn choix de responsabilit\u00e9\u00bb, d\u00e9fend Bardella<\/h2>\n<p>\u00abMonsieur Barnier avait fait trois promesses\u00a0: il avait fait la promesse de la justice fiscale, il a pr\u00e9sent\u00e9 un budget de 40 milliards d\u2019imp\u00f4ts suppl\u00e9mentaires. Il avait fait la promesse de la ma\u00eetrise des comptes publics, le d\u00e9ficit \u00e9tait aggrav\u00e9. Il avait fait la promesse de coconstruire le budget avec les oppositions et il n\u2019a pas entendu les oppositions quand il a construit son budget\u00bb, a-t-elle d\u00e9velopp\u00e9.\u00a0<\/p>\n<p>Le pr\u00e9sident du RN, Jordan Bardella, a <a target=\"_blank\" href=\"https:\/\/x.com\/J_Bardella\/status\/1864376896454111451\">d\u00e9fendu<\/a> \u00abun choix de responsabilit\u00e9\u00bb. \u00abOn ne pouvait pas laisser passer un budget qui pr\u00e9voyait 40 milliards d&rsquo;imp\u00f4ts suppl\u00e9mentaires dans un pays qui a d\u00e9j\u00e0 le record de pr\u00e9l\u00e8vements obligatoires\u00bb, a-t-il notamment d\u00e9clar\u00e9, en marge d\u2019une s\u00e9ance de d\u00e9dicaces de son livre dans une brasserie du 17e arrondissement, estimant que Michel Barnier \u00abn\u2019a pas su int\u00e9grer la nouvelle donne politique qui s\u2019est mise en place \u00e0 l\u2019issue des \u00e9lections l\u00e9gislatives\u00bb.<\/p>\n<p>La chute du gouvernement paraissait in\u00e9luctable depuis l\u2019annonce le 2 d\u00e9cembre par l\u2019ancienne candidate \u00e0 la pr\u00e9sidentielle de son intention de d\u00e9poser une motion de censure et de \u00abvoter la censure\u00bb du gouvernement.<\/p>\n<p>Citant des \u00absources concordantes\u00bb, BFMTV a rapport\u00e9 que Michel Barnier serait attendu \u00e0 l\u2019\u00c9lys\u00e9e le 5 d\u00e9cembre \u00e0 10 heures pour remettre sa d\u00e9mission \u00e0 Emmanuel Macron.<\/p>\n<\/div>\n<p><br \/>\n<br \/><a href=\"https:\/\/francais.rt.com\/france\/115142-france-motion-censure-contre-gouvernement\" target=\"_blank\"\">Source link <\/a><\/p>\n","protected":false},"excerpt":{"rendered":"<p>Ce 4 d\u00e9cembre, l&rsquo;Assembl\u00e9e nationale a fait chuter le gouvernement Barnier. Il s&rsquo;agit d&rsquo;une premi\u00e8re en France depuis 1962. Le Premier ministre serait attendu \u00e0 l\u2019\u00c9lys\u00e9e au matin afin de&hellip; <\/p>\n","protected":false},"author":1,"featured_media":1550,"comment_status":"open","ping_status":"open","sticky":false,"template":"","format":"standard","meta":{"footnotes":""},"categories":[1],"tags":[],"class_list":["post-1549","post","type-post","status-publish","format-standard","has-post-thumbnail","hentry","category-non-classe"],"_links":{"self":[{"href":"https:\/\/monde25.info\/index.php\/wp-json\/wp\/v2\/posts\/1549","targetHints":{"allow":["GET"]}}],"collection":[{"href":"https:\/\/monde25.info\/index.php\/wp-json\/wp\/v2\/posts"}],"about":[{"href":"https:\/\/monde25.info\/index.php\/wp-json\/wp\/v2\/types\/post"}],"author":[{"embeddable":true,"href":"https:\/\/monde25.info\/index.php\/wp-json\/wp\/v2\/users\/1"}],"replies":[{"embeddable":true,"href":"https:\/\/monde25.info\/index.php\/wp-json\/wp\/v2\/comments?post=1549"}],"version-history":[{"count":0,"href":"https:\/\/monde25.info\/index.php\/wp-json\/wp\/v2\/posts\/1549\/revisions"}],"wp:featuredmedia":[{"embeddable":true,"href":"https:\/\/monde25.info\/index.php\/wp-json\/wp\/v2\/media\/1550"}],"wp:attachment":[{"href":"https:\/\/monde25.info\/index.php\/wp-json\/wp\/v2\/media?parent=1549"}],"wp:term":[{"taxonomy":"category","embeddable":true,"href":"https:\/\/monde25.info\/index.php\/wp-json\/wp\/v2\/categories?post=1549"},{"taxonomy":"post_tag","embeddable":true,"href":"https:\/\/monde25.info\/index.php\/wp-json\/wp\/v2\/tags?post=1549"}],"curies":[{"name":"wp","href":"https:\/\/api.w.org\/{rel}","templated":true}]}}