{"id":15571,"date":"2025-09-10T04:55:36","date_gmt":"2025-09-10T02:55:36","guid":{"rendered":"https:\/\/monde25.info\/index.php\/2025\/09\/10\/monsieur-macron-laissez-nous-accueillir-nos-confreres-et-consoeurs-journalistes-palestiniens\/"},"modified":"2025-09-10T04:55:36","modified_gmt":"2025-09-10T02:55:36","slug":"monsieur-macron-laissez-nous-accueillir-nos-confreres-et-consoeurs-journalistes-palestiniens","status":"publish","type":"post","link":"https:\/\/monde25.info\/index.php\/2025\/09\/10\/monsieur-macron-laissez-nous-accueillir-nos-confreres-et-consoeurs-journalistes-palestiniens\/","title":{"rendered":"\u00ab\u00a0Monsieur Macron, laissez-nous accueillir nos confr\u00e8res et cons\u0153urs journalistes palestiniens\u00a0\u00bb"},"content":{"rendered":"<p> <br \/>\n<br \/><img loading=\"lazy\" decoding=\"async\" src=\"https:\/\/reporterre.net\/local\/cache-vignettes\/L700xH467\/israeltuelesjournalistes-80954.jpg?1757425621\" class=\"spip_logo\" width=\"700\" height=\"467\" alt=\"\" \/><\/p>\n<p>Plus de 400 journalistes francophones demandent dans cette tribune la reprise de l&rsquo;accueil des journalistes gazaouis qui veulent \u00eatre \u00e9vacu\u00e9s. Ils r\u00e9clament aussi l&rsquo;acc\u00e8s imm\u00e9diat de la presse internationale sur le terrain. <br class=\"autobr\" \/> Nous sommes pr\u00e8s de 400\u00a0journalistes et professionnels des m\u00e9dias fran\u00e7ais et francophones apportant notre soutien, depuis le mois de juillet, \u00e0 la constitution de dossiers d&rsquo;\u00e9vacuation et \u00e0 l&rsquo;accueil de nos confr\u00e8res et cons\u0153urs palestiniens de Gaza, qui entretiennent\u00a0(\u2026)<\/p>\n<p>                    <a target=\"_blank\" href=\"https:\/\/reporterre.net\/Monsieur-Macron-laissez-nous-accueillir-nos-confreres-et-consoeurs-journalistes?utm_source=RSS&amp;utm_medium=RSS\">Lire la suite<\/a><\/p>\n<p>                    &#8211;<br \/>\n                        <a target=\"_blank\" href=\"https:\/\/reporterre.net\/Tribune-15\" rel=\"directory\">Tribune<\/a><\/p>\n<p>                    \/<br \/>\n                        <a target=\"_blank\" href=\"https:\/\/reporterre.net\/Armee\" rel=\"tag\">Guerres et Arm\u00e9es<\/a><br \/>\n                    ,<br \/>\n                        <a target=\"_blank\" href=\"https:\/\/reporterre.net\/Medias\" rel=\"tag\">M\u00e9dias<\/a><br \/>\n<br \/><br \/>\n<br \/><a href=\"https:\/\/reporterre.net\/Monsieur-Macron-laissez-nous-accueillir-nos-confreres-et-consoeurs-journalistes\" target=\"_blank\"\">Source link <\/a><\/p>\n","protected":false},"excerpt":{"rendered":"<p>Plus de 400 journalistes francophones demandent dans cette tribune la reprise de l&rsquo;accueil des journalistes gazaouis qui veulent \u00eatre \u00e9vacu\u00e9s. Ils r\u00e9clament aussi l&rsquo;acc\u00e8s imm\u00e9diat de la presse internationale sur&hellip; <\/p>\n","protected":false},"author":1,"featured_media":0,"comment_status":"open","ping_status":"open","sticky":false,"template":"","format":"standard","meta":{"footnotes":""},"categories":[1],"tags":[],"class_list":["post-15571","post","type-post","status-publish","format-standard","hentry","category-non-classe"],"_links":{"self":[{"href":"https:\/\/monde25.info\/index.php\/wp-json\/wp\/v2\/posts\/15571","targetHints":{"allow":["GET"]}}],"collection":[{"href":"https:\/\/monde25.info\/index.php\/wp-json\/wp\/v2\/posts"}],"about":[{"href":"https:\/\/monde25.info\/index.php\/wp-json\/wp\/v2\/types\/post"}],"author":[{"embeddable":true,"href":"https:\/\/monde25.info\/index.php\/wp-json\/wp\/v2\/users\/1"}],"replies":[{"embeddable":true,"href":"https:\/\/monde25.info\/index.php\/wp-json\/wp\/v2\/comments?post=15571"}],"version-history":[{"count":0,"href":"https:\/\/monde25.info\/index.php\/wp-json\/wp\/v2\/posts\/15571\/revisions"}],"wp:attachment":[{"href":"https:\/\/monde25.info\/index.php\/wp-json\/wp\/v2\/media?parent=15571"}],"wp:term":[{"taxonomy":"category","embeddable":true,"href":"https:\/\/monde25.info\/index.php\/wp-json\/wp\/v2\/categories?post=15571"},{"taxonomy":"post_tag","embeddable":true,"href":"https:\/\/monde25.info\/index.php\/wp-json\/wp\/v2\/tags?post=15571"}],"curies":[{"name":"wp","href":"https:\/\/api.w.org\/{rel}","templated":true}]}}