{"id":15627,"date":"2025-09-11T02:22:46","date_gmt":"2025-09-11T00:22:46","guid":{"rendered":"https:\/\/monde25.info\/index.php\/2025\/09\/11\/panique-a-bord-a-lelysee-on-prend-les-memes-ou-presque-et-on-recommence-chronique-dune-rentree-explosive-episode-4\/"},"modified":"2025-09-11T02:22:46","modified_gmt":"2025-09-11T00:22:46","slug":"panique-a-bord-a-lelysee-on-prend-les-memes-ou-presque-et-on-recommence-chronique-dune-rentree-explosive-episode-4","status":"publish","type":"post","link":"https:\/\/monde25.info\/index.php\/2025\/09\/11\/panique-a-bord-a-lelysee-on-prend-les-memes-ou-presque-et-on-recommence-chronique-dune-rentree-explosive-episode-4\/","title":{"rendered":"Panique \u00e0 bord \u00e0 l&rsquo;\u00c9lys\u00e9e : On prend les m\u00eames (ou presque\u00a0?) et on recommence (Chronique d\u2019une rentr\u00e9e explosive\u2013\u00c9pisode 4)"},"content":{"rendered":"<p> <br \/>\n<\/p>\n<div>\n<p><strong>La version politique de \u00ab\u00a0Un jour sans fin\u00a0\u00bb mise en sc\u00e8ne par Emmanuel Emmanuel<\/strong><\/p>\n<p>\u00a0<\/p>\n<p>Depuis la dissolution de l&rsquo;Assembl\u00e9e nationale le 9 juin 2024, la France vit une crise politique sans pr\u00e9c\u00e9dent. Le 9 septembre 2025, Emmanuel Macron a nomm\u00e9 S\u00e9bastien Lecornu, ancien ministre des Arm\u00e9es, comme nouveau Premier ministre, succ\u00e9dant \u00e0 Fran\u00e7ois Bayrou, qui a d\u00e9missionn\u00e9 la veille. Cette nomination, la troisi\u00e8me en seize mois apr\u00e8s Michel Barnier et Bayrou, ressemble \u00e0 une version politique d\u2019Un jour sans fin mis en sc\u00e8ne par Emmanuel Macron\u00a0: Premier Ministre par Interim.<\/p>\n<p class=\"text-align-center\"><img decoding=\"async\" data-entity-uuid=\"f6a5a688-51f7-49e3-bfe0-a822a27b99a2\" data-entity-type=\"file\" alt=\"AFP\" width=\"535\" height=\"321\" loading=\"lazy\" class=\"lazyload\" src=\"https:\/\/www.francesoir.fr\/sites\/default\/files\/inline-images\/IMAGE%20SEPT%202025%20%2821%29.png\"\/><\/p>\n<p>Une s\u00e9rie indigeste au possible, n\u00e9faste pour les int\u00e9r\u00eats de la France et Fran\u00e7ais, pris en otage institutionnellement depuis la dissolution de l&rsquo;Assembl\u00e9e nationale. Derri\u00e8re cette apparente r\u00e9p\u00e9tition, se cache-t-elle une strat\u00e9gie d\u00e9lib\u00e9r\u00e9e pour plonger le pays dans le chaos institutionnel ?<\/p>\n<p class=\"text-align-center\">\u00a0<\/p>\n<h5><strong>S\u00e9bastien Lecornu, choix strat\u00e9gique ?<\/strong><\/h5>\n<p>Et le h\u00e9ros \u00ab\u00a0malgr\u00e9 lui\u00a0\u00bb du nouvel \u00e9pisode de cette s\u00e9rie s&rsquo;appelle <a target=\"_blank\" href=\"https:\/\/www.bfmtv.com\/politique\/elysee\/sebastien-lecornu-nomme-premier-ministre-par-emmanuel-macron_AN-202509090839.html\">S\u00e9bastien Lecornu<\/a> (1). Ce fid\u00e8le d\u2019<a target=\"_blank\" href=\"https:\/\/www.francesoir.fr\/opinions-editos\/presider-c-est-faire-ce-pour-quoi-ete-elu-emmanuel-macron-vraiment-alors-permettez\">Emmanuel Macron<\/a>, n\u2019est pas un novice. Pr\u00e9sent dans presque tous les gouvernements depuis 2017, il \u00e9tait jusqu\u2019alors ministre des Arm\u00e9es, un poste cl\u00e9 dans un contexte de tensions internationales. Certains y verront un choix de continuit\u00e9, compte tenu de son exp\u00e9rience. Mais, d\u2019autres, plus sceptiques, s\u2019interrogent : pourquoi nommer un Premier ministre dans une Assembl\u00e9e nationale fragment\u00e9e, o\u00f9 aucune majorit\u00e9 stable n\u2019est possible ?<\/p>\n<p>Depuis la dissolution, aucun gouvernement n\u2019a r\u00e9ussi \u00e0 r\u00e9unir les voix n\u00e9cessaires pour \u00e9viter une motion de censure, comme l\u2019ont prouv\u00e9 les chutes rapides de Barnier et Bayrou.<\/p>\n<p>Cette instabilit\u00e9 chronique pourrait servir un objectif plus large. En nommant des Premiers ministres incapables de gouverner durablement, Macron maintient une impasse institutionnelle qui renforce son propre pouvoir. Certains observateurs craignent qu\u2019il ne pr\u00e9pare le terrain pour invoquer l\u2019article 16 de la Constitution, qui permet au pr\u00e9sident de s\u2019octroyer des pouvoirs exceptionnels en cas de crise grave mena\u00e7ant la nation. Sans aller jusqu\u2019\u00e0 pr\u00eater \u00e0 Macron des intentions napol\u00e9oniennes (1), cette hypoth\u00e8se m\u00e9rite d\u2019\u00eatre examin\u00e9e.<\/p>\n<p><img decoding=\"async\" data-entity-uuid=\"8b8ac86c-cbf6-48e7-b874-d79fad08a623\" data-entity-type=\"file\" alt=\"https:\/\/x.com\/MaryMbois\/status\/1965684003656413536\" width=\"417\" height=\"661\" loading=\"lazy\" class=\"lazyload\" src=\"https:\/\/www.francesoir.fr\/sites\/default\/files\/inline-images\/image_595.png\"\/><\/p>\n<h5><strong>Un pays pris en otage ?<\/strong><\/h5>\n<p>Le v\u00e9ritable perdant de cette crise, c\u2019est le peuple fran\u00e7ais. Les 70 millions de citoyens subissent les cons\u00e9quences d\u2019une gouvernance paralys\u00e9e. Sans majorit\u00e9, le gouvernement ne peut l\u00e9gif\u00e9rer sur des dossiers cruciaux : retraites, pouvoir d\u2019achat, transition \u00e9nerg\u00e9tique. Pendant ce temps, Macron semble jouer la montre, laissant le pays dans une incertitude d\u00e9l\u00e9t\u00e8re.\u00a0<\/p>\n<p>Pire, certains soup\u00e7ons \u00e9mergent quant aux priorit\u00e9s de l\u2019ex\u00e9cutif. La nomination de Lecornu, proche de Macron et familier des enjeux militaires, intervient dans un contexte de rh\u00e9torique belliqueuse sur le conflit russo-ukrainien. Les d\u00e9clarations r\u00e9p\u00e9t\u00e9es de Macron sur un possible engagement accru de la <a target=\"_blank\" href=\"https:\/\/www.francesoir.fr\/politique-france\/dans-un-discours-adresse-aux-francais-la-sorbonne-macron-gesticule-sur-l-europe\">France en Ukraine<\/a>, en <a target=\"_blank\" href=\"https:\/\/www.francesoir.fr\/politique-france\/accord-franco-ukrainien-macron-attal-et-sejourne-ont-ils-sciemment-viole-la\">vertu d\u2019un accord Franco-ukrainien que Macron, Attal et S\u00e9journ\u00e9 pourraient avoir sign\u00e9 en enfreignant sciemment la Constitution et en d\u00e9sinformant le Parlement<\/a> alimentent <strong>les craintes d\u2019une escalade militaire<\/strong>. Il n\u2019est donc pas \u00e9tonnant qu\u2019Attal, S\u00e9journ\u00e9 et Lecornu aient, en 2024, fait l\u2019objet <a target=\"_blank\" href=\"https:\/\/www.francesoir.fr\/videos-les-debriefings\/attal-lecornu-et-sejourne-vises-par-une-plainte-pour-avoir-livre-une\">d\u2019une double plainte pour avoir livr\u00e9 \u00e0 une puissance \u00e9trang\u00e8re du mat\u00e9riel affect\u00e9 \u00e0 la d\u00e9fense nationale<\/a>\u00a0! Ces plaintes ont \u00e9t\u00e9 class\u00e9es sans suite, mais les deux plaignants, les g\u00e9n\u00e9raux Pellizzari et Coustou ont fait depuis l\u2019objet de repr\u00e9sailles de la part de l\u2019ex-ministre des Arm\u00e9es, et \u00e9t\u00e9 radi\u00e9s des cadres de seconde section. Ces affaires sont pendantes devant le Conseil d\u2019Etat. L\u2019AFP s&rsquo;\u00e9tait m\u00eame\u00a0fendue d&rsquo;<a target=\"_blank\" href=\"https:\/\/www.francesoir.fr\/societe-justice-culture-medias\/quand-l-afp-et-les-medias-trahissent-leur-devoir-d-informer-le-droit\">une fake news \u00e0 l\u2019\u00e9gard du G\u00e9n\u00e9ral Pellizzari<\/a> avant qu\u2019elle ne se soit conduite <a target=\"_blank\" href=\"https:\/\/www.francesoir.fr\/politique-france-societe-justice-culture-medias\/mise-en-demeure-par-france-soir-l-afp-modifie-sa\">\u00e0 prendre en compte son droit de r\u00e9ponse et dusse modifier la d\u00e9p\u00eache<\/a>.<\/p>\n<p>Alors, on est en droit de s\u2019interroger si la nomination de Lecornu est une co\u00efncidence ou un signal d\u2019une volont\u00e9 de recentrer le pouvoir autour de la pr\u00e9sidence, au d\u00e9triment des institutions d\u00e9mocratiques ?<\/p>\n<h5>\u00a0<\/h5>\n<h5><strong>Vers l\u2019article 16 ?<\/strong><\/h5>\n<p>L\u2019hypoth\u00e8se d\u2019un recours \u00e0 l\u2019article 16 n\u2019est pas nouvelle. Cet article, inscrit dans la Constitution de 1958, permet au pr\u00e9sident de prendre \u00ab\u00a0temporairement\u00a0\u00bb des mesures exceptionnelles en cas de \u00ab <em>menace grave et imm\u00e9diate<\/em> \u00bb sur les institutions ou l\u2019ind\u00e9pendance nationale. Mais son activation, qui suspendrait le fonctionnement normal des pouvoirs publics, serait un s\u00e9isme d\u00e9mocratique. En multipliant les nominations vou\u00e9es \u00e0 l\u2019\u00e9chec de Premiers ministres perp\u00e9tuellement en guerre contre l&rsquo;Assembl\u00e9e nationale (faute de la majorit\u00e9 requise pour pouvoir gouverner), le pr\u00e9sident de la R\u00e9publique a d\u00e9j\u00e0, de fait, les pleins pouvoirs.<\/p>\n<p>D\u00e8s lors, il reste simplement \u00e0 Emmanuel Macron \u00e0 pourrir encore un peu plus la situation pour cr\u00e9er les conditions d\u2019un chaos institutionnel afin de s&rsquo;octroyer les pleins pouvoirs officiellement. Cela pourrait se mat\u00e9rialiser, apr\u00e8s le renversement in\u00e9luctable du Gouvernement Lecornu \u00e0 plus ou moins court terme (voire tr\u00e8s court terme). Macron pourrait alors nommer des figures issues d\u2019autres partis (PS, LFI, voire RN), pour ensuite d\u00e9clarer : \u00ab <em>J\u2019ai tout essay\u00e9, l\u2019article 16 est la seule solution.<\/em> \u00bb Un la\u00efus durant lequel Emmanuel Macron fera expr\u00e8s d&rsquo;oublier de citer l&rsquo;option constitutionnelle qu&rsquo;il a \u00e9cart\u00e9e au d\u00e9part\u00a0: sa d\u00e9mission.<\/p>\n<h5>\u00a0<\/h5>\n<h5><strong>Entretenir le chaos<\/strong><\/h5>\n<p>Fid\u00e8le \u00e0 son \u00ab\u00a0<em>en m\u00eame temps<\/em>\u00a0\u00bb cette strat\u00e9gie d&rsquo;Emmanuel Macron, si elle existe, repose sur un pari risqu\u00e9 : attiser la col\u00e8re populaire tout en paralysant les institutions, soit le chaos social. Les manifestations contre la r\u00e9forme des retraites en 2023 ont montr\u00e9 que les Fran\u00e7ais peuvent se mobiliser face \u00e0 des d\u00e9cisions per\u00e7ues comme autoritaires. En entretenant l\u2019instabilit\u00e9, Macron pourrait involontairement pousser le pays vers des tensions sociales explosives.<\/p>\n<p>Et, agirait-il ainsi pour que policiers et militaires, tromp\u00e9s par cette man\u0153uvre, finissent par consentir qu&rsquo;effectivement, le recours \u00e0 l&rsquo;article 16 de la Constitution est la seule solution pour rem\u00e9dier \u00e0 ce chaos.<\/p>\n<h5>\u00a0<\/h5>\n<h5><strong>Un appel \u00e0 la vigilance<\/strong><\/h5>\n<p>La nomination de S\u00e9bastien Lecornu \u00e0 Matignon n\u2019est pas un simple rebondissement politicard. C\u2019est un sympt\u00f4me d\u2019une crise profonde, o\u00f9 l\u2019\u00c9lys\u00e9e orchestre une farce institutionnelle, rel\u00e9guant les citoyens au rang de spectateurs impuissants. Apr\u00e8s Barnier et Bayrou, ce troisi\u00e8me Premier ministre en chaise \u00e9jectable illustre l\u2019impasse dans laquelle Macron plonge la France, flirtant dangereusement avec des d\u00e9rives autoritaires et des conflits ext\u00e9rieurs.<\/p>\n<p>Si les partis d\u2019opposition \u2013 de la gauche \u00e0 l\u2019extr\u00eame droite \u2013 ne censurent pas rapidement le gouvernement Lecornu, ils risquent de conforter les doutes sur leur ind\u00e9pendance face \u00e0 une \u00e9lite politique per\u00e7ue comme d\u00e9connect\u00e9e et m\u00e9prisante. Cette caste, gav\u00e9e d\u2019int\u00e9r\u00eats priv\u00e9s, pi\u00e9tine sans vergogne les travailleurs et les retrait\u00e9s depuis 2017. Les m\u00e9dias mainstream et les r\u00e9seaux sociaux, complices, nous servent ces marionnettes comme seules options viables pour exercer les fonctions institutionnelles sup\u00e9rieures de \u00ab\u00a0la R\u00e9publique\u00a0\u00bb. Cela alors que telle qu\u2019elle se pr\u00e9sente, l\u2019ennemi de la France et des Fran\u00e7ais, <a target=\"_blank\" href=\"https:\/\/www.francesoir.fr\/opinions-editos\/c-est-quoi-la-republique\">c\u2019est pr\u00e9cis\u00e9ment la R\u00e9publique<\/a>.<\/p>\n<p>Le v\u00e9ritable pouvoir appartient aux Fran\u00e7ais \u2013 actifs, retrait\u00e9s, jeunes ou seniors \u2013 qui refusent de voir leurs int\u00e9r\u00eats sacrifi\u00e9s au profit d\u2019une classe dirigeante. Et, les Fran\u00e7ais ne sont pas condamn\u00e9s \u00e0 subir. Exigez des comptes de vos \u00e9lus. D\u00e9battez, informez-vous hors des canaux format\u00e9s. L\u2019histoire, des gr\u00e8ves de 1995 aux sursauts citoyens r\u00e9cents, prouve que la mobilisation peut faire plier les puissants. Il est temps de reprendre la main. Comme le chantait Thierry Le Luron dans sa parodie Le minist\u00e8re patraque : \u00ab <em>Ah mon dieu qu\u2019c\u2019est emb\u00eatant un minist\u00e8re patraque !<\/em> \u00bb Ce n\u2019est pas dr\u00f4le, certes, mais c\u2019est aux citoyens, de r\u00e9\u00e9crire la fin de cette pi\u00e8ce. Rester vigilants, mobilis\u00e9s et d\u00e9termin\u00e9s \u00e0 d\u00e9fendre nos droits.<\/p>\n<p>Rendez-vous bient\u00f4t pour deux nouveaux \u00e9ditos, o\u00f9 nous explorerons les prochaines \u00e9tapes de cette crise et les moyens de la surmonter.<\/p>\n<p>\u00a0<\/p>\n<p>\u00a0<\/p>\n<p>(1) Sauf intervention d&rsquo;un couac impromptu pour Emmanuel Macron et salvateur pour nous, fa\u00e7on Waterloo, et un exil \u00e0 Saint-H\u00e9l\u00e8ne en ex\u00e9cution d&rsquo;une condamnation. Je reviendrai sp\u00e9cifiquement dans un prochain \u00e9dito sur cette chute brutale in\u00e9luctable du monarque (\u00ab\u00a0<em>Qui a v\u00e9cu par le glaive p\u00e9rira par le glaive\u00a0!<\/em>\u00a0\u00bb).<\/p>\n<p>(2) \u00ab\u00a0<em>Avec mon nouveau minist\u00e8re, c&rsquo;est pas rigolo, entre nous. Il est d&rsquo;une sant\u00e9 pr\u00e9caire, et j&rsquo; me fais un mauvais sang fou. Bien que j&rsquo;ai l&rsquo;air en bonne sant\u00e9, je souffre de tous les c\u00f4t\u00e9s<\/em>.<\/p>\n<p>(\u2026\/&#8230;)<\/p>\n<p><em>Ah mon dieu qu&rsquo; c&rsquo;est emb\u00eatant un minist\u00e8re patraque\u00a0!<\/em><\/p>\n<p><em>Ah mon dieu qu&rsquo; c&rsquo;est emb\u00eatant d&rsquo;\u00eatre au gouvernement\u00a0!<\/em>\u00a0\u00bb<\/p>\n<p><a target=\"_blank\" href=\"https:\/\/youtu.be\/pnl2lWTFLiI?si=znExm6aUgCM4Bfh7\">https:\/\/youtu.be\/pnl2lWTFLiI?si=znExm6aUgCM4Bfh7<\/a><\/p>\n<\/div>\n<p><script>(function(d, s, id) {  var js, fjs = d.getElementsByTagName(s)[0];  if (d.getElementById(id)) return;  js = d.createElement(s); js.id = id;  js.src = \"\/\/connect.facebook.net\/fr_FR\/sdk.js#xfbml=1&version=v2.3\";  fjs.parentNode.insertBefore(js, fjs);}(document, \"script\", \"facebook-jssdk\"));<\/script><br \/>\n<br \/><br \/>\n<br \/><a href=\"https:\/\/www.francesoir.fr\/opinions-editos\/panique-bord-l-elysee-prend-les-memes-ou-presque-et-recommence-chronique-d-une\" target=\"_blank\"\">Source link <\/a><\/p>\n","protected":false},"excerpt":{"rendered":"<p>La version politique de \u00ab\u00a0Un jour sans fin\u00a0\u00bb mise en sc\u00e8ne par Emmanuel Emmanuel \u00a0 Depuis la dissolution de l&rsquo;Assembl\u00e9e nationale le 9 juin 2024, la France vit une crise&hellip; <\/p>\n","protected":false},"author":1,"featured_media":15628,"comment_status":"open","ping_status":"open","sticky":false,"template":"","format":"standard","meta":{"footnotes":""},"categories":[1],"tags":[],"class_list":["post-15627","post","type-post","status-publish","format-standard","has-post-thumbnail","hentry","category-non-classe"],"_links":{"self":[{"href":"https:\/\/monde25.info\/index.php\/wp-json\/wp\/v2\/posts\/15627","targetHints":{"allow":["GET"]}}],"collection":[{"href":"https:\/\/monde25.info\/index.php\/wp-json\/wp\/v2\/posts"}],"about":[{"href":"https:\/\/monde25.info\/index.php\/wp-json\/wp\/v2\/types\/post"}],"author":[{"embeddable":true,"href":"https:\/\/monde25.info\/index.php\/wp-json\/wp\/v2\/users\/1"}],"replies":[{"embeddable":true,"href":"https:\/\/monde25.info\/index.php\/wp-json\/wp\/v2\/comments?post=15627"}],"version-history":[{"count":0,"href":"https:\/\/monde25.info\/index.php\/wp-json\/wp\/v2\/posts\/15627\/revisions"}],"wp:featuredmedia":[{"embeddable":true,"href":"https:\/\/monde25.info\/index.php\/wp-json\/wp\/v2\/media\/15628"}],"wp:attachment":[{"href":"https:\/\/monde25.info\/index.php\/wp-json\/wp\/v2\/media?parent=15627"}],"wp:term":[{"taxonomy":"category","embeddable":true,"href":"https:\/\/monde25.info\/index.php\/wp-json\/wp\/v2\/categories?post=15627"},{"taxonomy":"post_tag","embeddable":true,"href":"https:\/\/monde25.info\/index.php\/wp-json\/wp\/v2\/tags?post=15627"}],"curies":[{"name":"wp","href":"https:\/\/api.w.org\/{rel}","templated":true}]}}