{"id":15635,"date":"2025-09-11T06:46:36","date_gmt":"2025-09-11T04:46:36","guid":{"rendered":"https:\/\/monde25.info\/index.php\/2025\/09\/11\/carte-des-inondations-votre-region-est-elle-menacee\/"},"modified":"2025-09-11T06:46:36","modified_gmt":"2025-09-11T04:46:36","slug":"carte-des-inondations-votre-region-est-elle-menacee","status":"publish","type":"post","link":"https:\/\/monde25.info\/index.php\/2025\/09\/11\/carte-des-inondations-votre-region-est-elle-menacee\/","title":{"rendered":"Carte des inondations\u00a0: votre r\u00e9gion est-elle menac\u00e9e\u00a0?"},"content":{"rendered":"<p> <br \/>\n<br \/><img loading=\"lazy\" decoding=\"async\" src=\"https:\/\/reporterre.net\/local\/cache-vignettes\/L700xH467\/27431862805_56e97f24eb_o_1_-7ff15.jpg?1757510395\" class=\"spip_logo\" width=\"700\" height=\"467\" alt=\"\" \/><\/p>\n<p>C&rsquo;est le premier risque naturel en France, o\u00f9 pr\u00e8s d&rsquo;un quart des habitants y sont expos\u00e9s. Le risque d&rsquo;inondation est au c\u0153ur de la nouvelle \u00e9dition de l&rsquo;atlas \u00ab<small class=\"fine d-inline\">\u00a0<\/small>Cartographier l&rsquo;anthropoc\u00e8ne<small class=\"fine d-inline\">\u00a0<\/small>\u00bb, publi\u00e9 le 9\u00a0septembre par l&rsquo;Institut national de l&rsquo;information g\u00e9ographique et foresti\u00e8re (<span class=\"caps\">IGN<\/span>). Il comprend notamment la premi\u00e8re cartographie de cet al\u00e9a climatique sur le territoire fran\u00e7ais. <br class=\"autobr\" \/><br \/>\nD&rsquo;apr\u00e8s les r\u00e9sultats de l&rsquo;<span class=\"caps\">IGN<\/span>, les populations du littoral m\u00e9diterran\u00e9en et des vall\u00e9es fluviales comme\u00a0(\u2026)<\/p>\n<p>                    <a target=\"_blank\" href=\"https:\/\/reporterre.net\/Carte-des-inondations-votre-region-est-elle-menacee?utm_source=RSS&amp;utm_medium=RSS\">Lire la suite<\/a><\/p>\n<p>                    &#8211;<br \/>\n                        <a target=\"_blank\" href=\"https:\/\/reporterre.net\/Breves-20\" rel=\"directory\">En bref<\/a><\/p>\n<p>                    \/<br \/>\n                        <a target=\"_blank\" href=\"https:\/\/reporterre.net\/Inondations\" rel=\"tag\">Inondations<\/a><br \/>\n<br \/><br \/>\n<br \/><a href=\"https:\/\/reporterre.net\/Carte-des-inondations-votre-region-est-elle-menacee\" target=\"_blank\"\">Source link <\/a><\/p>\n","protected":false},"excerpt":{"rendered":"<p>C&rsquo;est le premier risque naturel en France, o\u00f9 pr\u00e8s d&rsquo;un quart des habitants y sont expos\u00e9s. Le risque d&rsquo;inondation est au c\u0153ur de la nouvelle \u00e9dition de l&rsquo;atlas \u00ab\u00a0Cartographier l&rsquo;anthropoc\u00e8ne\u00a0\u00bb,&hellip; <\/p>\n","protected":false},"author":1,"featured_media":0,"comment_status":"open","ping_status":"open","sticky":false,"template":"","format":"standard","meta":{"footnotes":""},"categories":[1],"tags":[],"class_list":["post-15635","post","type-post","status-publish","format-standard","hentry","category-non-classe"],"_links":{"self":[{"href":"https:\/\/monde25.info\/index.php\/wp-json\/wp\/v2\/posts\/15635","targetHints":{"allow":["GET"]}}],"collection":[{"href":"https:\/\/monde25.info\/index.php\/wp-json\/wp\/v2\/posts"}],"about":[{"href":"https:\/\/monde25.info\/index.php\/wp-json\/wp\/v2\/types\/post"}],"author":[{"embeddable":true,"href":"https:\/\/monde25.info\/index.php\/wp-json\/wp\/v2\/users\/1"}],"replies":[{"embeddable":true,"href":"https:\/\/monde25.info\/index.php\/wp-json\/wp\/v2\/comments?post=15635"}],"version-history":[{"count":0,"href":"https:\/\/monde25.info\/index.php\/wp-json\/wp\/v2\/posts\/15635\/revisions"}],"wp:attachment":[{"href":"https:\/\/monde25.info\/index.php\/wp-json\/wp\/v2\/media?parent=15635"}],"wp:term":[{"taxonomy":"category","embeddable":true,"href":"https:\/\/monde25.info\/index.php\/wp-json\/wp\/v2\/categories?post=15635"},{"taxonomy":"post_tag","embeddable":true,"href":"https:\/\/monde25.info\/index.php\/wp-json\/wp\/v2\/tags?post=15635"}],"curies":[{"name":"wp","href":"https:\/\/api.w.org\/{rel}","templated":true}]}}