{"id":15644,"date":"2025-09-11T09:31:39","date_gmt":"2025-09-11T07:31:39","guid":{"rendered":"https:\/\/monde25.info\/index.php\/2025\/09\/11\/apres-lassassinat-de-charlie-kirk-figure-du-mouvement-maga-trump-sen-prend-a-la-gauche-radicale\/"},"modified":"2025-09-11T09:31:39","modified_gmt":"2025-09-11T07:31:39","slug":"apres-lassassinat-de-charlie-kirk-figure-du-mouvement-maga-trump-sen-prend-a-la-gauche-radicale","status":"publish","type":"post","link":"https:\/\/monde25.info\/index.php\/2025\/09\/11\/apres-lassassinat-de-charlie-kirk-figure-du-mouvement-maga-trump-sen-prend-a-la-gauche-radicale\/","title":{"rendered":"Apr\u00e8s l\u2019assassinat de Charlie Kirk, figure du mouvement Maga, Trump s\u2019en prend \u00e0 la \u00abgauche radicale\u00bb"},"content":{"rendered":"<p> <br \/>\n<br \/>L\u2019activiste Charlie Kirk, 31 ans, a \u00e9t\u00e9 assassin\u00e9 mercredi sur le campus d\u2019une universit\u00e9 de l\u2019ouest des \u00c9tats-Unis. Il s\u2019\u00e9tait impos\u00e9 comme une figure centrale du mouvement Maga, charg\u00e9 de relayer la parole de Donald Trump aupr\u00e8s de la jeunesse.<br \/>\n<br \/><br \/>\n<br \/><a href=\"https:\/\/www.mediapart.fr\/journal\/international\/110925\/apres-l-assassinat-de-charlie-kirk-figure-du-mouvement-maga-trump-s-en-prend-la-gauche-radicale\" target=\"_blank\"\">Source link <\/a><\/p>\n","protected":false},"excerpt":{"rendered":"<p>L\u2019activiste Charlie Kirk, 31 ans, a \u00e9t\u00e9 assassin\u00e9 mercredi sur le campus d\u2019une universit\u00e9 de l\u2019ouest des \u00c9tats-Unis. Il s\u2019\u00e9tait impos\u00e9 comme une figure centrale du mouvement Maga, charg\u00e9 de&hellip; <\/p>\n","protected":false},"author":1,"featured_media":15645,"comment_status":"open","ping_status":"open","sticky":false,"template":"","format":"standard","meta":{"footnotes":""},"categories":[1],"tags":[],"class_list":["post-15644","post","type-post","status-publish","format-standard","has-post-thumbnail","hentry","category-non-classe"],"_links":{"self":[{"href":"https:\/\/monde25.info\/index.php\/wp-json\/wp\/v2\/posts\/15644","targetHints":{"allow":["GET"]}}],"collection":[{"href":"https:\/\/monde25.info\/index.php\/wp-json\/wp\/v2\/posts"}],"about":[{"href":"https:\/\/monde25.info\/index.php\/wp-json\/wp\/v2\/types\/post"}],"author":[{"embeddable":true,"href":"https:\/\/monde25.info\/index.php\/wp-json\/wp\/v2\/users\/1"}],"replies":[{"embeddable":true,"href":"https:\/\/monde25.info\/index.php\/wp-json\/wp\/v2\/comments?post=15644"}],"version-history":[{"count":0,"href":"https:\/\/monde25.info\/index.php\/wp-json\/wp\/v2\/posts\/15644\/revisions"}],"wp:featuredmedia":[{"embeddable":true,"href":"https:\/\/monde25.info\/index.php\/wp-json\/wp\/v2\/media\/15645"}],"wp:attachment":[{"href":"https:\/\/monde25.info\/index.php\/wp-json\/wp\/v2\/media?parent=15644"}],"wp:term":[{"taxonomy":"category","embeddable":true,"href":"https:\/\/monde25.info\/index.php\/wp-json\/wp\/v2\/categories?post=15644"},{"taxonomy":"post_tag","embeddable":true,"href":"https:\/\/monde25.info\/index.php\/wp-json\/wp\/v2\/tags?post=15644"}],"curies":[{"name":"wp","href":"https:\/\/api.w.org\/{rel}","templated":true}]}}