{"id":15650,"date":"2025-09-11T11:10:40","date_gmt":"2025-09-11T09:10:40","guid":{"rendered":"https:\/\/monde25.info\/index.php\/2025\/09\/11\/comment-les-soulevements-de-la-terre-ont-soutenu-le-10-septembre\/"},"modified":"2025-09-11T11:10:40","modified_gmt":"2025-09-11T09:10:40","slug":"comment-les-soulevements-de-la-terre-ont-soutenu-le-10-septembre","status":"publish","type":"post","link":"https:\/\/monde25.info\/index.php\/2025\/09\/11\/comment-les-soulevements-de-la-terre-ont-soutenu-le-10-septembre\/","title":{"rendered":"Comment Les Soul\u00e8vements de la Terre ont soutenu le 10\u00a0septembre"},"content":{"rendered":"<p> <br \/>\n<br \/><img loading=\"lazy\" decoding=\"async\" src=\"https:\/\/reporterre.net\/local\/cache-vignettes\/L700xH467\/10septembre_nimesestelle_pereira-11_1_-7ec12.jpg?1757577376\" class=\"spip_logo\" width=\"700\" height=\"467\" alt=\"\" \/><\/p>\n<p>Cantine, kit antir\u00e9pression, caisse de gr\u00e8ve&#8230; Le comit\u00e9 local des Soul\u00e8vements de la Terre de N\u00eemes a mis \u00e0 profit son exp\u00e9rience pour cr\u00e9er une convergence locale et faire perdurer le mouvement du 10\u00a0septembre. <br class=\"autobr\" \/><br \/>\nN\u00eemes (Gard), reportage <br class=\"autobr\" \/><br \/>\n\u00ab<small class=\"fine d-inline\">\u00a0<\/small>Pour celles et ceux qui ont l&rsquo;habitude de prendre la parole, merci d&rsquo;\u00eatre vigilants \u00e0 ne pas la monopoliser.<small class=\"fine d-inline\">\u00a0<\/small>\u00bb Il est 18\u00a0heures, la journ\u00e9e de mobilisation sous le mot d&rsquo;ordre \u00ab<small class=\"fine d-inline\">\u00a0<\/small>Bloquons tout<small class=\"fine d-inline\">\u00a0<\/small>\u00bb dure depuis 7\u00a0heures du matin, \u00e0 N\u00eemes, quand Julien,\u00a0(\u2026)<\/p>\n<p>                    <a target=\"_blank\" href=\"https:\/\/reporterre.net\/Cantine-kit-anti-repression-caisse-de-greve-comment-les-Soulevements-de-la-Terre-ont?utm_source=RSS&amp;utm_medium=RSS\">Lire la suite<\/a><\/p>\n<p>                    &#8211;<br \/>\n                        <a target=\"_blank\" href=\"https:\/\/reporterre.net\/Reportage\" rel=\"directory\">Reportage<\/a><\/p>\n<p>                    \/<br \/>\n                        <a target=\"_blank\" href=\"https:\/\/reporterre.net\/Luttes\" rel=\"tag\">Luttes<\/a><br \/>\n<br \/><br \/>\n<br \/><a href=\"https:\/\/reporterre.net\/Cantine-kit-anti-repression-caisse-de-greve-comment-les-Soulevements-de-la-Terre-ont\" target=\"_blank\"\">Source link <\/a><\/p>\n","protected":false},"excerpt":{"rendered":"<p>Cantine, kit antir\u00e9pression, caisse de gr\u00e8ve&#8230; Le comit\u00e9 local des Soul\u00e8vements de la Terre de N\u00eemes a mis \u00e0 profit son exp\u00e9rience pour cr\u00e9er une convergence locale et faire perdurer&hellip; <\/p>\n","protected":false},"author":1,"featured_media":0,"comment_status":"open","ping_status":"open","sticky":false,"template":"","format":"standard","meta":{"footnotes":""},"categories":[1],"tags":[],"class_list":["post-15650","post","type-post","status-publish","format-standard","hentry","category-non-classe"],"_links":{"self":[{"href":"https:\/\/monde25.info\/index.php\/wp-json\/wp\/v2\/posts\/15650","targetHints":{"allow":["GET"]}}],"collection":[{"href":"https:\/\/monde25.info\/index.php\/wp-json\/wp\/v2\/posts"}],"about":[{"href":"https:\/\/monde25.info\/index.php\/wp-json\/wp\/v2\/types\/post"}],"author":[{"embeddable":true,"href":"https:\/\/monde25.info\/index.php\/wp-json\/wp\/v2\/users\/1"}],"replies":[{"embeddable":true,"href":"https:\/\/monde25.info\/index.php\/wp-json\/wp\/v2\/comments?post=15650"}],"version-history":[{"count":0,"href":"https:\/\/monde25.info\/index.php\/wp-json\/wp\/v2\/posts\/15650\/revisions"}],"wp:attachment":[{"href":"https:\/\/monde25.info\/index.php\/wp-json\/wp\/v2\/media?parent=15650"}],"wp:term":[{"taxonomy":"category","embeddable":true,"href":"https:\/\/monde25.info\/index.php\/wp-json\/wp\/v2\/categories?post=15650"},{"taxonomy":"post_tag","embeddable":true,"href":"https:\/\/monde25.info\/index.php\/wp-json\/wp\/v2\/tags?post=15650"}],"curies":[{"name":"wp","href":"https:\/\/api.w.org\/{rel}","templated":true}]}}