{"id":15651,"date":"2025-09-11T11:44:00","date_gmt":"2025-09-11T09:44:00","guid":{"rendered":"https:\/\/monde25.info\/index.php\/2025\/09\/11\/un-collectif-paysan-contre-la-dependance-industrielle\/"},"modified":"2025-09-11T11:44:00","modified_gmt":"2025-09-11T09:44:00","slug":"un-collectif-paysan-contre-la-dependance-industrielle","status":"publish","type":"post","link":"https:\/\/monde25.info\/index.php\/2025\/09\/11\/un-collectif-paysan-contre-la-dependance-industrielle\/","title":{"rendered":"un collectif paysan contre la d\u00e9pendance industrielle"},"content":{"rendered":"<p> <br \/>\n<\/p>\n<div>\n<h4><strong>La revalorisation des savoirs et du faire paysan au sein d\u2019une conception syst\u00e9mique de l\u2019\u00e9cologie, voil\u00e0 le projet de La Roue Libre. Immersion dans cette vision alternative de la ferme.\u00a0<\/strong><\/h4>\n<blockquote>\n<p><strong>\u00ab\u00a0La France est pass\u00e9e de 1,6 million de fermes en 1970 \u00e0 400 000 aujourd\u2019hui\u00a0\u00bb<\/strong><\/p>\n<\/blockquote>\n<p>En un demi-si\u00e8cle,<strong> la France <a target=\"_blank\" href=\"https:\/\/agriculture.gouv.fr\/concentration-et-specialisation-en-agriculture-laune-des-recensements-agricoles-de-1970-2020\">a perdu 75 % de ses fermes<\/a><\/strong>, passant d\u2019environ 1,6 million en 1970 \u00e0 400 000 aujourd\u2019hui. Au milieu de cette d\u00e9croissance, de nouveaux espaces agricoles voient encore le jour :<strong> des lieux impuls\u00e9s par des collectifs de jeunes aux parcours multiples, rassembl\u00e9\u00b7es autour d\u2019un projet commun.<\/strong><\/p>\n<p>La Roue Libre, ferme install\u00e9e \u00e0 La Chabanne, dans les montagnes bourbonnaises, s\u2019inscrit dans cette dynamique. Comme le raconte Laurine, initiatrice du projet, <strong>l\u2019objectif principal est de promouvoir l\u2019autonomie alimentaire de la r\u00e9gion.<\/strong> Derri\u00e8re cette d\u00e9marche se trouve un collectif compos\u00e9 de <strong>40 <\/strong><em><strong>\u201cpaysan.nes militant.es,<\/strong> engag\u00e9\u00b7es pour l\u2019autonomie territoriale et la justice \u00e9cologique et sociale\u201d<\/em>, comme indiqu\u00e9 \u00e9galement sur leurs <a target=\"_blank\" href=\"https:\/\/www.facebook.com\/profile.php?id=100089986148282\">r\u00e9seaux sociaux.<\/a><\/p>\n<figure id=\"attachment_936637\" aria-describedby=\"caption-attachment-936637\" style=\"width: 1500px\" class=\"wp-caption alignnone\"><img fetchpriority=\"high\" decoding=\"async\" class=\"wp-image-936637 size-full\" src=\"https:\/\/mrmondialisation.org\/wp-content\/uploads\/2025\/08\/la-roue-libre-17.jpg\" alt=\"\" width=\"1500\" height=\"1000\" srcset=\"https:\/\/mrmondialisation.org\/wp-content\/uploads\/2025\/08\/la-roue-libre-17.jpg 1500w, https:\/\/mrmondialisation.org\/wp-content\/uploads\/2025\/08\/la-roue-libre-17-1024x683.jpg 1024w, https:\/\/mrmondialisation.org\/wp-content\/uploads\/2025\/08\/la-roue-libre-17-768x512.jpg 768w, https:\/\/mrmondialisation.org\/wp-content\/uploads\/2025\/08\/la-roue-libre-17-696x464.jpg 696w, https:\/\/mrmondialisation.org\/wp-content\/uploads\/2025\/08\/la-roue-libre-17-1068x712.jpg 1068w, https:\/\/mrmondialisation.org\/wp-content\/uploads\/2025\/08\/la-roue-libre-17-630x420.jpg 630w\" sizes=\"(max-width: 1500px) 100vw, 1500px\"\/><figcaption id=\"caption-attachment-936637\" class=\"wp-caption-text\">Cr\u00e9dit Photo \u00a9Marlene Gr\u00e4f\/Partag\u00e9 avec toutes autorisations<\/figcaption><\/figure>\n<p>En juin dernier, le collectif a organis\u00e9 <strong>deux journ\u00e9es Portes Ouvertes<\/strong> o\u00f9 l\u2019on a eu l\u2019occasion de rencontrer les habitant.e.s du lieu, de d\u00e9couvrir leurs\u00a0 activit\u00e9s agricoles et de go\u00fbter leurs produits. Tout cela a \u00e9t\u00e9 articul\u00e9 avec <strong>des conf\u00e9rences, spectacles, d\u00e9bats et concerts.<\/strong><\/p>\n<p>Ce choix, inhabituel pour les Portes Ouvertes d\u2019une ferme, est en coh\u00e9rence avec le projet de la Roue Libre qui vise \u00e0 faire exister une r\u00e9alit\u00e9 bien concr\u00e8te : <strong>un projet o\u00f9 la production agricole s\u2019inscrit dans une perspective sociale et \u00e9cologique<\/strong>, et o\u00f9 l\u2019\u00e9l\u00e9ment cl\u00e9 est la mise en commun des comp\u00e9tences et des connaissances n\u00e9cessaires \u00e0 sa r\u00e9alisation.<\/p>\n<h2><strong>La souverainet\u00e9 alimentaire du territoire via l\u2019autonomie agricole<\/strong><\/h2>\n<p>L\u2019<strong>autonomie<\/strong> est un mot-cl\u00e9 de l\u2019activit\u00e9 de La Roue Libre. C\u2019est dans une logique de souverainet\u00e9 alimentaire territoriale que la ferme adopte une position militante : <strong>produire, gr\u00e2ce \u00e0 des pratiques <a target=\"_blank\" href=\"https:\/\/mrmondialisation.org\/lagroecologie-pourrait-nourrir-95-milliards-dhumains\/\">agro\u00e9cologiques<\/a>, des aliments destin\u00e9s aux march\u00e9s locaux<\/strong> afin de les affranchir de l\u2019agro-industrie et de la grande distribution.<\/p>\n<p>Cela avec l\u2019objectif de garder <strong>une production \u00e0 taille humaine<\/strong> et, surtout, avec une <strong>faible consommation d\u2019\u00e9nergie.<\/strong> L\u2019autonomie \u00e9nerg\u00e9tique est, en effet, un enjeu central et clivant de la vision politique de la Roue Libre et ces premi\u00e8res journ\u00e9es Portes Ouvertes \u00e9taient articul\u00e9es autour de cette th\u00e9matique.<\/p>\n<blockquote>\n<p><strong>\u00ab\u00a0bien que le nombre de fermes en France ait fortement diminu\u00e9, la consommation \u00e9nerg\u00e9tique du secteur agricole n\u2019a pas cess\u00e9 d\u2019augmenter\u00a0\u00bb.<\/strong><\/p>\n<\/blockquote>\n<figure id=\"attachment_936638\" aria-describedby=\"caption-attachment-936638\" style=\"width: 1500px\" class=\"wp-caption alignnone\"><img loading=\"lazy\" decoding=\"async\" class=\"wp-image-936638 size-full\" src=\"https:\/\/mrmondialisation.org\/wp-content\/uploads\/2025\/08\/la-roue-libre-18.jpg\" alt=\"\" width=\"1500\" height=\"1000\" srcset=\"https:\/\/mrmondialisation.org\/wp-content\/uploads\/2025\/08\/la-roue-libre-18.jpg 1500w, https:\/\/mrmondialisation.org\/wp-content\/uploads\/2025\/08\/la-roue-libre-18-1024x683.jpg 1024w, https:\/\/mrmondialisation.org\/wp-content\/uploads\/2025\/08\/la-roue-libre-18-768x512.jpg 768w, https:\/\/mrmondialisation.org\/wp-content\/uploads\/2025\/08\/la-roue-libre-18-696x464.jpg 696w, https:\/\/mrmondialisation.org\/wp-content\/uploads\/2025\/08\/la-roue-libre-18-1068x712.jpg 1068w, https:\/\/mrmondialisation.org\/wp-content\/uploads\/2025\/08\/la-roue-libre-18-630x420.jpg 630w\" sizes=\"auto, (max-width: 1500px) 100vw, 1500px\"\/><figcaption id=\"caption-attachment-936638\" class=\"wp-caption-text\">Cr\u00e9dit Photo \u00a9Marlene Gr\u00e4f\/Partag\u00e9 avec toutes autorisations<\/figcaption><\/figure>\n<p>L\u2019un des points de d\u00e9part de la discussion est parti du constat suivant : bien que le nombre de fermes en France ait fortement diminu\u00e9, <strong>la consommation \u00e9nerg\u00e9tique du secteur agricole <a target=\"_blank\" href=\"https:\/\/solagro.org\/images\/imagesCK\/files\/publications\/2019\/synthese-agriculture-efficacite-energetique-2019.pdf\">n\u2019a pas cess\u00e9 d\u2019augmenter.<\/a><\/strong><\/p>\n<p>Ce ph\u00e9nom\u00e8ne s\u2019explique par <strong>des d\u00e9cennies de politiques europ\u00e9ennes qui ont favoris\u00e9 la m\u00e9canisation et la num\u00e9risation de l\u2019agriculture,<\/strong> aujourd\u2019hui centralis\u00e9e dans des v\u00e9ritables industries agricoles qui font <a target=\"_blank\" href=\"https:\/\/www.insee.fr\/fr\/statistiques\/7728893?sommaire=7728903\">une taille moyenne de 69 hectares.<\/a>\u00a0On est donc face \u00e0<strong> un monde agricole peupl\u00e9 par beaucoup moins d\u2019acteurs<\/strong> et o\u00f9 la production est concentr\u00e9e sur <strong>d\u2019\u00e9normes surfaces \u00e9nergivores.<\/strong><\/p>\n<p>Le choix de la th\u00e9matique des Portes Ouvertes est \u00e0 la fois affirm\u00e9 et vise \u00e0 prendre clairement position face au regard de certain\u00b7es voisin\u00b7es, qui per\u00e7oivent La Roue Libre comme<strong> l\u2019\u00e9mergence inqui\u00e9tante d\u2019une force productive m\u00e9fiante \u00e0 l\u2019\u00e9gard des m\u00e9thodes agricoles conventionnelles<\/strong> et comme un retour trop id\u00e9alis\u00e9 \u00e0 des pratiques anciennes.<\/p>\n<div class=\"td-a-rec td-a-rec-id-content_inline  tdi_1 td_block_template_1\">\n<span class=\"td-adspot-title\">&#8211; Pour une information libre ! &#8211;<\/span><a target=\"_blank\" href=\"https:\/\/fr.tipeee.com\/mr-mondialisation\" class=\"tipeee-project-small\">Soutenir Mr Japanization sur Tipeee<\/a>\n<\/div>\n<figure id=\"attachment_936626\" aria-describedby=\"caption-attachment-936626\" style=\"width: 1500px\" class=\"wp-caption alignnone\"><img loading=\"lazy\" decoding=\"async\" class=\"wp-image-936626 size-full\" src=\"https:\/\/mrmondialisation.org\/wp-content\/uploads\/2025\/08\/la-roue-libre-06.jpg\" alt=\"\" width=\"1500\" height=\"1000\" srcset=\"https:\/\/mrmondialisation.org\/wp-content\/uploads\/2025\/08\/la-roue-libre-06.jpg 1500w, https:\/\/mrmondialisation.org\/wp-content\/uploads\/2025\/08\/la-roue-libre-06-1024x683.jpg 1024w, https:\/\/mrmondialisation.org\/wp-content\/uploads\/2025\/08\/la-roue-libre-06-768x512.jpg 768w, https:\/\/mrmondialisation.org\/wp-content\/uploads\/2025\/08\/la-roue-libre-06-696x464.jpg 696w, https:\/\/mrmondialisation.org\/wp-content\/uploads\/2025\/08\/la-roue-libre-06-1068x712.jpg 1068w, https:\/\/mrmondialisation.org\/wp-content\/uploads\/2025\/08\/la-roue-libre-06-630x420.jpg 630w\" sizes=\"auto, (max-width: 1500px) 100vw, 1500px\"\/><figcaption id=\"caption-attachment-936626\" class=\"wp-caption-text\">Cr\u00e9dit Photo \u00a9Marlene Gr\u00e4f\/Partag\u00e9 avec toutes autorisations<\/figcaption><\/figure>\n<p><em>\u00ab\u00a0Notre volont\u00e9, <\/em>insistent Laurine et ses camarades<em>, n\u2019est pas de sortir du syst\u00e8me,<strong> mais de proposer un mod\u00e8le alternatif de production.\u00a0\u00bb<\/strong><\/em> Dans ce mod\u00e8le, on s\u2019oppose \u00e0 l\u2019id\u00e9e que le progr\u00e8s technologique et l\u2019industrialisation des fermes soient concr\u00e8tement des \u00e9l\u00e9ments de progr\u00e8s.<\/p>\n<p>Bien que la technologie agricole ait sans aucun doute progress\u00e9, automatisant de nombreuses t\u00e2ches traditionnelles et p\u00e9nibles, <strong>le monde agricole a v\u00e9cu une v\u00e9ritable r\u00e9gression concernant les savoirs et les comp\u00e9tences.<\/strong> D\u00e9l\u00e9guant de plus en plus toutes sortes d\u2019activit\u00e9s aux machines, les paysan.ne.s ont progressivement perdu la ma\u00eetrise de leurs connaissances et de leurs outils.<\/p>\n<p>Par exemple, lorsqu\u2019une panne survient, <strong>le manque de comp\u00e9tences techniques oblige les agriculteurs \u00e0 faire appel \u00e0 des techniciens sp\u00e9cialis\u00e9s,<\/strong> ce qui alourdit encore le co\u00fbt d\u00e9j\u00e0 \u00e9lev\u00e9 de ces \u00e9quipements.<\/p>\n<p>De plus, les outils pr\u00e9fabriqu\u00e9s, pour des raisons d\u2019optimisation, tendent \u00e0 \u00eatre uniformes sur le march\u00e9 et s\u2019adaptent difficilement \u00e0 la morphologie territoriale et humaine d\u2019un lieu donn\u00e9. <strong>Cette modalit\u00e9 d\u2019usage g\u00e9n\u00e8re une d\u00e9pendance vis-\u00e0-vis du secteur industriel<\/strong> et emp\u00eache, de fait, l\u2019autonomie des paysan.ne.s.<\/p>\n<figure id=\"attachment_936631\" aria-describedby=\"caption-attachment-936631\" style=\"width: 1500px\" class=\"wp-caption alignnone\"><img loading=\"lazy\" decoding=\"async\" class=\"wp-image-936631 size-full\" src=\"https:\/\/mrmondialisation.org\/wp-content\/uploads\/2025\/08\/la-roue-libre-11.jpg\" alt=\"\" width=\"1500\" height=\"1000\" srcset=\"https:\/\/mrmondialisation.org\/wp-content\/uploads\/2025\/08\/la-roue-libre-11.jpg 1500w, https:\/\/mrmondialisation.org\/wp-content\/uploads\/2025\/08\/la-roue-libre-11-1024x683.jpg 1024w, https:\/\/mrmondialisation.org\/wp-content\/uploads\/2025\/08\/la-roue-libre-11-768x512.jpg 768w, https:\/\/mrmondialisation.org\/wp-content\/uploads\/2025\/08\/la-roue-libre-11-696x464.jpg 696w, https:\/\/mrmondialisation.org\/wp-content\/uploads\/2025\/08\/la-roue-libre-11-1068x712.jpg 1068w, https:\/\/mrmondialisation.org\/wp-content\/uploads\/2025\/08\/la-roue-libre-11-630x420.jpg 630w\" sizes=\"auto, (max-width: 1500px) 100vw, 1500px\"\/><figcaption id=\"caption-attachment-936631\" class=\"wp-caption-text\">Cr\u00e9dit Photo \u00a9Marlene Gr\u00e4f\/Partag\u00e9 avec toutes autorisations<\/figcaption><\/figure>\n<p>Partant de ce constat, l\u2019association <a target=\"_blank\" href=\"https:\/\/www.latelierpaysan.org\/\">Atelier Paysan<\/a>, invit\u00e9e lors des journ\u00e9es Portes Ouvertes, \u0153uvre depuis quinze ans <strong>pour promouvoir l\u2019autonomie technique dans les fermes gr\u00e2ce \u00e0 la fabrication d\u2019outils agricoles adapt\u00e9s et auto-construits.<\/strong><\/p>\n<p>\u00c0 travers des formations en <strong>m\u00e9tallurgie, menuiserie, m\u00e9canique, micro-\u00e9lectricit\u00e9,<\/strong> l\u2019Atelier Paysan cherche \u00e0 redonner aux agriculteurs et agricultrices les savoir-faire n\u00e9cessaires <strong>pour construire des machines \u00ab\u202f\u00e0 taille humaine\u202f\u00bb,<\/strong> librement choisies et adaptables \u00e0 leur r\u00e9alit\u00e9 quotidienne. L\u2019objectif principal, comme le souligne Fran\u00e7ois, repr\u00e9sentant de l\u2019association, est d\u2019instituer<strong> une v\u00e9ritable \u00e9ducation populaire<\/strong> o\u00f9 l\u2019on apprend de fa\u00e7on participative \u00e0 <strong><em>\u00ab\u00a0<a target=\"_blank\" href=\"https:\/\/www.seuil.com\/ouvrage\/reprendre-la-terre-aux-machines-l-atelier-paysan\/9782021478174\">reprendre la terre aux machines<\/a>\u00ab\u00a0,<\/em><\/strong> rompant ainsi avec une d\u00e9pendance r\u00e9elle \u00e0 la technologie pour mieux la remettre au service de l\u2019humain.<\/p>\n<h2><strong>La surveillance et l\u2019analyse du discours institutionnel sur l\u2019autonomie<\/strong><\/h2>\n<p>Les Portes Ouvertes ont ainsi \u00e9t\u00e9 organis\u00e9es pour informer le public en mati\u00e8re d\u2019autonomie \u00e9nerg\u00e9tique dans la r\u00e9gion. Cet enjeu est d\u2019autant crucial que <strong>le discours \u00e9cologique peut masquer des int\u00e9r\u00eats industriels sous couvert de transition \u00ab\u00a0verte\u00a0\u00bb<\/strong> et d\u2019une n\u00e9cessit\u00e9 strat\u00e9gique d\u2019atteindre une autonomie face aux grands groupes g\u00e9opolitiques mondiaux.<\/p>\n<p>C\u2019est pourquoi <strong>une information critique, fond\u00e9e sur une d\u00e9marche interrogative,<\/strong> s\u2019inscrit pleinement dans une approche visant \u00e0 renforcer la conscience sur ces sujets et, au fond, sa capacit\u00e9 \u00e0 prendre des d\u00e9cisions en toute autonomie.<\/p>\n<figure id=\"attachment_936633\" aria-describedby=\"caption-attachment-936633\" style=\"width: 1500px\" class=\"wp-caption alignnone\"><img loading=\"lazy\" decoding=\"async\" class=\"wp-image-936633 size-full\" src=\"https:\/\/mrmondialisation.org\/wp-content\/uploads\/2025\/08\/la-roue-libre-13.jpg\" alt=\"\" width=\"1500\" height=\"1000\" srcset=\"https:\/\/mrmondialisation.org\/wp-content\/uploads\/2025\/08\/la-roue-libre-13.jpg 1500w, https:\/\/mrmondialisation.org\/wp-content\/uploads\/2025\/08\/la-roue-libre-13-1024x683.jpg 1024w, https:\/\/mrmondialisation.org\/wp-content\/uploads\/2025\/08\/la-roue-libre-13-768x512.jpg 768w, https:\/\/mrmondialisation.org\/wp-content\/uploads\/2025\/08\/la-roue-libre-13-696x464.jpg 696w, https:\/\/mrmondialisation.org\/wp-content\/uploads\/2025\/08\/la-roue-libre-13-1068x712.jpg 1068w, https:\/\/mrmondialisation.org\/wp-content\/uploads\/2025\/08\/la-roue-libre-13-630x420.jpg 630w\" sizes=\"auto, (max-width: 1500px) 100vw, 1500px\"\/><figcaption id=\"caption-attachment-936633\" class=\"wp-caption-text\">Cr\u00e9dit Photo \u00a9Marlene Gr\u00e4f\/Partag\u00e9 avec toutes autorisations<\/figcaption><\/figure>\n<h2><strong>La mine de lithium \u00e0 \u00c9chassiers : l\u2019\u00e9lectrification n\u2019est pas une solution miracle\u00a0<\/strong><\/h2>\n<p>Depuis des d\u00e9cennies, l\u2019\u00e9lectrification des machines est un axe central de la transition \u00e9cologique. Cependant,<strong> l\u2019extraction des mat\u00e9riaux n\u00e9cessaires \u00e0 leur production se fait majoritairement \u00e0 l\u2019\u00e9tranger<\/strong>, notamment dans les pays du Sud global. Ce sujet est d\u2019ailleurs port\u00e9 au sein de La Roue Libre par le collectif <a target=\"_blank\" href=\"https:\/\/www.facebook.com\/stopmine03\/?locale=fr_FR\">Stop Mines 03<\/a>, bas\u00e9 \u00e0 \u00c9chassiers (Allier), o\u00f9 la construction d\u2019une m\u00e9ga-mine de lithium <a target=\"_blank\" href=\"https:\/\/www.debatpublic.fr\/mine-de-lithium-allier\">est pr\u00e9vue<\/a> par l\u2019entreprise Imerys.<\/p>\n<p>Malgr\u00e9 leur potentiel comme alternative aux combustibles fossiles,<strong> la durabilit\u00e9 des batteries \u00e9lectriques est limit\u00e9e par leur fabrication<\/strong>, en particulier par l\u2019extraction du lithium des roches. Des informations quantitatives sont disponibles dans <a target=\"_blank\" href=\"https:\/\/emili.imerys.com\/documentation\">les documents d\u2019Imerys<\/a> ou d\u2019autres articles comme <a target=\"_blank\" href=\"https:\/\/reporterre.net\/Mine-de-lithium-dans-l-Allier-Ne-nous-parlez-pas-de-sauver-le-climat\">celui de Celia Izoard<\/a> sur Reporterre.<\/p>\n<p>Ici, l\u2019attention est port\u00e9e sur l\u2019analyse m\u00e9thodologique qui a \u00e9t\u00e9 pr\u00e9sent\u00e9e concernant les conditions et les cons\u00e9quences de chaque \u00e9tape de l\u2019extraction du lithium. En effet, <strong>la faible proportion de lithium n\u00e9cessite un effort logistique consid\u00e9rable,<\/strong> impliquant des proc\u00e9d\u00e9s m\u00e9caniques et chimiques gourmands en \u00e9nergie et susceptibles de g\u00e9n\u00e9rer des d\u00e9chets toxiques. M\u00eame si l\u2019on extrait le lithium sous une forme directement utilisable, <strong>la fabrication des batteries d\u00e9pend d\u2019autres mat\u00e9riaux rares<\/strong>, comme le cobalt, dont l\u2019exploitation en R\u00e9publique d\u00e9mocratique du Congo <a target=\"_blank\" href=\"https:\/\/www.amnesty.org\/fr\/latest\/news\/2023\/09\/drc-cobalt-and-copper-mining-for-batteries-leading-to-human-rights-abuses\/\">est connue<\/a> pour ses conditions de travail d\u00e9sastreuses.<\/p>\n<figure id=\"attachment_936643\" aria-describedby=\"caption-attachment-936643\" style=\"width: 1500px\" class=\"wp-caption alignnone\"><img loading=\"lazy\" decoding=\"async\" class=\"wp-image-936643 size-full\" src=\"https:\/\/mrmondialisation.org\/wp-content\/uploads\/2025\/08\/la-roue-libre-23.jpg\" alt=\"\" width=\"1500\" height=\"1000\" srcset=\"https:\/\/mrmondialisation.org\/wp-content\/uploads\/2025\/08\/la-roue-libre-23.jpg 1500w, https:\/\/mrmondialisation.org\/wp-content\/uploads\/2025\/08\/la-roue-libre-23-1024x683.jpg 1024w, https:\/\/mrmondialisation.org\/wp-content\/uploads\/2025\/08\/la-roue-libre-23-768x512.jpg 768w, https:\/\/mrmondialisation.org\/wp-content\/uploads\/2025\/08\/la-roue-libre-23-696x464.jpg 696w, https:\/\/mrmondialisation.org\/wp-content\/uploads\/2025\/08\/la-roue-libre-23-1068x712.jpg 1068w, https:\/\/mrmondialisation.org\/wp-content\/uploads\/2025\/08\/la-roue-libre-23-630x420.jpg 630w\" sizes=\"auto, (max-width: 1500px) 100vw, 1500px\"\/><figcaption id=\"caption-attachment-936643\" class=\"wp-caption-text\">Cr\u00e9dit Photo \u00a9Marlene Gr\u00e4f\/Partag\u00e9 avec toutes autorisations<\/figcaption><\/figure>\n<p>Finalement, m\u00eame <strong>si l\u2019industrie du lithium et des batteries<\/strong> favorise une transition \u00e9lectrique, elle contribue potentiellement \u00e0 des usages croissants contraires aux objectifs de durabilit\u00e9, <strong>tel l\u2019exemple des SUV \u00e9lectriques <a target=\"_blank\" href=\"https:\/\/www.wwf.fr\/vous-informer\/actualites\/metaux-critiques-le-wwf-france-alerte-sur-les-suv-electriques\">r\u00e9cemment rapport\u00e9 par le WWF.<\/a><\/strong><\/p>\n<h2><strong>Les limites de l\u2019agrivoltaisme<\/strong><\/h2>\n<p>Un autre enjeu r\u00e9cent est<strong> l\u2019installation de <a target=\"_blank\" href=\"https:\/\/mrmondialisation.org\/tribune-alleyrat-riverains-contre-agrivoltaique\/\">panneaux photovolta\u00efques sur des terrains agricoles<\/a><\/strong>, cens\u00e9e cr\u00e9er une synergie innovante entre production alimentaire et production \u00e9lectrique. \u00c0 ce sujet, un porte-parole de l\u2019<a target=\"_blank\" href=\"https:\/\/www.helloasso.com\/associations\/association-nationale-photorevoltee\">Association Nationale Photor\u00e9volt\u00e9e<\/a> a m\u00e9thodiquement soulign\u00e9 les implications de chaque aspect du projet.<\/p>\n<p>Cela implique, tout d\u2019abord, <strong>une artificialisation partielle du sol<\/strong> pour l\u2019installation des panneaux. Bien que cette couverture soit qualifi\u00e9e de partielle, elle modifie tout de m\u00eame l\u2019exposition au soleil et aux pr\u00e9cipitations du terrain.<\/p>\n<p>Ces changements ont<strong> des r\u00e9percussions sur les cycles biologiques des cultures et sur le niveau d\u2019humidit\u00e9 des sols<\/strong> sous-jacents, avec des effets encore inconnus sur la biodiversit\u00e9 locale. Par ailleurs, durant les p\u00e9riodes les plus chaudes, la temp\u00e9rature sous les panneaux augmente, rendant le travail agricole difficile \u00e0 supporter.<\/p>\n<p>De plus, le transfert de l\u2019\u00e9nergie produite requiert soit la r\u00e9alisation de tranch\u00e9es, soit un raccordement a\u00e9rien au r\u00e9seau national, ce qui implique, dans tous les cas, <strong>la construction d\u2019infrastructures suppl\u00e9mentaires.<\/strong><\/p>\n<figure id=\"attachment_936636\" aria-describedby=\"caption-attachment-936636\" style=\"width: 1500px\" class=\"wp-caption alignnone\"><img loading=\"lazy\" decoding=\"async\" class=\"wp-image-936636 size-full\" src=\"https:\/\/mrmondialisation.org\/wp-content\/uploads\/2025\/08\/la-roue-libre-16.jpg\" alt=\"\" width=\"1500\" height=\"1000\" srcset=\"https:\/\/mrmondialisation.org\/wp-content\/uploads\/2025\/08\/la-roue-libre-16.jpg 1500w, https:\/\/mrmondialisation.org\/wp-content\/uploads\/2025\/08\/la-roue-libre-16-1024x683.jpg 1024w, https:\/\/mrmondialisation.org\/wp-content\/uploads\/2025\/08\/la-roue-libre-16-768x512.jpg 768w, https:\/\/mrmondialisation.org\/wp-content\/uploads\/2025\/08\/la-roue-libre-16-696x464.jpg 696w, https:\/\/mrmondialisation.org\/wp-content\/uploads\/2025\/08\/la-roue-libre-16-1068x712.jpg 1068w, https:\/\/mrmondialisation.org\/wp-content\/uploads\/2025\/08\/la-roue-libre-16-630x420.jpg 630w\" sizes=\"auto, (max-width: 1500px) 100vw, 1500px\"\/><figcaption id=\"caption-attachment-936636\" class=\"wp-caption-text\">Cr\u00e9dit Photo \u00a9Marlene Gr\u00e4f\/Partag\u00e9 avec toutes autorisations<\/figcaption><\/figure>\n<h2><strong>Dans les deux cas<\/strong><\/h2>\n<p>Dans les deux cas, <strong>la volont\u00e9 des intervenants n\u2019a pas \u00e9t\u00e9 de prendre <em>a priori<\/em> position contre tel ou tel projet.<\/strong> Au contraire, le plus grand soin a \u00e9t\u00e9 apport\u00e9 \u00e0 l\u2019analyse et \u00e0 la documentation des cons\u00e9quences, dans le but de <strong>former le public et de lui permettre de se forger une opinion critique \u00e0 ce sujet.<\/strong><\/p>\n<p>Dans les deux cas, la question de fond reste donc la m\u00eame\u202f: une fois ces aspects mis en lumi\u00e8re, <strong>la finalit\u00e9 r\u00e9elle de ces projets est\u2011elle vraiment celle qui est affich\u00e9e\u202f?<\/strong><\/p>\n<h2><strong>La m\u00e9thodologie d\u2019une \u00e9cologie syst\u00e9mique<\/strong><\/h2>\n<blockquote>\n<p><strong>\u00ab\u00a0le projet de la Roue Libre n\u2019est pas de s\u2019opposer au progr\u00e8s,<\/strong><\/p>\n<p><strong> mais plut\u00f4t d\u2019analyser en quoi ce qu\u2019on pr\u00e9sente comme le progr\u00e8s s\u2019av\u00e8re finalement contraire aux objectifs d\u2019autonomie et de durabilit\u00e9\u00a0\u00bb<\/strong><\/p>\n<\/blockquote>\n<p>\u00c0 la lumi\u00e8re de ces observations, il appara\u00eet plus clairement que le projet de la Roue Libre <strong>n\u2019est pas de s\u2019opposer au progr\u00e8s,<\/strong> mais plut\u00f4t d\u2019analyser de fa\u00e7on critique en quoi <strong>ce qu\u2019on pr\u00e9sente comme le progr\u00e8s, en pratique, s\u2019av\u00e8re finalement contraire aux objectifs d\u2019autonomie et de durabilit\u00e9<\/strong> d\u2019une structure de production agricole.<\/p>\n<p>Cela \u00e9tant dit, ce qui est propos\u00e9 rel\u00e8ve d\u2019un v\u00e9ritable processus de choix conscient\u202f: <strong>d\u00e9cider quels \u00e9l\u00e9ments int\u00e9grer et lesquels \u00e9carter.<\/strong> Si l\u2019exemple de l\u2019Atelier Paysan met en \u00e9vidence \u00e0 quel point les comp\u00e9tences technico\u2011scientifiques jouent un r\u00f4le essentiel, les journ\u00e9es Portes Ouvertes sont, plus g\u00e9n\u00e9ralement, porteuses d\u2019une v\u00e9ritable d\u00e9marche m\u00e9thodologique pour r\u00e9aliser ce choix.<\/p>\n<figure id=\"attachment_936623\" aria-describedby=\"caption-attachment-936623\" style=\"width: 1500px\" class=\"wp-caption alignnone\"><img loading=\"lazy\" decoding=\"async\" class=\"size-full wp-image-936623\" src=\"https:\/\/mrmondialisation.org\/wp-content\/uploads\/2025\/08\/la-roue-libre-03.jpg\" alt=\"\" width=\"1500\" height=\"1000\" srcset=\"https:\/\/mrmondialisation.org\/wp-content\/uploads\/2025\/08\/la-roue-libre-03.jpg 1500w, https:\/\/mrmondialisation.org\/wp-content\/uploads\/2025\/08\/la-roue-libre-03-1024x683.jpg 1024w, https:\/\/mrmondialisation.org\/wp-content\/uploads\/2025\/08\/la-roue-libre-03-768x512.jpg 768w, https:\/\/mrmondialisation.org\/wp-content\/uploads\/2025\/08\/la-roue-libre-03-696x464.jpg 696w, https:\/\/mrmondialisation.org\/wp-content\/uploads\/2025\/08\/la-roue-libre-03-1068x712.jpg 1068w, https:\/\/mrmondialisation.org\/wp-content\/uploads\/2025\/08\/la-roue-libre-03-630x420.jpg 630w\" sizes=\"auto, (max-width: 1500px) 100vw, 1500px\"\/><figcaption id=\"caption-attachment-936623\" class=\"wp-caption-text\">Cr\u00e9dit Photo \u00a9Marlene Gr\u00e4f\/Partag\u00e9 avec toutes autorisations<\/figcaption><\/figure>\n<p>Laurine, qui avant de devenir mara\u00eech\u00e8re a soutenu une th\u00e8se en biologie \u00e9volutive et g\u00e9n\u00e9tique, sait bien que la science, en effet, n\u2019est pas seulement un ensemble de connaissances: <strong>c\u2019est avant tout une m\u00e9thode pour se questionner et acqu\u00e9rir les savoirs n\u00e9cessaires afin d\u2019 y r\u00e9pondre.<\/strong> Plus g\u00e9n\u00e9ralement, elle n\u2019impose pas une v\u00e9rit\u00e9, mais propose une d\u00e9marche pour la chercher. Il est crucial dans cette d\u00e9marche de consid\u00e9rer chaque \u00e9l\u00e9ment dans son contexte et de prendre conscience des interactions avec les autres \u00e9l\u00e9ments du syst\u00e8me.<\/p>\n<blockquote>\n<p><strong>\u00ab\u00a0Une ferme, bien qu\u2019il s\u2019agisse d\u2019une r\u00e9alit\u00e9 locale, s\u2019inscrit finalement dans un syst\u00e8me bien plus vaste\u00a0\u00bb<\/strong><\/p>\n<\/blockquote>\n<p><strong>Une ferme, bien qu\u2019il s\u2019agisse d\u2019une r\u00e9alit\u00e9 locale, s\u2019inscrit finalement dans un syst\u00e8me bien plus vaste.<\/strong> Son activit\u00e9 de production g\u00e9n\u00e8re in\u00e9vitablement des effets directs et indirects au\u2011del\u00e0 de son cadre imm\u00e9diat. Cette activit\u00e9 <strong>modifie la structure et l\u2019usage des territoires et influence les dynamiques sociales, d\u00e9place les \u00e9quilibres \u00e9conomiques<\/strong>, red\u00e9finit les rapports entre les communaut\u00e9s et leur environnement. Ainsi, une ferme s\u2019inscrit dans une complexit\u00e9 d\u2019interactions, o\u00f9 transformations \u00e9cologiques et choix humains s\u2019entrelacent et se r\u00e9pondent.<\/p>\n<figure id=\"attachment_936630\" aria-describedby=\"caption-attachment-936630\" style=\"width: 1500px\" class=\"wp-caption alignnone\"><img loading=\"lazy\" decoding=\"async\" class=\"wp-image-936630 size-full\" src=\"https:\/\/mrmondialisation.org\/wp-content\/uploads\/2025\/08\/la-roue-libre-10.jpg\" alt=\"\" width=\"1500\" height=\"1000\" srcset=\"https:\/\/mrmondialisation.org\/wp-content\/uploads\/2025\/08\/la-roue-libre-10.jpg 1500w, https:\/\/mrmondialisation.org\/wp-content\/uploads\/2025\/08\/la-roue-libre-10-1024x683.jpg 1024w, https:\/\/mrmondialisation.org\/wp-content\/uploads\/2025\/08\/la-roue-libre-10-768x512.jpg 768w, https:\/\/mrmondialisation.org\/wp-content\/uploads\/2025\/08\/la-roue-libre-10-696x464.jpg 696w, https:\/\/mrmondialisation.org\/wp-content\/uploads\/2025\/08\/la-roue-libre-10-1068x712.jpg 1068w, https:\/\/mrmondialisation.org\/wp-content\/uploads\/2025\/08\/la-roue-libre-10-630x420.jpg 630w\" sizes=\"auto, (max-width: 1500px) 100vw, 1500px\"\/><figcaption id=\"caption-attachment-936630\" class=\"wp-caption-text\">Cr\u00e9dit Photo \u00a9Marlene Gr\u00e4f\/Partag\u00e9 avec toutes autorisations<\/figcaption><\/figure>\n<p>Dans cette perspective syst\u00e9mique, l\u2019\u00e9cologie ne se r\u00e9duit pas \u00e0 une simple certification de culture biologique, mais consiste \u00e0<strong> replacer ces pratiques dans leur contexte social et \u00e9conomique<\/strong>. C\u2019est se poser des questions avec une rigueur et une m\u00e9thode justement scientifique\u202f: si un l\u00e9gume n\u2019est pas cher, on se demande dans quelles conditions ont travaill\u00e9 les personnes qui l\u2019ont fait pousser; si l\u2019on ach\u00e8te un produit qui demande beaucoup d\u2019eau, comme le ma\u00efs, on r\u00e9fl\u00e9chit \u00e0 la gestion des ressources en eau n\u00e9cessaires \u00e0 sa culture\u202f; ou encore, quand on introduit de nouvelles machines agricoles \u00e9lectriques, on interroge l\u2019origine et l\u2019extraction des mat\u00e9riaux qui les composent.<\/p>\n<h2><strong>\u00c0 la fin de ces journ\u00e9es<\/strong><\/h2>\n<p>\u00c0 la fin de ces journ\u00e9es, au\u2011del\u00e0 de la tristesse in\u00e9vitable du d\u00e9part,<strong> il reste un fort sentiment d\u2019espoir.<\/strong> La Roue Libre, ainsi que d\u2019autres collectifs paysans de la Montagne bourbonnaise comme <a target=\"_blank\" href=\"https:\/\/fermedelamartiniere.fr\/\">la ferme de La Martini\u00e8re<\/a>, incarnent une<strong> alternative fond\u00e9e sur le partage des savoirs et des comp\u00e9tences.<\/strong> Ces lieux, qui promeuvent une \u00e9cologie critique centr\u00e9e sur les enjeux socio-\u00e9conomiques du travail agricole, d\u00e9montrent comment une dimension collective et locale peut concr\u00e9tiser cette proposition alternative.<\/p>\n<figure id=\"attachment_936639\" aria-describedby=\"caption-attachment-936639\" style=\"width: 1500px\" class=\"wp-caption alignnone\"><img loading=\"lazy\" decoding=\"async\" class=\"wp-image-936639 size-full\" src=\"https:\/\/mrmondialisation.org\/wp-content\/uploads\/2025\/08\/la-roue-libre-19.jpg\" alt=\"\" width=\"1500\" height=\"1000\" srcset=\"https:\/\/mrmondialisation.org\/wp-content\/uploads\/2025\/08\/la-roue-libre-19.jpg 1500w, https:\/\/mrmondialisation.org\/wp-content\/uploads\/2025\/08\/la-roue-libre-19-1024x683.jpg 1024w, https:\/\/mrmondialisation.org\/wp-content\/uploads\/2025\/08\/la-roue-libre-19-768x512.jpg 768w, https:\/\/mrmondialisation.org\/wp-content\/uploads\/2025\/08\/la-roue-libre-19-696x464.jpg 696w, https:\/\/mrmondialisation.org\/wp-content\/uploads\/2025\/08\/la-roue-libre-19-1068x712.jpg 1068w, https:\/\/mrmondialisation.org\/wp-content\/uploads\/2025\/08\/la-roue-libre-19-630x420.jpg 630w\" sizes=\"auto, (max-width: 1500px) 100vw, 1500px\"\/><figcaption id=\"caption-attachment-936639\" class=\"wp-caption-text\">Cr\u00e9dit Photo \u00a9Marlene Gr\u00e4f\/Partag\u00e9 avec toutes autorisations<\/figcaption><\/figure>\n<p>Une alternative qui <strong>prend en compte les besoins mat\u00e9riels des personnes sans rel\u00e9guer au second plan le respect et la protection de l\u2019\u00e9cosyst\u00e8me.<\/strong> Une alternative \u00e0 \u00e9chelle humaine qui, tout en se concentrant sur des objectifs pr\u00e9cis, garde<strong> une vision consciente des autres \u00e9l\u00e9ments du syst\u00e8me et encourage une information critique,<\/strong> point de d\u00e9part pour construire un r\u00e9seau de connaissances profond et solide.<\/p>\n<p>Une alternative o\u00f9 <strong>les savoirs scientifiques,<\/strong> au lieu d\u2019\u00eatre uniquement associ\u00e9s \u00e0 un progr\u00e8s technologique plus proche des int\u00e9r\u00eats \u00e9conomiques des industriels que des besoins r\u00e9els des paysan\u00b7nes, sont envisag\u00e9s comme <strong>des outils au service d\u2019objectifs d\u2019autonomie alimentaire et \u00e9nerg\u00e9tique<\/strong>.<\/p>\n<p>Enfin, une alternative dont la cl\u00e9 r\u00e9side dans<strong> le partage de savoirs et de comp\u00e9tences<\/strong> diverses, qui s\u2019articulent et se compl\u00e8tent pour atteindre un objectif commun.<\/p>\n<p style=\"text-align: right;\"><em>\u2013 Francesco Paolo Panei<\/em><\/p>\n<div class=\"td-a-rec td-a-rec-id-content_bottom  tdi_2 td_block_template_1\">\n<span class=\"td-adspot-title\">&#8211; Cet article gratuit et ind\u00e9pendant existe gr\u00e2ce \u00e0 vous &#8211;<\/span><\/p>\n<div class=\"td-all-devices\">\n    <a target=\"_blank\" href=\"https:\/\/mrmondialisation.org\/donation\/\" title=\"Faire_un_don\"><img decoding=\"async\" class=\"donationArticle\" src=\"https:\/\/mrmondialisation.org\/wp-content\/uploads\/2022\/12\/220405-flikalicious-final.jpg\" alt=\"Donation\"\/><\/a>\n<\/div>\n<\/div><\/div>\n<p><br \/>\n<br \/><a href=\"https:\/\/mrmondialisation.org\/roue-libre-ferme-autonomie-machines\/\" target=\"_blank\"\">Source link <\/a><\/p>\n","protected":false},"excerpt":{"rendered":"<p>La revalorisation des savoirs et du faire paysan au sein d\u2019une conception syst\u00e9mique de l\u2019\u00e9cologie, voil\u00e0 le projet de La Roue Libre. Immersion dans cette vision alternative de la ferme.\u00a0&hellip; <\/p>\n","protected":false},"author":1,"featured_media":15652,"comment_status":"open","ping_status":"open","sticky":false,"template":"","format":"standard","meta":{"footnotes":""},"categories":[1],"tags":[],"class_list":["post-15651","post","type-post","status-publish","format-standard","has-post-thumbnail","hentry","category-non-classe"],"_links":{"self":[{"href":"https:\/\/monde25.info\/index.php\/wp-json\/wp\/v2\/posts\/15651","targetHints":{"allow":["GET"]}}],"collection":[{"href":"https:\/\/monde25.info\/index.php\/wp-json\/wp\/v2\/posts"}],"about":[{"href":"https:\/\/monde25.info\/index.php\/wp-json\/wp\/v2\/types\/post"}],"author":[{"embeddable":true,"href":"https:\/\/monde25.info\/index.php\/wp-json\/wp\/v2\/users\/1"}],"replies":[{"embeddable":true,"href":"https:\/\/monde25.info\/index.php\/wp-json\/wp\/v2\/comments?post=15651"}],"version-history":[{"count":0,"href":"https:\/\/monde25.info\/index.php\/wp-json\/wp\/v2\/posts\/15651\/revisions"}],"wp:featuredmedia":[{"embeddable":true,"href":"https:\/\/monde25.info\/index.php\/wp-json\/wp\/v2\/media\/15652"}],"wp:attachment":[{"href":"https:\/\/monde25.info\/index.php\/wp-json\/wp\/v2\/media?parent=15651"}],"wp:term":[{"taxonomy":"category","embeddable":true,"href":"https:\/\/monde25.info\/index.php\/wp-json\/wp\/v2\/categories?post=15651"},{"taxonomy":"post_tag","embeddable":true,"href":"https:\/\/monde25.info\/index.php\/wp-json\/wp\/v2\/tags?post=15651"}],"curies":[{"name":"wp","href":"https:\/\/api.w.org\/{rel}","templated":true}]}}