{"id":15655,"date":"2025-09-11T12:49:43","date_gmt":"2025-09-11T10:49:43","guid":{"rendered":"https:\/\/monde25.info\/index.php\/2025\/09\/11\/conges-payes-et-arret-maladie-la-cour-tranche-en-faveur-des-employes\/"},"modified":"2025-09-11T12:49:43","modified_gmt":"2025-09-11T10:49:43","slug":"conges-payes-et-arret-maladie-la-cour-tranche-en-faveur-des-employes","status":"publish","type":"post","link":"https:\/\/monde25.info\/index.php\/2025\/09\/11\/conges-payes-et-arret-maladie-la-cour-tranche-en-faveur-des-employes\/","title":{"rendered":"Cong\u00e9s pay\u00e9s et arr\u00eat maladie: la Cour tranche en faveur des employ\u00e9s"},"content":{"rendered":"<p> <br \/>\n<\/p>\n<div>\n<p><strong>\u00catre malade n\u2019est pas se reposer. C&rsquo;est en s&rsquo;appuyant sur ce principe que mercredi 10 septembre, la Cour de cassation a d\u00e9cid\u00e9 que tout salari\u00e9 tombant malade pendant ses cong\u00e9s pay\u00e9s pourra en demander le report, \u00e0 condition de pr\u00e9venir son employeur avec un arr\u00eat maladie en bonne et due forme. Relax Max !<\/strong><\/p>\n<p>Cette d\u00e9cision met le droit fran\u00e7ais en phase avec le droit europ\u00e9en, qui distingue clairement le repos volontaire des vacances et le r\u00e9tablissement impos\u00e9 par la maladie. \u00ab\u00a0L&rsquo;objectif du cong\u00e9 pay\u00e9 est de permettre aux salari\u00e9s non seulement de se reposer, mais aussi de profiter d&rsquo;une p\u00e9riode de d\u00e9tente et de loisirs\u00a0\u00bb, rappelle la Cour. Tandis que l&rsquo;arr\u00eat maladie a une tout autre vocation : \u00ab\u00a0permettre aux salari\u00e9s de se r\u00e9tablir d\u2019un probl\u00e8me de sant\u00e9\u00a0\u00bb. Deux droits, deux finalit\u00e9s, et donc deux r\u00e9gimes. La plus haute juridiction a confirm\u00e9 une d\u00e9cision d\u2019appel contest\u00e9e par un employeur, qui refusait \u00e0 un salari\u00e9 malade en cong\u00e9 le droit \u00e0 un report. Il est d\u00e9bout\u00e9.<\/p>\n<p>L&rsquo;<em>AFP<\/em> souligne que cette clarification \u00e9tait attendue de longue date. Le flou juridique entretenait jusqu\u2019ici des situations in\u00e9quitables, dans lesquelles le salari\u00e9 voyait fondre ses jours de repos au profit d\u2019un lit d\u2019h\u00f4pital. Une situation que personne n&rsquo;envie, c&rsquo;est certain.<\/p>\n<p>Disons-le tout de m\u00eame, <a target=\"_blank\" href=\"https:\/\/www.vie-publique.fr\/en-bref\/296582-arrets-maladie-en-hausse-depuis-2019-hors-crise-sanitaire\">les arr\u00eats maladies ont explos\u00e9 depuis 2019<\/a>, et s&rsquo;ils peuvent \u00eatre justifi\u00e9s, ils ne rel\u00e8vent pas toujours de l&rsquo;hospitalisation et mettent syst\u00e9matiquement les soci\u00e9t\u00e9s en difficult\u00e9. Certaines s&rsquo;adaptent pour assurer un meilleur cadre de travail, mais cela ne garantit pas que les salari\u00e9s jouent le jeu. \u00ab\u00a0En 2024, l\u2019Assurance Maladie a d\u00e9tect\u00e9 et stopp\u00e9 42 millions d\u2019euros de fraudes li\u00e9es aux arr\u00eats de travail, soit 2,4 fois plus qu\u2019en 2023.\u00a0\u00bb, peut-on lire sur le site de l&rsquo;Assurance Maladie.\u00a0<\/p>\n<p>Le travail n&rsquo;est pas toujours une partie de plaisir, mais surprot\u00e9ger les salari\u00e9s en sacralisant leurs vacances ne rendra pas leur relation avec les patrons plus agr\u00e9able. Au fond, la d\u00e9cision de la Cour n&rsquo;est-elle pas politique, plus que judiciaire ?<\/p>\n<\/div>\n<p><script>(function(d, s, id) {  var js, fjs = d.getElementsByTagName(s)[0];  if (d.getElementById(id)) return;  js = d.createElement(s); js.id = id;  js.src = \"\/\/connect.facebook.net\/fr_FR\/sdk.js#xfbml=1&version=v2.3\";  fjs.parentNode.insertBefore(js, fjs);}(document, \"script\", \"facebook-jssdk\"));<\/script><br \/>\n<br \/><br \/>\n<br \/><a href=\"https:\/\/www.francesoir.fr\/politique-france\/conges-payes-et-arret-maladie-la-cour-tranche-en-faveur-des-employes\" target=\"_blank\"\">Source link <\/a><\/p>\n","protected":false},"excerpt":{"rendered":"<p>\u00catre malade n\u2019est pas se reposer. C&rsquo;est en s&rsquo;appuyant sur ce principe que mercredi 10 septembre, la Cour de cassation a d\u00e9cid\u00e9 que tout salari\u00e9 tombant malade pendant ses cong\u00e9s&hellip; <\/p>\n","protected":false},"author":1,"featured_media":15656,"comment_status":"open","ping_status":"open","sticky":false,"template":"","format":"standard","meta":{"footnotes":""},"categories":[1],"tags":[],"class_list":["post-15655","post","type-post","status-publish","format-standard","has-post-thumbnail","hentry","category-non-classe"],"_links":{"self":[{"href":"https:\/\/monde25.info\/index.php\/wp-json\/wp\/v2\/posts\/15655","targetHints":{"allow":["GET"]}}],"collection":[{"href":"https:\/\/monde25.info\/index.php\/wp-json\/wp\/v2\/posts"}],"about":[{"href":"https:\/\/monde25.info\/index.php\/wp-json\/wp\/v2\/types\/post"}],"author":[{"embeddable":true,"href":"https:\/\/monde25.info\/index.php\/wp-json\/wp\/v2\/users\/1"}],"replies":[{"embeddable":true,"href":"https:\/\/monde25.info\/index.php\/wp-json\/wp\/v2\/comments?post=15655"}],"version-history":[{"count":0,"href":"https:\/\/monde25.info\/index.php\/wp-json\/wp\/v2\/posts\/15655\/revisions"}],"wp:featuredmedia":[{"embeddable":true,"href":"https:\/\/monde25.info\/index.php\/wp-json\/wp\/v2\/media\/15656"}],"wp:attachment":[{"href":"https:\/\/monde25.info\/index.php\/wp-json\/wp\/v2\/media?parent=15655"}],"wp:term":[{"taxonomy":"category","embeddable":true,"href":"https:\/\/monde25.info\/index.php\/wp-json\/wp\/v2\/categories?post=15655"},{"taxonomy":"post_tag","embeddable":true,"href":"https:\/\/monde25.info\/index.php\/wp-json\/wp\/v2\/tags?post=15655"}],"curies":[{"name":"wp","href":"https:\/\/api.w.org\/{rel}","templated":true}]}}