{"id":15657,"date":"2025-09-11T13:22:40","date_gmt":"2025-09-11T11:22:40","guid":{"rendered":"https:\/\/monde25.info\/index.php\/2025\/09\/11\/lafrique-du-sud-va-rouvrir-lenquete-sur-la-mort-de-militant-noir-anti-apartheid-steve-biko\/"},"modified":"2025-09-11T13:22:40","modified_gmt":"2025-09-11T11:22:40","slug":"lafrique-du-sud-va-rouvrir-lenquete-sur-la-mort-de-militant-noir-anti-apartheid-steve-biko","status":"publish","type":"post","link":"https:\/\/monde25.info\/index.php\/2025\/09\/11\/lafrique-du-sud-va-rouvrir-lenquete-sur-la-mort-de-militant-noir-anti-apartheid-steve-biko\/","title":{"rendered":"L&rsquo;Afrique du Sud va rouvrir l&rsquo;enqu\u00eate sur la mort de militant noir anti-apartheid Steve Biko"},"content":{"rendered":"<p> <br \/>\n<\/p>\n<div itemscope=\"\" itemtype=\"https:\/\/schema.org\/Article\">\n<p>https:\/\/fr.sputniknews.africa\/20250911\/lafrique-du-sud-va-rouvrir-lenquete-sur-la-mort-de-militant-noir-anti-apartheid-steve-biko-1078129477.html<\/p>\n<p><a target=\"_blank\" itemprop=\"url\" href=\"https:\/\/fr.sputniknews.africa\/20250911\/lafrique-du-sud-va-rouvrir-lenquete-sur-la-mort-de-militant-noir-anti-apartheid-steve-biko-1078129477.html\" title=\"L'Afrique du Sud va rouvrir l'enqu\u00eate sur la mort de militant noir anti-apartheid Steve Biko\"\/><\/p>\n<p>L&rsquo;Afrique du Sud va rouvrir l&rsquo;enqu\u00eate sur la mort de militant noir anti-apartheid Steve Biko<\/p>\n<p>L&rsquo;Afrique du Sud va rouvrir l&rsquo;enqu\u00eate sur la mort de militant noir anti-apartheid Steve Biko<\/p>\n<p>Sputnik Afrique<\/p>\n<p>Le parquet sud-africain a annonc\u00e9 mercredi la r\u00e9ouverture prochaine de l&rsquo;enqu\u00eate sur le d\u00e9c\u00e8s du militant noir anti-apartheid Steve Biko, pr\u00e8s de 50 ans apr\u00e8s&#8230; 11.09.2025, Sputnik Afrique<\/p>\n<p>2025-09-11T07:47+0200<\/p>\n<p>2025-09-11T07:47+0200<\/p>\n<p>2025-09-11T07:47+0200<\/p>\n<p>afrique<\/p>\n<p>apartheid<\/p>\n<p>afrique du sud<\/p>\n<p>https:\/\/cdn1.img.sputniknews.africa\/img\/07e9\/09\/0b\/1078129304_0:0:3072:1728_1920x0_80_0_0_b2d4cf9b08592080ea8aab7f798202b7.jpg<\/p>\n<p>Steve Biko, fondateur du Mouvement de la Conscience Noire, est mort \u00e0 30 ans en 1977, apr\u00e8s avoir \u00e9t\u00e9 rou\u00e9 de coups jusqu&rsquo;au coma par la police qui l&rsquo;avait arr\u00eat\u00e9 un mois auparavant. Sa disparition avait entra\u00een\u00e9 une vague de col\u00e8re dans le monde et il \u00e9tait alors devenu un symbole de la lutte contre le syst\u00e8me s\u00e9gr\u00e9gationniste d&rsquo;apartheid en Afrique du Sud, qui refusait tout droit politique et \u00e9conomique \u00e0 la majorit\u00e9 noire du pays. L&rsquo;enqu\u00eate sera rouverte le 12 septembre, jour anniversaire de la mort de Steve Biko il y a 48 ans. Son principal objectif est \u00ab\u00a0de pr\u00e9senter au tribunal des preuves qui lui permettront de d\u00e9terminer si le d\u00e9c\u00e8s a \u00e9t\u00e9 provoqu\u00e9 par un acte ou une omission qui [&#8230;] implique ou \u00e9quivaut \u00e0 une infraction de la part d&rsquo;une personne\u00a0\u00bb, a d\u00e9clar\u00e9 l&rsquo;Autorit\u00e9 nationale des poursuites (NPA). L&rsquo;enqu\u00eate de 1977 avait accr\u00e9dit\u00e9 la version de la police selon laquelle Steve Biko s&rsquo;\u00e9tait bless\u00e9 en se cognant la t\u00eate contre un mur et personne n&rsquo;avait \u00e9t\u00e9 poursuivi en justice pour sa mort. Mais, en 1997, d&rsquo;anciens policiers ont confess\u00e9 avoir agress\u00e9 le militant, lors des audiences men\u00e9es par la Commission v\u00e9rit\u00e9 et r\u00e9conciliation sur les crimes commis pendant l&rsquo;\u00e9poque de l&rsquo;apartheid. La Commission avait refus\u00e9 d&rsquo;accorder l&rsquo;amnistie aux policiers, estimant qu&rsquo;ils avaient menti dans leur t\u00e9moignage et qu&rsquo;ils n&rsquo;avaient pas prouv\u00e9 l&rsquo;existence d&rsquo;un motif politique au meurtre de Steve Biko. Son histoire a inspir\u00e9 \u00ab\u00a0Biko\u00a0\u00bb, la chanson contre l&rsquo;apartheid du chanteur britannique Peter Gabriel en 1980, puis le film \u00ab\u00a0Cry Freedom\u00a0\u00bb (1987) de Richard Attenborough.<\/p>\n<p>afrique<\/p>\n<p>afrique du sud<\/p>\n<div itemprop=\"copyrightHolder\" itemscope=\"\" itemtype=\"http:\/\/schema.org\/Organization\">\n<p>Sputnik Afrique<\/p>\n<p><a target=\"_blank\" itemprop=\"url\" href=\"https:\/\/fr.sputniknews.africa\" title=\"Sputnik Afrique\"> <\/a><\/p>\n<p>feedback.fr@sputniknews.com<\/p>\n<p>+74956456601<\/p>\n<p>MIA \u201eRossiya Segodnya\u201c<\/p>\n<p><a target=\"_blank\" itemprop=\"sameAs\" href=\"https:\/\/t.me\/sputnik_afrique\"> <\/a><a target=\"_blank\" itemprop=\"sameAs\" href=\"https:\/\/t.me\/sputnik_africa\"> <\/a><a target=\"_blank\" itemprop=\"sameAs\" href=\"https:\/\/t.me\/sputnik_ethiopia\"> <\/a><a target=\"_blank\" itemprop=\"sameAs\" href=\"https:\/\/x.com\/sputnik_afrique\"> <\/a><a target=\"_blank\" itemprop=\"sameAs\" href=\"https:\/\/x.com\/sputnik_africa\"> <\/a><a target=\"_blank\" itemprop=\"sameAs\" href=\"https:\/\/x.com\/sputnik_ethio\"> <\/a><a target=\"_blank\" itemprop=\"sameAs\" href=\"https:\/\/x.com\/sputnik_swahili\"> <\/a><\/div>\n<p>2025<\/p>\n<div itemprop=\"creator\" itemscope=\"\" itemtype=\"http:\/\/schema.org\/Person\">\n<p>  Alg\u00e9rie Presse Service (APS)<\/p>\n<p><a target=\"_blank\" itemprop=\"url\" href=\"https:\/\/fr.sputniknews.africa\/author_algerie-presse-service_\/\"> <\/a><\/div>\n<div itemprop=\"editor\" itemscope=\"\" itemtype=\"http:\/\/schema.org\/Person\">\n<p>  Alg\u00e9rie Presse Service (APS)<\/p>\n<p><a target=\"_blank\" itemprop=\"url\" href=\"https:\/\/fr.sputniknews.africa\/author_algerie-presse-service_\/\"> <\/a><\/div>\n<p>Actus<\/p>\n<p>fr_FR<\/p>\n<div itemprop=\"sourceOrganization\" itemscope=\"\" itemtype=\"http:\/\/schema.org\/Organization\">\n<p>Sputnik Afrique<\/p>\n<p><a target=\"_blank\" itemprop=\"url\" href=\"https:\/\/fr.sputniknews.africa\" title=\"Sputnik Afrique\"> <\/a><\/p>\n<p>feedback.fr@sputniknews.com<\/p>\n<p>+74956456601<\/p>\n<p>MIA \u201eRossiya Segodnya\u201c<\/p>\n<p><a target=\"_blank\" itemprop=\"sameAs\" href=\"https:\/\/t.me\/sputnik_afrique\"> <\/a><a target=\"_blank\" itemprop=\"sameAs\" href=\"https:\/\/t.me\/sputnik_africa\"> <\/a><a target=\"_blank\" itemprop=\"sameAs\" href=\"https:\/\/t.me\/sputnik_ethiopia\"> <\/a><a target=\"_blank\" itemprop=\"sameAs\" href=\"https:\/\/x.com\/sputnik_afrique\"> <\/a><a target=\"_blank\" itemprop=\"sameAs\" href=\"https:\/\/x.com\/sputnik_africa\"> <\/a><a target=\"_blank\" itemprop=\"sameAs\" href=\"https:\/\/x.com\/sputnik_ethio\"> <\/a><a target=\"_blank\" itemprop=\"sameAs\" href=\"https:\/\/x.com\/sputnik_swahili\"> <\/a><\/div>\n<p><a target=\"_blank\" itemprop=\"thumbnailUrl\" href=\"https:\/\/cdn1.img.sputniknews.africa\/img\/07e9\/09\/0b\/1078129304_0:0:3072:1728_1920x0_80_0_0_b2d4cf9b08592080ea8aab7f798202b7.jpg\"\/><a target=\"_blank\" itemprop=\"thumbnailUrl\" href=\"https:\/\/cdn1.img.sputniknews.africa\/img\/07e9\/09\/0b\/1078129304_0:0:2732:2048_1920x0_80_0_0_977bf7d28c33430aaecb65dd2cfe1a06.jpg\">https:\/\/cdn1.img.sputniknews.africa\/img\/07e9\/09\/0b\/1078129304_0:0:2732:2048_1920x0_80_0_0_977bf7d28c33430aaecb65dd2cfe1a06.jpg<\/a><a target=\"_blank\" itemprop=\"thumbnailUrl\" href=\"https:\/\/cdn1.img.sputniknews.africa\/img\/07e9\/09\/0b\/1078129304_99:0:2147:2048_1920x0_80_0_0_32d395a7fd103e2ddbb3390378a274af.jpg\" title=\"Des manifestants brandissent un portrait du militant sud-africain des droits civiques Steve Biko devant le tribunal de la Vieille Synagogue de Pretoria, o\u00f9 se d\u00e9roule l'enqu\u00eate sur sa mort. Biko est d\u00e9c\u00e9d\u00e9 alors qu'il \u00e9tait d\u00e9tenu par la police de s\u00e9curit\u00e9 sud-africaine. (Photo de Sahm Doherty\/Getty Images)\"\/><\/p>\n<div itemprop=\"publisher\" itemscope=\"\" itemtype=\"http:\/\/schema.org\/Organization\">\n<p>Sputnik Afrique<\/p>\n<p><a target=\"_blank\" itemprop=\"url\" href=\"https:\/\/fr.sputniknews.africa\" title=\"Sputnik Afrique\"> <\/a><\/p>\n<p>feedback.fr@sputniknews.com<\/p>\n<p>+74956456601<\/p>\n<p>MIA \u201eRossiya Segodnya\u201c<\/p>\n<p><a target=\"_blank\" itemprop=\"sameAs\" href=\"https:\/\/t.me\/sputnik_afrique\"> <\/a><a target=\"_blank\" itemprop=\"sameAs\" href=\"https:\/\/t.me\/sputnik_africa\"> <\/a><a target=\"_blank\" itemprop=\"sameAs\" href=\"https:\/\/t.me\/sputnik_ethiopia\"> <\/a><a target=\"_blank\" itemprop=\"sameAs\" href=\"https:\/\/x.com\/sputnik_afrique\"> <\/a><a target=\"_blank\" itemprop=\"sameAs\" href=\"https:\/\/x.com\/sputnik_africa\"> <\/a><a target=\"_blank\" itemprop=\"sameAs\" href=\"https:\/\/x.com\/sputnik_ethio\"> <\/a><a target=\"_blank\" itemprop=\"sameAs\" href=\"https:\/\/x.com\/sputnik_swahili\"> <\/a><\/div>\n<div itemprop=\"author\" itemscope=\"\" itemtype=\"http:\/\/schema.org\/Person\">\n<p>  Alg\u00e9rie Presse Service (APS)<\/p>\n<p><a target=\"_blank\" itemprop=\"url\" href=\"https:\/\/fr.sputniknews.africa\/author_algerie-presse-service_\/\"> <\/a><\/div>\n<p>afrique, apartheid, afrique du sud<\/p>\n<div itemprop=\"about\" itemscope=\"\" itemtype=\"https:\/\/schema.org\/Thing\">\n<p>afrique, apartheid, afrique du sud<\/p>\n<\/div>\n<\/div>\n<div>\n<div class=\"article__author\">\n<div class=\"article__author-item\">\n<div class=\"article__author-wrapper\">\n<div class=\"article__author-info\">\n<p>  Alg\u00e9rie Presse Service (APS)<\/p>\n<\/div>\n<\/div>\n<\/div>\n<\/div>\n<p>Le parquet sud-africain a annonc\u00e9 mercredi la r\u00e9ouverture prochaine de l&rsquo;enqu\u00eate sur le d\u00e9c\u00e8s du militant noir anti-apartheid Steve Biko, pr\u00e8s de 50 ans apr\u00e8s sa mort dans une cellule de Pretoria.<\/p>\n<\/div>\n<div>\n<div class=\"article__block\" data-type=\"text\">\n<p>Steve Biko, fondateur du Mouvement de la Conscience Noire, est mort \u00e0 30 ans en 1977, apr\u00e8s avoir \u00e9t\u00e9 rou\u00e9 de coups jusqu&rsquo;au coma par la police qui l&rsquo;avait arr\u00eat\u00e9 un mois auparavant. <\/p>\n<\/div>\n<div class=\"article__block\" data-type=\"text\">\n<p>Sa disparition avait entra\u00een\u00e9 une vague de col\u00e8re dans le monde et il \u00e9tait alors devenu un symbole de la lutte contre le syst\u00e8me s\u00e9gr\u00e9gationniste d&rsquo;apartheid en Afrique du Sud, qui refusait tout droit politique et \u00e9conomique \u00e0 la majorit\u00e9 noire du pays. <\/p>\n<\/div>\n<div class=\"article__block\" data-type=\"text\">\n<p>L&rsquo;enqu\u00eate sera rouverte le 12 septembre, jour anniversaire de la mort de Steve Biko il y a 48 ans. Son principal objectif est \u00ab\u00a0de pr\u00e9senter au tribunal des preuves qui lui permettront de d\u00e9terminer si le d\u00e9c\u00e8s a \u00e9t\u00e9 provoqu\u00e9 par un acte ou une omission qui [&#8230;] implique ou \u00e9quivaut \u00e0 une infraction de la part d&rsquo;une personne\u00a0\u00bb, a d\u00e9clar\u00e9 l&rsquo;Autorit\u00e9 nationale des poursuites (NPA).<\/p>\n<\/div>\n<div class=\"article__block\" data-type=\"text\">\n<p> L&rsquo;enqu\u00eate de 1977 avait accr\u00e9dit\u00e9 la version de la police selon laquelle Steve Biko s&rsquo;\u00e9tait bless\u00e9 en se cognant la t\u00eate contre un mur et personne n&rsquo;avait \u00e9t\u00e9 poursuivi en justice pour sa mort. <\/p>\n<\/div>\n<div class=\"article__block\" data-type=\"text\">\n<p>Mais, en 1997, d&rsquo;anciens policiers ont confess\u00e9 avoir agress\u00e9 le militant, lors des audiences men\u00e9es par la Commission v\u00e9rit\u00e9 et r\u00e9conciliation sur les crimes commis pendant l&rsquo;\u00e9poque de l&rsquo;apartheid. La Commission avait refus\u00e9 d&rsquo;accorder l&rsquo;amnistie aux policiers, estimant qu&rsquo;ils avaient menti dans leur t\u00e9moignage et qu&rsquo;ils n&rsquo;avaient pas prouv\u00e9 l&rsquo;existence d&rsquo;un motif politique au meurtre de Steve Biko. <\/p>\n<\/div>\n<div class=\"article__block\" data-type=\"text\">\n<p>Son histoire a inspir\u00e9 \u00ab\u00a0Biko\u00a0\u00bb, la chanson contre l&rsquo;apartheid du chanteur britannique Peter Gabriel en 1980, puis le film \u00ab\u00a0Cry Freedom\u00a0\u00bb (1987) de Richard Attenborough.<\/p>\n<\/div>\n<\/div>\n<p><script async=\"async\" type=\"text\/plain\" class=\"_iub_cs_activate\" data-iub-purposes=\"3\" data-suppressedsrc=\"https:\/\/connect.facebook.net\/en_US\/sdk.js#xfbml=1&amp;version=v3.2\"><\/script><br \/>\n<br \/><br \/>\n<br \/><a href=\"https:\/\/fr.sputniknews.africa\/20250911\/lafrique-du-sud-va-rouvrir-lenquete-sur-la-mort-de-militant-noir-anti-apartheid-steve-biko-1078129477.html\" target=\"_blank\"\">Source link <\/a><\/p>\n","protected":false},"excerpt":{"rendered":"<p>https:\/\/fr.sputniknews.africa\/20250911\/lafrique-du-sud-va-rouvrir-lenquete-sur-la-mort-de-militant-noir-anti-apartheid-steve-biko-1078129477.html L&rsquo;Afrique du Sud va rouvrir l&rsquo;enqu\u00eate sur la mort de militant noir anti-apartheid Steve Biko L&rsquo;Afrique du Sud va rouvrir l&rsquo;enqu\u00eate sur la mort de militant noir anti-apartheid Steve&hellip; <\/p>\n","protected":false},"author":1,"featured_media":15658,"comment_status":"open","ping_status":"open","sticky":false,"template":"","format":"standard","meta":{"footnotes":""},"categories":[1],"tags":[],"class_list":["post-15657","post","type-post","status-publish","format-standard","has-post-thumbnail","hentry","category-non-classe"],"_links":{"self":[{"href":"https:\/\/monde25.info\/index.php\/wp-json\/wp\/v2\/posts\/15657","targetHints":{"allow":["GET"]}}],"collection":[{"href":"https:\/\/monde25.info\/index.php\/wp-json\/wp\/v2\/posts"}],"about":[{"href":"https:\/\/monde25.info\/index.php\/wp-json\/wp\/v2\/types\/post"}],"author":[{"embeddable":true,"href":"https:\/\/monde25.info\/index.php\/wp-json\/wp\/v2\/users\/1"}],"replies":[{"embeddable":true,"href":"https:\/\/monde25.info\/index.php\/wp-json\/wp\/v2\/comments?post=15657"}],"version-history":[{"count":0,"href":"https:\/\/monde25.info\/index.php\/wp-json\/wp\/v2\/posts\/15657\/revisions"}],"wp:featuredmedia":[{"embeddable":true,"href":"https:\/\/monde25.info\/index.php\/wp-json\/wp\/v2\/media\/15658"}],"wp:attachment":[{"href":"https:\/\/monde25.info\/index.php\/wp-json\/wp\/v2\/media?parent=15657"}],"wp:term":[{"taxonomy":"category","embeddable":true,"href":"https:\/\/monde25.info\/index.php\/wp-json\/wp\/v2\/categories?post=15657"},{"taxonomy":"post_tag","embeddable":true,"href":"https:\/\/monde25.info\/index.php\/wp-json\/wp\/v2\/tags?post=15657"}],"curies":[{"name":"wp","href":"https:\/\/api.w.org\/{rel}","templated":true}]}}