{"id":15659,"date":"2025-09-11T13:55:35","date_gmt":"2025-09-11T11:55:35","guid":{"rendered":"https:\/\/monde25.info\/index.php\/2025\/09\/11\/lfi-veut-amplifier-le-mouvement-bloquons-tout-rt-en-francais\/"},"modified":"2025-09-11T13:55:35","modified_gmt":"2025-09-11T11:55:35","slug":"lfi-veut-amplifier-le-mouvement-bloquons-tout-rt-en-francais","status":"publish","type":"post","link":"https:\/\/monde25.info\/index.php\/2025\/09\/11\/lfi-veut-amplifier-le-mouvement-bloquons-tout-rt-en-francais\/","title":{"rendered":"LFI veut amplifier le mouvement \u00abBloquons tout\u00bb \u2014 RT en fran\u00e7ais"},"content":{"rendered":"<p> <br \/>\n<br \/><img decoding=\"async\" src=\"https:\/\/mf.b37mrtl.ru\/french\/images\/2025.09\/thumbnail\/68c28b4a87f3ec5ac854bb2e.jpg\" \/><\/p>\n<div>\n<p class=\"text__summary\">\n                                        Le 10 septembre 2025, la mobilisation \u00abBloquons tout\u00bb a r\u00e9uni 175 000 \u00e0 250 000 participants contre le budget Bayrou. La France insoumise (LFI) salue un \u00absucc\u00e8s\u00bb et y voit le lancement d\u2019une contestation durable visant \u00e0 destituer Emmanuel Macron.\n                                    <\/p>\n<p>Le mouvement \u00ab\u00a0Bloquons tout\u00a0\u00bb, n\u00e9 sur les r\u00e9seaux sociaux, a paralys\u00e9 routes et gares pour d\u00e9noncer l\u2019aust\u00e9rit\u00e9. Jean-Luc M\u00e9lenchon, pr\u00e9sent place du Ch\u00e2telet \u00e0 Paris, a\u00a0\u00e9voqu\u00e9 de \u00ab\u00a0formidables moments d\u2019apprentissage et de cr\u00e9ation\u00a0\u00bb, louant l\u2019auto-organisation citoyenne, le \u00ab\u00a0calme total\u00a0\u00bb et l\u2019\u00ab\u00a0efficacit\u00e9 maximale\u00a0\u00bb.<\/p>\n<div class=\"rtcode\">\n<blockquote class=\"twitter-tweet\">\n<p lang=\"fr\" dir=\"ltr\">Surprise de la journ\u00e9e : les manifs sont tr\u00e8s nombreuses partout \u00e0 Paris, Lyon, Marseille, Metz, Toulouse, Nantes&#8230;. \u00e9chec total des provocations de Retailleau. Calme total, efficacit\u00e9 maximale. <a target=\"_blank\" href=\"https:\/\/t.co\/nd6pyw4iqf\">https:\/\/t.co\/nd6pyw4iqf<\/a><\/p>\n<p>\u2014 Jean-Luc M\u00e9lenchon (@JLMelenchon) <a target=\"_blank\" href=\"https:\/\/twitter.com\/JLMelenchon\/status\/1965776089567146302?ref_src=twsrc%5Etfw\">September 10, 2025<\/a><\/p><\/blockquote>\n<\/div>\n<p><a target=\"_blank\" href=\"https:\/\/x.com\/JLMelenchon\/status\/1965776089567146302\"\/>Dani\u00e8le Obono d\u00e9put\u00e9 LFI a salu\u00e9 de \u00ab\u00a0grandes et belles mobilisations\u00a0\u00bb, malgr\u00e9 540 interpellations et 23 bless\u00e9s l\u00e9gers chez les forces de l\u2019ordre. Soutenu par la CGT (250 000 participants revendiqu\u00e9s) et Solidaires, le mouvement d\u00e9passe le 1er mai en ampleur, avec 812 actions recens\u00e9es.<\/p>\n<p>\u00a0<\/p>\n<h2>L\u2019offensive LFI : motion de destitution et convergence des luttes<\/h2>\n<p>\u00a0<\/p>\n<p>La chute de Fran\u00e7ois Bayrou le 8 septembre, apr\u00e8s un vote de d\u00e9fiance, a acc\u00e9l\u00e9r\u00e9 la strat\u00e9gie de LFI. Le 9 septembre, les Insoumis ont d\u00e9pos\u00e9 une motion de destitution contre Macron, accus\u00e9 de \u00ab\u00a0manquement \u00e0 ses devoirs manifestement incompatible avec l\u2019exercice de son mandat\u00a0\u00bb \u00e9voquant l\u2019instabilit\u00e9 politique et le m\u00e9pris du suffrage universel post-l\u00e9gislatives 2024.<\/p>\n<p><a target=\"_blank\" href=\"https:\/\/x.com\/FiAssemblee\/status\/1965800522704904334\"\/>Sign\u00e9e par 86 d\u00e9put\u00e9s (LFI, \u00e9cologistes, communistes), elle n\u00e9cessite deux tiers des voix aux deux assembl\u00e9es, un seuil improbable, mais Mathilde Panot y voit un \u00ab\u00a0d\u00e9blocage\u00a0\u00bb : \u00ab\u00a0Deux tiers ont rejet\u00e9 la politique macroniste\u00a0\u00bb. Jean-Luc M\u00e9lenchon critique de son c\u00f4t\u00e9 la \u00ab\u00a0concurrence\u00a0\u00bb syndicale du 18 septembre, pr\u00e9f\u00e9rant une \u00ab\u00a0r\u00e9volution citoyenne\u00a0\u00bb nourrie par des initiatives locales. Partout, LFI appelle les militants \u00e0 rejoindre des collectifs locaux pour une \u00ab\u00a0offensive d\u00e9termin\u00e9e\u00a0\u00bb.<\/p>\n<p>\u00a0<\/p>\n<p>Cette \u00e9tincelle pourrait rallumer une convergence gauche-syndicats. Mais si le 18 septembre amplifie sans aboutir, LFI risque l\u2019usure. Face \u00e0 Lecornu \u00e0 Matignon, Macron \u00e9tant fragilis\u00e9, le mouvement testera sa capacit\u00e9 \u00e0 amorcer un virage politique.<\/p>\n<\/div>\n<p><script async src=\"\/\/platform.twitter.com\/widgets.js\" charset=\"utf-8\"><\/script><br \/>\n<br \/><br \/>\n<br \/><a href=\"https:\/\/francais.rt.com\/france\/125123-c-est-debut-quelque-chose-lfi-veut-amplifier-mouvement-bloquons-tout\" target=\"_blank\"\">Source link <\/a><\/p>\n","protected":false},"excerpt":{"rendered":"<p>Le 10 septembre 2025, la mobilisation \u00abBloquons tout\u00bb a r\u00e9uni 175 000 \u00e0 250 000 participants contre le budget Bayrou. La France insoumise (LFI) salue un \u00absucc\u00e8s\u00bb et y voit&hellip; <\/p>\n","protected":false},"author":1,"featured_media":15660,"comment_status":"open","ping_status":"open","sticky":false,"template":"","format":"standard","meta":{"footnotes":""},"categories":[1],"tags":[],"class_list":["post-15659","post","type-post","status-publish","format-standard","has-post-thumbnail","hentry","category-non-classe"],"_links":{"self":[{"href":"https:\/\/monde25.info\/index.php\/wp-json\/wp\/v2\/posts\/15659","targetHints":{"allow":["GET"]}}],"collection":[{"href":"https:\/\/monde25.info\/index.php\/wp-json\/wp\/v2\/posts"}],"about":[{"href":"https:\/\/monde25.info\/index.php\/wp-json\/wp\/v2\/types\/post"}],"author":[{"embeddable":true,"href":"https:\/\/monde25.info\/index.php\/wp-json\/wp\/v2\/users\/1"}],"replies":[{"embeddable":true,"href":"https:\/\/monde25.info\/index.php\/wp-json\/wp\/v2\/comments?post=15659"}],"version-history":[{"count":0,"href":"https:\/\/monde25.info\/index.php\/wp-json\/wp\/v2\/posts\/15659\/revisions"}],"wp:featuredmedia":[{"embeddable":true,"href":"https:\/\/monde25.info\/index.php\/wp-json\/wp\/v2\/media\/15660"}],"wp:attachment":[{"href":"https:\/\/monde25.info\/index.php\/wp-json\/wp\/v2\/media?parent=15659"}],"wp:term":[{"taxonomy":"category","embeddable":true,"href":"https:\/\/monde25.info\/index.php\/wp-json\/wp\/v2\/categories?post=15659"},{"taxonomy":"post_tag","embeddable":true,"href":"https:\/\/monde25.info\/index.php\/wp-json\/wp\/v2\/tags?post=15659"}],"curies":[{"name":"wp","href":"https:\/\/api.w.org\/{rel}","templated":true}]}}