{"id":15666,"date":"2025-09-11T16:08:04","date_gmt":"2025-09-11T14:08:04","guid":{"rendered":"https:\/\/monde25.info\/index.php\/2025\/09\/11\/quand-les-syndicats-affrontaient-le-numerique-par-maud-barret-bertelloni-pauline-gourlet-felix-treguer-le-monde-diplomatique-septembre-2025\/"},"modified":"2025-09-11T16:08:04","modified_gmt":"2025-09-11T14:08:04","slug":"quand-les-syndicats-affrontaient-le-numerique-par-maud-barret-bertelloni-pauline-gourlet-felix-treguer-le-monde-diplomatique-septembre-2025","status":"publish","type":"post","link":"https:\/\/monde25.info\/index.php\/2025\/09\/11\/quand-les-syndicats-affrontaient-le-numerique-par-maud-barret-bertelloni-pauline-gourlet-felix-treguer-le-monde-diplomatique-septembre-2025\/","title":{"rendered":"Quand les syndicats affrontaient le num\u00e9rique, par Maud Barret Bertelloni, Pauline Gourlet &#038; F\u00e9lix Tr\u00e9guer (Le Monde diplomatique, septembre 2025)"},"content":{"rendered":"<p> <br \/>\n<\/p>\n<div couleurfade=\"f0f0e5\" couleurclaire=\"ececde\" couleurpale=\"eaeaad\" couleurmi=\"838348\" couleurfoncee=\"7f7f19\" couleursombre=\"202012\" couleurfond=\"63634c\" couleurtexte=\"ffffff\">\n<div class=\"enapercu\">\n<figure class=\"spip_document_34864 spip_documents spip_documents_center justecol\" style=\"width:650px;\">\n<div class=\"limage\">\n<p>\t\t\t<img loading=\"lazy\" decoding=\"async\" src=\"https:\/\/www.monde-diplomatique.fr\/\/local\/cache-vignettes\/L650xH841\/03_2403.hr-3ec1a.jpg?1756384821\" width=\"650\" height=\"841\" class=\"spip_logos\" alt=\"JPEG - 102.6\u00a0ko\"\/><\/p><\/div><figcaption>\n<p>Tony Oursler. \u2014 \u00ab<small class=\"fine\">\u00a0<\/small>Upsidedown<small class=\"fine\">\u00a0<\/small>\u00bb (\u00c0 l\u2019envers), 2020<\/p>\n<p>Courtesy the artist and Lehmann Maupin, New York, Seoul, and London\n<\/p>\n<\/figcaption><\/figure>\n<p><span class=\"mot-lettrine\"><span class=\"lettrine\">C\u2019<\/span>est<\/span> l\u2019\u00e9poque o\u00f9 l\u2019extr\u00eame centre r\u00e9formateur qui domine les institutions fran\u00e7aises fait de l\u2019innovation technologique une priorit\u00e9. Alors qu\u2019appara\u00eet le ch\u00f4mage de masse et que menace l\u2019aust\u00e9rit\u00e9 budg\u00e9taire, d\u2019immenses investissements sont consacr\u00e9s au d\u00e9veloppement de l\u2019informatique. \u00c0 en croire les syndicats, les dirigeants d\u2019entreprise ont fix\u00e9 un objectif clair\u00a0: <i>\u00ab<small class=\"fine\">\u00a0<\/small>accro\u00eetre les traitements de masse<small class=\"fine\">\u00a0<\/small>\u00bb.<\/i> Il s\u2019agit ainsi de lib\u00e9rer le travail des t\u00e2ches les plus p\u00e9nibles, de rationaliser son organisation, de fluidifier les processus de production et d\u2019augmenter la productivit\u00e9. Mais nombre de travailleurs et travailleuses concern\u00e9s par ces d\u00e9ploiements partagent le sentiment d\u2019\u00eatre <i>\u00ab<small class=\"fine\">\u00a0<\/small>d\u00e9poss\u00e9d\u00e9s de toute initiative au profit d\u2019un ensemble de consignes \u201ctechniques\u201d \u00e9dict\u00e9es par les personnes qui ont le pouvoir<small class=\"fine\">\u00a0<\/small>\u00bb.<\/i><\/p>\n<p>Ce constat ne concerne pas l\u2019\u00e9ni\u00e8me campagne de \u00ab<small class=\"fine\">\u00a0<\/small>modernisation<small class=\"fine\">\u00a0<\/small>\u00bb \u00e9conomique lanc\u00e9e sous la pr\u00e9sidence de M.\u00a0Emmanuel Macron. Il \u00e9mane d\u2019un rapport intitul\u00e9 <i>Les D\u00e9g\u00e2ts du progr\u00e8s,<\/i> publi\u00e9 en 1977 par la Conf\u00e9d\u00e9ration fran\u00e7aise d\u00e9mocratique du travail (CFDT), et d\u2019autres documents d\u2019archives de la Conf\u00e9d\u00e9ration g\u00e9n\u00e9rale du travail (CGT). Ces \u00e9crits illustrent la mani\u00e8re dont les syndicats s\u2019emparent \u00e0 l\u2019\u00e9poque des enjeux associ\u00e9s \u00e0 l\u2019informatisation. Durant cette p\u00e9riode, l\u2019informatique prolif\u00e8re dans le secteur tertiaire et les emplois dits \u00ab<small class=\"fine\">\u00a0<\/small>de bureau<small class=\"fine\">\u00a0<\/small>\u00bb, en expansion depuis la fin de la seconde guerre mondiale. Cette \u00e9volution ne va pas sans r\u00e9sistance\u00a0: du \u00ab<small class=\"fine\">\u00a0<\/small>Mai des banques<small class=\"fine\">\u00a0<\/small>\u00bb, qui mobilise en 1974 entre trente mille et cinquante mille manifestants \u00e0 Paris et dans tout le pays, aux gr\u00e8ves contre la cha\u00eene \u00ab<small class=\"fine\">\u00a0<\/small>automatis\u00e9e<small class=\"fine\">\u00a0<\/small>\u00bb dans les assurances ou les Postes et T\u00e9l\u00e9communications (PTT), les employ\u00e9s d\u00e9noncent l\u2019impact des ordinateurs sur leur activit\u00e9, et ce dans des secteurs historiquement consid\u00e9r\u00e9s comme peu revendicatifs.<\/p>\n<p>D\u00e9crivant les transformations du travail depuis <i>la \u00ab<small class=\"fine\">\u00a0<\/small>vie de tous les jours<small class=\"fine\">\u00a0<\/small>\u00bb,<\/i> les organisations syndicales mesurent alors l\u2019\u00e9cart entre les promesses du management\u00a0(&#8230;)<\/p>\n<\/p><\/div>\n<p>Taille de l\u2019article complet\u00a0:\u00a0<span>2\u00a0261<\/span>\u00a0mots.<\/p>\n<div class=\"promo_dispo_article\">\n<h2 class=\"avantbloc\">\n\tCet article est r\u00e9serv\u00e9 aux\u00a0abonn\u00e9s<\/p>\n<\/h2>\n<div class=\"abo_inst\">\n\t<strong>Lyc\u00e9es, biblioth\u00e8ques, administrations, entreprises,<\/strong><br \/>\n\tacc\u00e9dez \u00e0 la base de donn\u00e9es en ligne de tous les articles du <i>Monde diplomatique<\/i> de 1954 \u00e0 nos\u00a0jours.<br \/>\n\t<a target=\"_blank\" id=\"pw-institutions\" class=\"suivi\" href=\"https:\/\/www.monde-diplomatique.fr\/archives\/institutions\">Retrouvez cette\u00a0offre sp\u00e9cifique<\/a>.\n<\/div>\n<\/div><\/div>\n<div>\n<p class=\"nom\">Maud Barret Bertelloni<span class=\"et\">,<\/span><\/p>\n<p>\tPauline Gourlet <span class=\"et\">&amp;<\/span> <\/p>\n<p>\tF\u00e9lix Tr\u00e9guer<\/p>\n<p>\n\t\t\t\t\tRespectivement chercheuses associ\u00e9es \u00e0 Costech (Universit\u00e9 technologique de Compi\u00e8gne), au m\u00e9dialab de Sciences Po et chercheur associ\u00e9 au Centre internet et soci\u00e9t\u00e9 du Centre national de la recherche scientifique (CNRS).<\/p>\n<\/p><\/div>\n<p><br \/>\n<br \/><a href=\"https:\/\/www.monde-diplomatique.fr\/2025\/09\/TREGUER\/68688\" target=\"_blank\"\">Source link <\/a><\/p>\n","protected":false},"excerpt":{"rendered":"<p>Tony Oursler. \u2014 \u00ab\u00a0Upsidedown\u00a0\u00bb (\u00c0 l\u2019envers), 2020 Courtesy the artist and Lehmann Maupin, New York, Seoul, and London C\u2019est l\u2019\u00e9poque o\u00f9 l\u2019extr\u00eame centre r\u00e9formateur qui domine les institutions fran\u00e7aises fait&hellip; <\/p>\n","protected":false},"author":1,"featured_media":15667,"comment_status":"open","ping_status":"open","sticky":false,"template":"","format":"standard","meta":{"footnotes":""},"categories":[1],"tags":[],"class_list":["post-15666","post","type-post","status-publish","format-standard","has-post-thumbnail","hentry","category-non-classe"],"_links":{"self":[{"href":"https:\/\/monde25.info\/index.php\/wp-json\/wp\/v2\/posts\/15666","targetHints":{"allow":["GET"]}}],"collection":[{"href":"https:\/\/monde25.info\/index.php\/wp-json\/wp\/v2\/posts"}],"about":[{"href":"https:\/\/monde25.info\/index.php\/wp-json\/wp\/v2\/types\/post"}],"author":[{"embeddable":true,"href":"https:\/\/monde25.info\/index.php\/wp-json\/wp\/v2\/users\/1"}],"replies":[{"embeddable":true,"href":"https:\/\/monde25.info\/index.php\/wp-json\/wp\/v2\/comments?post=15666"}],"version-history":[{"count":0,"href":"https:\/\/monde25.info\/index.php\/wp-json\/wp\/v2\/posts\/15666\/revisions"}],"wp:featuredmedia":[{"embeddable":true,"href":"https:\/\/monde25.info\/index.php\/wp-json\/wp\/v2\/media\/15667"}],"wp:attachment":[{"href":"https:\/\/monde25.info\/index.php\/wp-json\/wp\/v2\/media?parent=15666"}],"wp:term":[{"taxonomy":"category","embeddable":true,"href":"https:\/\/monde25.info\/index.php\/wp-json\/wp\/v2\/categories?post=15666"},{"taxonomy":"post_tag","embeddable":true,"href":"https:\/\/monde25.info\/index.php\/wp-json\/wp\/v2\/tags?post=15666"}],"curies":[{"name":"wp","href":"https:\/\/api.w.org\/{rel}","templated":true}]}}