{"id":15668,"date":"2025-09-11T16:40:47","date_gmt":"2025-09-11T14:40:47","guid":{"rendered":"https:\/\/monde25.info\/index.php\/2025\/09\/11\/incendies-au-canada-82-100-deces-prematures-dus-aux-fumees-de-2023\/"},"modified":"2025-09-11T16:40:47","modified_gmt":"2025-09-11T14:40:47","slug":"incendies-au-canada-82-100-deces-prematures-dus-aux-fumees-de-2023","status":"publish","type":"post","link":"https:\/\/monde25.info\/index.php\/2025\/09\/11\/incendies-au-canada-82-100-deces-prematures-dus-aux-fumees-de-2023\/","title":{"rendered":"Incendies au Canada\u00a0: 82 100 d\u00e9c\u00e8s pr\u00e9matur\u00e9s dus aux fum\u00e9es de 2023"},"content":{"rendered":"<p> <br \/>\n<br \/><img loading=\"lazy\" decoding=\"async\" src=\"https:\/\/reporterre.net\/local\/cache-vignettes\/L700xH467\/barrington_lake_fire__nova_scotia__canada_-_31_may_2023__52941752306_1_-5f62d.jpg?1757600034\" class=\"spip_logo\" width=\"700\" height=\"467\" alt=\"\" \/><\/p>\n<p>La fum\u00e9e des incendies record qui ont ravag\u00e9 le Canada en 2023 aurait entra\u00een\u00e9 environ 82\u00a0100 d\u00e9c\u00e8s pr\u00e9matur\u00e9s \u00e0 l&rsquo;\u00e9chelle mondiale, selon une \u00e9tude publi\u00e9e le 10\u00a0septembre dans la revue Nature, et relay\u00e9e par La Presse canadienne. Les chercheurs estiment \u00e9galement que 5\u00a0400 d\u00e9c\u00e8s \u00e0 court terme sont survenus en Am\u00e9rique du Nord lors des pics de pollution de l&rsquo;\u00e9t\u00e9 2023. <br class=\"autobr\" \/><br \/>\nAu total, 354\u00a0millions de personnes en Am\u00e9rique du Nord et en Europe ont \u00e9t\u00e9 expos\u00e9es \u00e0 au moins une journ\u00e9e de fum\u00e9e\u00a0(\u2026)<\/p>\n<p>                    <a target=\"_blank\" href=\"https:\/\/reporterre.net\/Incendies-au-Canada-82-100-deces-prematures-dus-aux-fumees-de-2023?utm_source=RSS&amp;utm_medium=RSS\">Lire la suite<\/a><\/p>\n<p>                    &#8211;<br \/>\n                        <a target=\"_blank\" href=\"https:\/\/reporterre.net\/Breves-20\" rel=\"directory\">En bref<\/a><\/p>\n<p>                    \/<br \/>\n                        <a target=\"_blank\" href=\"https:\/\/reporterre.net\/Megafeux\" rel=\"tag\">Incendies<\/a><br \/>\n<br \/><br \/>\n<br \/><a href=\"https:\/\/reporterre.net\/Incendies-au-Canada-82-100-deces-prematures-dus-aux-fumees-de-2023\" target=\"_blank\"\">Source link <\/a><\/p>\n","protected":false},"excerpt":{"rendered":"<p>La fum\u00e9e des incendies record qui ont ravag\u00e9 le Canada en 2023 aurait entra\u00een\u00e9 environ 82\u00a0100 d\u00e9c\u00e8s pr\u00e9matur\u00e9s \u00e0 l&rsquo;\u00e9chelle mondiale, selon une \u00e9tude publi\u00e9e le 10\u00a0septembre dans la revue&hellip; <\/p>\n","protected":false},"author":1,"featured_media":0,"comment_status":"open","ping_status":"open","sticky":false,"template":"","format":"standard","meta":{"footnotes":""},"categories":[1],"tags":[],"class_list":["post-15668","post","type-post","status-publish","format-standard","hentry","category-non-classe"],"_links":{"self":[{"href":"https:\/\/monde25.info\/index.php\/wp-json\/wp\/v2\/posts\/15668","targetHints":{"allow":["GET"]}}],"collection":[{"href":"https:\/\/monde25.info\/index.php\/wp-json\/wp\/v2\/posts"}],"about":[{"href":"https:\/\/monde25.info\/index.php\/wp-json\/wp\/v2\/types\/post"}],"author":[{"embeddable":true,"href":"https:\/\/monde25.info\/index.php\/wp-json\/wp\/v2\/users\/1"}],"replies":[{"embeddable":true,"href":"https:\/\/monde25.info\/index.php\/wp-json\/wp\/v2\/comments?post=15668"}],"version-history":[{"count":0,"href":"https:\/\/monde25.info\/index.php\/wp-json\/wp\/v2\/posts\/15668\/revisions"}],"wp:attachment":[{"href":"https:\/\/monde25.info\/index.php\/wp-json\/wp\/v2\/media?parent=15668"}],"wp:term":[{"taxonomy":"category","embeddable":true,"href":"https:\/\/monde25.info\/index.php\/wp-json\/wp\/v2\/categories?post=15668"},{"taxonomy":"post_tag","embeddable":true,"href":"https:\/\/monde25.info\/index.php\/wp-json\/wp\/v2\/tags?post=15668"}],"curies":[{"name":"wp","href":"https:\/\/api.w.org\/{rel}","templated":true}]}}