{"id":15671,"date":"2025-09-11T17:46:39","date_gmt":"2025-09-11T15:46:39","guid":{"rendered":"https:\/\/monde25.info\/index.php\/2025\/09\/11\/la-france-matrice-dun-complexe-industriel-de-la-censure-pascal-clerotte-replace-les-twitter-files-dans-cinquante-ans-dhistoire\/"},"modified":"2025-09-11T17:46:39","modified_gmt":"2025-09-11T15:46:39","slug":"la-france-matrice-dun-complexe-industriel-de-la-censure-pascal-clerotte-replace-les-twitter-files-dans-cinquante-ans-dhistoire","status":"publish","type":"post","link":"https:\/\/monde25.info\/index.php\/2025\/09\/11\/la-france-matrice-dun-complexe-industriel-de-la-censure-pascal-clerotte-replace-les-twitter-files-dans-cinquante-ans-dhistoire\/","title":{"rendered":"\u00ab\u00a0La France, matrice d\u2019un complexe industriel de la censure\u00a0\u00bb : Pascal Cl\u00e9rotte replace les Twitter Files dans cinquante ans d\u2019histoire"},"content":{"rendered":"<p> <br \/>\n<\/p>\n<div>\n<p>Dans un debriefing dense , Pascal Cl\u00e9rotte livre une th\u00e8se aussi document\u00e9e que d\u00e9rangeante :<strong> la France aurait pos\u00e9, d\u00e8s 1972, les bases conceptuelles et pratiques <\/strong>d\u2019un \u00ab\u00a0<em>complexe industriel de la censure<\/em>\u00a0\u00bb, qui s\u2019appuit sur les ONG et contourne l\u2019esprit des d\u00e9mocraties lib\u00e9rales.<\/p>\n<p>Un diagnostic qui bouscule, document \u00e0 l\u2019appui, le regard habituel port\u00e9 sur les seules plateformes. \u00ab\u00a0<em>Nous ne pr\u00e9tendons pas d\u00e9tenir la v\u00e9rit\u00e9, mais nous proposons une analyse de faits av\u00e9r\u00e9s<\/em>\u00a0\u00bb, insiste Pascal Cl\u00e9rotte, coauteur avec Thomas Fazzi <a target=\"_blank\" href=\"https:\/\/static1.squarespace.com\/static\/660c4b59c109b8233a98392b\/t\/68b9a24b4567633632f00d81\/1756996171030\/TF+FRANCE+BIRTH+OF+CIC+-+FRENCH+CW+REPORT+%281%29.pdf\">d\u2019un rapport de 58 pages<\/a> publi\u00e9 par Civilization Works, avec le soutien de Michael Shellenberger. \u00ab\u00a0<em>Les Twitter Files ne sont, dans notre travail, que des \u00e9tudes de cas. Le syst\u00e8me pr\u00e9existe.<\/em>\u00a0\u00bb Ce mod\u00e8le a \u00e9t\u00e9 export\u00e9 puis d\u00e9multipli\u00e9 \u00e0 l\u2019\u00e8re num\u00e9rique par les \u00c9tats-Unis et, aujourd\u2019hui, instrumentalis\u00e9 \u00e0 l\u2019\u00e9chelle europ\u00e9enne.<\/p>\n<p><iframe style=\"left:0;position:absolute;top:0;\" width=\"100%\" height=\"100%\" frameborder=\"0\" allow=\"accelerometer; autoplay; encrypted-media; gyroscope; picture-in-picture\" allowfullscreen=\"true\" referrerpolicy=\"unsafe-url\" class=\"lazyload\" data-src=\"https:\/\/app.videas.fr\/embed\/media\/43d28657-ea0e-475b-ac94-89c62b46969f\/\"><\/iframe><\/p>\n<p>\u00a0<\/p>\n<h5><strong>1972: le point de bascule oubli\u00e9<\/strong><\/h5>\n<p>\u00ab\u00a0<em>En 1972, la France a donn\u00e9 aux ONG le pouvoir d\u2019initier des poursuites p\u00e9nales dans des affaires de libert\u00e9 d\u2019expression<\/em>\u00a0\u00bb, explique Cl\u00e9rotte, citant la loi Pleven, inspir\u00e9e de la Convention de l\u2019ONU sur l\u2019\u00e9limination des discriminations raciales. \u00ab\u00a0<em>C\u2019\u00e9tait une surtransposition\u00a0: la Convention ne pr\u00e9voyait pas de mesures sur la libert\u00e9 d\u2019expression, consid\u00e9rant \u00e0 juste titre que les discriminations sont des actes, pas des paroles<\/em>.\u00a0\u00bb \u00c0 ses yeux, ce point de bascule est majeur\u00a0: des associations \u00ab\u00a0<em>qui ne repr\u00e9sentent personne et certainement pas la soci\u00e9t\u00e9 tout enti\u00e8re<\/em>\u00a0\u00bb acqui\u00e8rent la capacit\u00e9 d\u2019enclencher l\u2019action publique, bouleversant l\u2019\u00e9quilibre voulu par le l\u00e9gislateur de la IIIe R\u00e9publique, qui avait \u00ab\u00a0<em>interdit de fait \u00e0 l\u2019\u00c9tat d\u2019initier des poursuites<\/em>\u00a0\u00bb en mati\u00e8re d\u2019injure et de diffamation.<\/p>\n<p class=\"text-align-center\"><a target=\"_blank\" href=\"https:\/\/static1.squarespace.com\/static\/660c4b59c109b8233a98392b\/t\/68b9a24b4567633632f00d81\/1756996171030\/TF+FRANCE+BIRTH+OF+CIC+-+FRENCH+CW+REPORT+%281%29.pdf\"><img decoding=\"async\" data-entity-uuid=\"a2779a9a-ee33-4e9f-8cf3-97fd3bb04d61\" data-entity-type=\"file\" alt=\"Le rapport\" width=\"483\" height=\"449\" loading=\"lazy\" class=\"lazyload\" src=\"https:\/\/www.francesoir.fr\/sites\/default\/files\/inline-images\/CW01%20Page%20de%20garde.png\"\/><\/a><\/p>\n<p>Cl\u00e9rotte souligne que l\u2019architecture fran\u00e7aise \u2014 \u00c9tat d\u2019un c\u00f4t\u00e9, soci\u00e9t\u00e9 civile subventionn\u00e9e de l\u2019autre \u2014 a ensuite servi de mod\u00e8le, au moins fonctionnel, \u00e0 des dispositifs observ\u00e9s aux \u00c9tats-Unis, au Br\u00e9sil et, plus r\u00e9cemment, dans l\u2019Union europ\u00e9enne. \u00ab\u00a0<em>L\u2019acteur absolument central est toujours l\u2019ONG, surtout lorsqu\u2019elle est financ\u00e9e par l\u2019\u00c9tat : elle permet \u00e0 l\u2019\u00c9tat de faire, de mani\u00e8re oblique, ce que la loi lui interdit de faire<\/em>.\u00a0\u00bb Un coup de billard \u00e0 plusieurs bandes.<\/p>\n<p>Si la loi Pleven n\u2019est v\u00e9ritablement activ\u00e9e qu\u2019au milieu des ann\u00e9es 1980, Cl\u00e9rotte y voit un tournant politique assum\u00e9. L\u2019ascension de SOS Racisme, \u00ab\u00a0<em>op\u00e9ration politique cr\u00e9\u00e9e \u00e0 l\u2019\u00c9lys\u00e9e<\/em>\u00a0\u00bb, co\u00efnciderait avec le \u00ab\u00a0<em>tournant de la rigueur<\/em>\u00a0\u00bb et la recomposition du paysage \u00e9lectoral. \u00ab\u00a0<em>On a vu une utilisation politique d\u00e9lib\u00e9r\u00e9e de ces ONG pour diaboliser, fracturer et verrouiller le d\u00e9bat<\/em>\u00a0\u00bb, dit-il, tout en rappelant l\u2019effet de siphonage \u00e0 droite par le Front national. Il en conclut que \u00ab\u00a0<em>la France est entr\u00e9e dans une crise d\u00e9mocratique dont elle ne s\u2019est jamais remise<\/em>\u00a0\u00bb.<\/p>\n<p class=\"text-align-center\"><img decoding=\"async\" data-entity-uuid=\"c017214a-eba0-45cc-8c5e-bd9ac37ccfae\" data-entity-type=\"file\" alt=\"Rapport \" width=\"747\" height=\"259\" loading=\"lazy\" class=\"lazyload\" src=\"https:\/\/www.francesoir.fr\/sites\/default\/files\/inline-images\/CW05%20conclusion%20sur%20l%27enquete.png\"\/><\/p>\n<h5><strong>Des radios libres \u00e0 la centralisation m\u00e9diatique<\/strong><\/h5>\n<p>La lib\u00e9ralisation des m\u00e9dias dans les ann\u00e9es 1980-1990 n\u2019a, selon lui, pas tenu ses promesses. \u00ab\u00a0<em>On a tr\u00e8s vite vu d\u00e9barquer des grands groupes et la centralisation \u00e0 Paris de l\u2019information<\/em>.\u00a0\u00bb Mais le <strong>v\u00e9ritable choc viendra du web 2.0<\/strong>, des blogs, puis des r\u00e9seaux sociaux (2005). \u00ab\u00a0<em>\u00c0 partir de l\u00e0, l\u2019establishment a paniqu\u00e9. N\u2019arrivant plus \u00e0 contr\u00f4ler la formation de l\u2019opinion, il n\u2019a eu pour r\u00e9flexe que la censure<\/em>.\u00a0\u00bb<\/p>\n<p>Dans ce continuum, 2016 serait l\u2019ann\u00e9e pivot : la cr\u00e9ation par l\u2019administration Obama du Global Engagement Center (GEC), officiellement d\u00e9di\u00e9 \u00e0 la d\u00e9sinformation \u00e9trang\u00e8re, aurait, dit-il, \u00ab\u00a0<em>servi d\u2019officine de censure<\/em>\u00a0\u00bb visant le public am\u00e9ricain en pleine vague Trump\/Brexit. Cl\u00e9rotte \u00e9tablit un parall\u00e8le avec l\u2019Europe : \u00ab\u00a0<em>L\u2019administration Biden a pouss\u00e9 pour le DSA \u2014 en r\u00e9alit\u00e9 d\u00e8s Obama \u2014 afin de sous-traiter \u00e0 l\u2019Europe une censure inconstitutionnelle aux \u00c9tats-Unis en contournant le Premier amendement<\/em>.\u00a0\u00bb<\/p>\n<p>Le rapport, qui s\u2019appuie sur l\u2019acc\u00e8s \u00e0 des communications internes de Twitter\/X et sur \u00ab\u00a0<em>pr\u00e8s d\u2019une centaine de sources<\/em>\u00a0\u00bb, traite les Twitter Files comme une \u00ab\u00a0<em>\u00e9tude de cas<\/em>\u00a0\u00bb plus que comme une fin en soi. \u00ab\u00a0<em>Emmanuel Macron cherchant \u00e0 obtenir le num\u00e9ro de Jack Dorsey est une anecdote. Le pr\u00e9sident n\u2019est que l\u2019aboutissement d\u2019un syst\u00e8me pr\u00e9existant<\/em>.\u00a0\u00bb Cl\u00e9rotte replace le virage de la censure en ligne \u00ab\u00a0<em>\u00e0 partir de 2012\u201d, pointant au passage la demande en 2013 d\u2019une \u201ccensure pr\u00e9alable<\/em>\u00a0\u00bb sur Twitter par une ministre de l\u2019\u00e9poque. \u00ab\u00a0<em>La censure pr\u00e9alable est strictement interdite en France : le seul \u00e0 pouvoir ordonner un retrait est le juge<\/em>\u00a0\u00bb, mart\u00e8le-t-il.<\/p>\n<p>L\u2019\u00e9pisode Telegram pendant la campagne d\u2019Emmanuel Macron en 2017 est \u00e9voqu\u00e9 comme <strong>un cas d\u2019\u00e9cole des ambigu\u00eft\u00e9s technopolitiques<\/strong>. Cl\u00e9rotte met en garde contre une \u00ab\u00a0<em>architecture client-serveur<\/em>\u00a0\u00bb et un chiffrement propri\u00e9taire non audit\u00e9 : \u00ab\u00a0<em>C\u2019est tr\u00e8s bien pour des syst\u00e8mes priv\u00e9s, beaucoup moins pour une communication gouvernementale sensible<\/em>.\u00a0\u00bb Et d\u2019assumer le paradoxe : \u00ab\u00a0<em>Des gens qui crient \u2018Russie, Russie\u2019 pilotent une campagne depuis une application d\u2019origine russe<\/em>\u2026\u201d<\/p>\n<h5>\u00a0<\/h5>\n<h5><strong>Le regard am\u00e9ricain sur le rapport ?<\/strong><\/h5>\n<p>\u00ab\u00a0<em><u>Stup\u00e9faction<\/u><\/em>\u00a0\u00bb, r\u00e9sume Pascal Cl\u00e9rotte. \u00ab\u00a0<em>Ils nous disent : \u2018On a un tr\u00e8s gros probl\u00e8me avec les Europ\u00e9ens.\u2019 L\u2019effet de Bruxelles peut forcer une censure inconstitutionnelle aux \u00c9tats-Unis<\/em>.\u00a0\u00bb Il replace aussi le d\u00e9bat dans le contexte de la fermeture de l\u2019agence USAID sous l\u2019\u00e8re Trump, dont le budget (42 milliards de dollars) irrigua longtemps ONG et m\u00e9dias. \u00ab\u00a0L\u2019UE n\u2019a ni les moyens ni l\u2019infrastructure pour remplacer cela, m\u00eame si elle finance massivement des m\u00e9dias \u2018ind\u00e9pendants\u2019 dans les pays de l\u2019Est. Le complexe am\u00e9ricain n\u2019est plus aliment\u00e9 par des fonds publics f\u00e9d\u00e9raux, mais les grandes fondations restent actives \u2014 et contest\u00e9es.\u00a0\u00bb<\/p>\n<p>\u00a0<\/p>\n<h5><strong>Au c\u0153ur de sa th\u00e8se : couper les flux.<\/strong><\/h5>\n<p>\u00ab\u00a0<em>Si on veut que la censure s\u2019arr\u00eate, il y a un moyen simple : couper les fonds aux ONG militantes. Beaucoup ne sont pas \u2018non gouvernementales\u2019 : elles vivent de fonds publics nationaux, europ\u00e9ens ou internationaux<\/em>.\u00a0\u00bb Sans masquer les difficult\u00e9s pratiques : \u00ab\u00a0<em>La justice est prise au pi\u00e8ge. Un procureur qui re\u00e7oit un signalement Article 40 n\u2019a pas le choix d\u2019ouvrir une enqu\u00eate. Il faut revenir \u00e0 un processus judiciaire, refuser la censure automatique qui produit jusqu\u2019\u00e0 80% de faux positifs<\/em>.\u00a0\u00bb<\/p>\n<p>Pascal Cl\u00e9rotte s\u2019aligne sur une vision plus organique de la v\u00e9rit\u00e9 publique \u00e0 l\u2019\u00e8re des plateformes. \u00ab\u00a0<em>Sur X, on voit se d\u00e9rouler en direct le processus d\u2019\u00e9tablissement de la v\u00e9rit\u00e9, complexe, contradictoire. Les politiciens qui mentent sont d\u00e9bunk\u00e9s en quinze secondes<\/em>.\u00a0\u00bb<\/p>\n<p>Il cite l\u2019exemple du Covid: \u00ab\u00a0<em>La sagesse de la foule n\u2019est pas un mythe. Le consensus social s\u2019est \u00e9tabli : pour l\u2019\u00e9crasante majorit\u00e9, les vaccins ARNm n\u2019apportaient pas l\u2019int\u00e9r\u00eat promis.\u00a0\u00bb <\/em>Il met toutefois en garde contre la tentation de faire des autorit\u00e9s les arbitres de la v\u00e9rit\u00e9 :<em> \u00ab\u00a0En d\u00e9mocratie, personne ne la d\u00e9tient : elle s\u2019\u00e9tablit.<\/em>\u00a0\u00bb<\/p>\n<p>L\u2019Union europ\u00e9enne reste, \u00e0 ses yeux, un terrain critique. Il cite le contrat-cadre de 123,6 millions d\u2019euros de la Commission \u00e0 Havas, juste avant les europ\u00e9ennes de 2024, et alerte contre \u00ab\u00a0<em>Chat Control<\/em>\u00a0\u00bb, projet de balayage \u00e0 grande \u00e9chelle des communications chiffr\u00e9es pour lutter contre la p\u00e9dopornographie. \u00ab\u00a0<em>C\u2019est une horreur : scanner toutes les communications au niveau de l\u2019appareil, c\u2019est tuer l\u2019industrie num\u00e9rique europ\u00e9enne et pi\u00e9tiner la vie priv\u00e9e.<\/em>\u00a0\u00bb Les ONG seraient de nouveau dans la boucle des signalements, \u00ab\u00a0<em>sans l\u00e9gitimit\u00e9 d\u00e9mocratique<\/em>.\u00a0\u00bb<\/p>\n<p>Face aux \u00ab\u00a0<em>experts de plateauqui pillent<\/em>\u00a0\u00bb le rapport pour valider \u00ab\u00a0<em>des th\u00e9ories fumeuses<\/em>\u00a0\u00bb, Pascal Cl\u00e9rotte appelle \u00e0 la prudence : \u00ab\u00a0<em>M\u00e9fiez-vous de ceux qui le commentent sans l\u2019avoir lu. Nous, nous avons consult\u00e9 les communications internes, anonymis\u00e9 des e-mails, crois\u00e9 des sources<\/em>.\u00a0\u00bb Et de pr\u00e9ciser l\u2019intention : \u00ab\u00a0<em>Il n\u2019y a pas de finalit\u00e9 autre qu\u2019informer. Nous proposons une analyse fond\u00e9e sur des faits v\u00e9rifi\u00e9s. Ce n\u2019est pas la seule possible, c\u2019est la n\u00f4tre<\/em>.\u00a0\u00bb<\/p>\n<h5>\u00a0<\/h5>\n<h5><strong>Quelles suites ?<\/strong><\/h5>\n<p>\u00ab\u00a0<em>Nous allons continuer, probablement sur la censure par procuration via les ONG, et revenir sur l\u2019Union europ\u00e9enne<\/em>,\u00a0\u00bb indique-t-il, citant les travaux de Thomas Fazi sur le financement europ\u00e9en des m\u00e9dias.<\/p>\n<blockquote>\n<p>Le message aux lecteurs, enfin : \u00ab\u00a0<em>Informez-vous, lisez le rapport, faites-vous votre opinion. Et surtout, ne vous laissez pas censurer. \u00c0 partir du moment o\u00f9 ceux qui sont pay\u00e9s pour le faire n\u2019auront plus d\u2019argent, cette forme de censure s\u2019\u00e9teindra<\/em>.\u00a0\u00bb<\/p>\n<\/blockquote>\n<p>Au-del\u00e0 des Twitter Files, c\u2019est bien une bataille de structures \u2014 l\u00e9gales, financi\u00e8res, culturelles \u2014 que d\u00e9crit Pascal Cl\u00e9rotte. Une histoire longue o\u00f9 l\u2019ONG subventionn\u00e9e devient l\u2019outil qui permet \u00e0 l\u2019\u00c9tat d\u2019agir \u00ab\u00a0<em>l\u00e0 o\u00f9 la loi lui interdit de le faire<\/em>\u00a0\u00bb, et o\u00f9 l\u2019Europe, voulant prot\u00e9ger l\u2019espace informationnel, risque d\u2019en miner les fondements. Reste \u00e0 savoir si le lecteur, auquel Pascal Cl\u00e9rotte rend la parole, saisira le fil et en tirera, \u00e0 son tour, des cons\u00e9quences politiques. \u00ab\u00a0<em>L\u2019opinion ne se fabrique pas dans les studios : elle se forge au caf\u00e9, \u00e0 la messe, et d\u00e9sormais en ligne. C\u2019est l\u00e0 que la v\u00e9rit\u00e9 finit toujours par se frayer un chemin<\/em>.\u00a0\u00bb<\/p>\n<p><a target=\"_blank\" href=\"https:\/\/static1.squarespace.com\/static\/660c4b59c109b8233a98392b\/t\/68b9a24b4567633632f00d81\/1756996171030\/TF+FRANCE+BIRTH+OF+CIC+-+FRENCH+CW+REPORT+%281%29.pdf\"><img decoding=\"async\" data-entity-uuid=\"ad20d398-8b45-473d-860c-cf71b70b06c7\" data-entity-type=\"file\" alt=\"Table des mati\u00e8res\" width=\"514\" height=\"604\" loading=\"lazy\" class=\"lazyload\" src=\"https:\/\/www.francesoir.fr\/sites\/default\/files\/inline-images\/CW03%20Table%20des%20mati%C3%A8res.png\"\/><\/a><\/p>\n<p>Debriefing enregistr\u00e9 le 10 septembre 2025.<\/p>\n<\/div>\n<p><script>(function(d, s, id) {  var js, fjs = d.getElementsByTagName(s)[0];  if (d.getElementById(id)) return;  js = d.createElement(s); js.id = id;  js.src = \"\/\/connect.facebook.net\/fr_FR\/sdk.js#xfbml=1&version=v2.3\";  fjs.parentNode.insertBefore(js, fjs);}(document, \"script\", \"facebook-jssdk\"));<\/script><br \/>\n<br \/><br \/>\n<br \/><a href=\"https:\/\/www.francesoir.fr\/videos-les-debriefings\/la-france-matrice-d-un-complexe-industriel-de-la-censure-pascal-clerotte\" target=\"_blank\"\">Source link <\/a><\/p>\n","protected":false},"excerpt":{"rendered":"<p>Dans un debriefing dense , Pascal Cl\u00e9rotte livre une th\u00e8se aussi document\u00e9e que d\u00e9rangeante : la France aurait pos\u00e9, d\u00e8s 1972, les bases conceptuelles et pratiques d\u2019un \u00ab\u00a0complexe industriel de&hellip; <\/p>\n","protected":false},"author":1,"featured_media":0,"comment_status":"open","ping_status":"open","sticky":false,"template":"","format":"standard","meta":{"footnotes":""},"categories":[1],"tags":[],"class_list":["post-15671","post","type-post","status-publish","format-standard","hentry","category-non-classe"],"_links":{"self":[{"href":"https:\/\/monde25.info\/index.php\/wp-json\/wp\/v2\/posts\/15671","targetHints":{"allow":["GET"]}}],"collection":[{"href":"https:\/\/monde25.info\/index.php\/wp-json\/wp\/v2\/posts"}],"about":[{"href":"https:\/\/monde25.info\/index.php\/wp-json\/wp\/v2\/types\/post"}],"author":[{"embeddable":true,"href":"https:\/\/monde25.info\/index.php\/wp-json\/wp\/v2\/users\/1"}],"replies":[{"embeddable":true,"href":"https:\/\/monde25.info\/index.php\/wp-json\/wp\/v2\/comments?post=15671"}],"version-history":[{"count":0,"href":"https:\/\/monde25.info\/index.php\/wp-json\/wp\/v2\/posts\/15671\/revisions"}],"wp:attachment":[{"href":"https:\/\/monde25.info\/index.php\/wp-json\/wp\/v2\/media?parent=15671"}],"wp:term":[{"taxonomy":"category","embeddable":true,"href":"https:\/\/monde25.info\/index.php\/wp-json\/wp\/v2\/categories?post=15671"},{"taxonomy":"post_tag","embeddable":true,"href":"https:\/\/monde25.info\/index.php\/wp-json\/wp\/v2\/tags?post=15671"}],"curies":[{"name":"wp","href":"https:\/\/api.w.org\/{rel}","templated":true}]}}