{"id":15674,"date":"2025-09-11T18:52:45","date_gmt":"2025-09-11T16:52:45","guid":{"rendered":"https:\/\/monde25.info\/index.php\/2025\/09\/11\/bloquons-tout-a-montpellier-une-journee-de-maintien-de-lordre-a-la-dure\/"},"modified":"2025-09-11T18:52:45","modified_gmt":"2025-09-11T16:52:45","slug":"bloquons-tout-a-montpellier-une-journee-de-maintien-de-lordre-a-la-dure","status":"publish","type":"post","link":"https:\/\/monde25.info\/index.php\/2025\/09\/11\/bloquons-tout-a-montpellier-une-journee-de-maintien-de-lordre-a-la-dure\/","title":{"rendered":"\u00abBloquons tout\u00bb \u00e0 Montpellier: une journ\u00e9e de maintien de l\u2019ordre \u00e0 la dure"},"content":{"rendered":"<p> <br \/>\n<br \/>Au moins deux incidents graves se sont produits mercredi 10 septembre sans \u00eatre mentionn\u00e9s par le pr\u00e9fet de l\u2019H\u00e9rault dans son bilan. Un jeune manifestant atteint par le jet d\u2019un canon \u00e0 eau souffre d\u2019un traumatisme cr\u00e2nien, tandis qu\u2019un journaliste a \u00e9t\u00e9 violent\u00e9 et emp\u00each\u00e9 de travailler.<br \/>\n<br \/><br \/>\n<br \/><a href=\"https:\/\/www.mediapart.fr\/journal\/france\/110925\/bloquons-tout-montpellier-une-journee-de-maintien-de-l-ordre-la-dure\" target=\"_blank\"\">Source link <\/a><\/p>\n","protected":false},"excerpt":{"rendered":"<p>Au moins deux incidents graves se sont produits mercredi 10 septembre sans \u00eatre mentionn\u00e9s par le pr\u00e9fet de l\u2019H\u00e9rault dans son bilan. Un jeune manifestant atteint par le jet d\u2019un&hellip; <\/p>\n","protected":false},"author":1,"featured_media":15675,"comment_status":"open","ping_status":"open","sticky":false,"template":"","format":"standard","meta":{"footnotes":""},"categories":[1],"tags":[],"class_list":["post-15674","post","type-post","status-publish","format-standard","has-post-thumbnail","hentry","category-non-classe"],"_links":{"self":[{"href":"https:\/\/monde25.info\/index.php\/wp-json\/wp\/v2\/posts\/15674","targetHints":{"allow":["GET"]}}],"collection":[{"href":"https:\/\/monde25.info\/index.php\/wp-json\/wp\/v2\/posts"}],"about":[{"href":"https:\/\/monde25.info\/index.php\/wp-json\/wp\/v2\/types\/post"}],"author":[{"embeddable":true,"href":"https:\/\/monde25.info\/index.php\/wp-json\/wp\/v2\/users\/1"}],"replies":[{"embeddable":true,"href":"https:\/\/monde25.info\/index.php\/wp-json\/wp\/v2\/comments?post=15674"}],"version-history":[{"count":0,"href":"https:\/\/monde25.info\/index.php\/wp-json\/wp\/v2\/posts\/15674\/revisions"}],"wp:featuredmedia":[{"embeddable":true,"href":"https:\/\/monde25.info\/index.php\/wp-json\/wp\/v2\/media\/15675"}],"wp:attachment":[{"href":"https:\/\/monde25.info\/index.php\/wp-json\/wp\/v2\/media?parent=15674"}],"wp:term":[{"taxonomy":"category","embeddable":true,"href":"https:\/\/monde25.info\/index.php\/wp-json\/wp\/v2\/categories?post=15674"},{"taxonomy":"post_tag","embeddable":true,"href":"https:\/\/monde25.info\/index.php\/wp-json\/wp\/v2\/tags?post=15674"}],"curies":[{"name":"wp","href":"https:\/\/api.w.org\/{rel}","templated":true}]}}