{"id":15680,"date":"2025-09-11T20:32:17","date_gmt":"2025-09-11T18:32:17","guid":{"rendered":"https:\/\/monde25.info\/index.php\/2025\/09\/11\/qatar-la-coupe-de-trop-par-akram-belkaid-le-monde-diplomatique-novembre-2022\/"},"modified":"2025-09-11T20:32:17","modified_gmt":"2025-09-11T18:32:17","slug":"qatar-la-coupe-de-trop-par-akram-belkaid-le-monde-diplomatique-novembre-2022","status":"publish","type":"post","link":"https:\/\/monde25.info\/index.php\/2025\/09\/11\/qatar-la-coupe-de-trop-par-akram-belkaid-le-monde-diplomatique-novembre-2022\/","title":{"rendered":"Qatar, la coupe de trop, par Akram Belka\u00efd (Le Monde diplomatique, novembre 2022)"},"content":{"rendered":"<p> <br \/>\n<\/p>\n<div couleurfade=\"e5ecef\" couleurclaire=\"d5ecf5\" couleurpale=\"a6dbf1\" couleurmi=\"2581a6\" couleurfoncee=\"1a617e\" couleursombre=\"092029\" couleurfond=\"4c5b61\" couleurtexte=\"ffffff\">\n<div class=\"enapercu\">\n<figure class=\"spip_document_30603 spip_documents spip_documents_center xl\" style=\"width:890px;\">\n<div class=\"limage\">\n<p>\t\t\t<img loading=\"lazy\" decoding=\"async\" src=\"https:\/\/www.monde-diplomatique.fr\/\/local\/cache-vignettes\/L890xH589\/img028-54-b42cf.jpg?1666890839\" width=\"890\" height=\"589\" class=\"spip_logos\" alt=\"JPEG - 103.7\u00a0ko\"\/><\/p><\/div><figcaption>\n<p>Alberto Zamboni. \u2013 \u00ab<small class=\"fine\">\u00a0<\/small>Old Football<small class=\"fine\">\u00a0<\/small>\u00bb (Vieux football), 2019<\/p>\n<p>\u00a9 Alberto Zamboni &#8211; Galleria Stefano Forni, Bologne\n<\/p>\n<\/figcaption><\/figure>\n<p><span class=\"mot-lettrine\"><span class=\"lettrine\">L<\/span>e<\/span> 2\u00a0d\u00e9cembre\u00a02010, \u00e0 Zurich, un vote du comit\u00e9 ex\u00e9cutif de la F\u00e9d\u00e9ration internationale de football association (FIFA) d\u00e9signe le Qatar pour organiser la Coupe du monde de\u00a02022. \u00c0 Doha, la capitale de l\u2019\u00e9mirat, c\u2019est une explosion de joie. Les sir\u00e8nes des navires retentissent dans le port, les klaxons des berlines rutilantes qui longent la corniche leur font \u00e9cho et les m\u00e9dias locaux c\u00e9l\u00e8brent en boucle une reconnaissance internationale consacrant l\u2019entr\u00e9e du pays dans la cour des grands. L\u2019\u00e9mir Hamad Ben Khalifa Al-Thani, p\u00e8re de l\u2019actuel souverain, qui lui a succ\u00e9d\u00e9 en\u00a02013, exulte. Son royaume est d\u00e9sormais connu de la plan\u00e8te enti\u00e8re.<\/p>\n<p>Aussit\u00f4t, les critiques pleuvent de partout. C\u00f4t\u00e9 sportif, on d\u00e9nonce l\u2019aberration d\u2019organiser une Coupe du monde dans un pays d\u00e9sertique et caniculaire, o\u00f9 il n\u2019existe aucune passion pour le football. Dans le m\u00eame temps, les \u00c9tats-Unis, battus par quatorze bulletins contre huit lors du vote de la FIFA \u2014 alors qu\u2019ils \u00e9taient persuad\u00e9s de l\u2019emporter\u00a0\u2014, crient \u00e0 la corruption et \u00e0 l\u2019achat de voix. Sur le plan politique, des organisations non gouvernementales (ONG) alertent sur le caract\u00e8re autoritaire de cette opulente gazomonarchie o\u00f9 les partis politiques et les syndicats sont interdits. Dans son rapport annuel sur la situation des droits humains au Qatar (19\u00a0mars\u00a02011), Amnesty International \u00e9crit\u00a0: <i>\u00ab<small class=\"fine\">\u00a0<\/small>Les femmes sont victimes de discrimination et de violences. Les travailleurs migrants sont exploit\u00e9s, maltrait\u00e9s et insuffisamment prot\u00e9g\u00e9s par la loi. Des centaines de personnes continuent d\u2019\u00eatre arbitrairement priv\u00e9es de leur nationalit\u00e9. Des peines de flagellation ont \u00e9t\u00e9 prononc\u00e9es. Des condamnations \u00e0 mort ont continu\u00e9 d\u2019\u00eatre prononc\u00e9es, bien qu\u2019aucune ex\u00e9cution n\u2019ait eu lieu.<small class=\"fine\">\u00a0<\/small>\u00bb<\/i> Tout est d\u00e9j\u00e0 dit ou presque.<\/p>\n<p>Durant les douze ann\u00e9es qui suivent, le feuilleton Qatar\u00a02022 se trouve aliment\u00e9 en permanence\u00a0: enqu\u00eates judiciaires, aux \u00c9tats-Unis mais aussi en France, sur le vote tr\u00e8s controvers\u00e9 de la FIFA et la pr\u00e9varication de plusieurs de ses dirigeants<small class=\"fine\">\u00a0<\/small>;\u00a0(&#8230;)<\/p>\n<\/p><\/div>\n<p>Taille de l\u2019article complet\u00a0:\u00a0<span>1\u00a0881<\/span>\u00a0mots.<\/p>\n<div class=\"promo_dispo_article\">\n<h2 class=\"avantbloc\">\n\tCet article est r\u00e9serv\u00e9 aux\u00a0abonn\u00e9s<br \/>\n\t <br \/>\u00e0 notre offre\u00a0d&rsquo;archives<br \/>\n<\/h2>\n<div class=\"abo_inst\">\n\t<strong>Lyc\u00e9es, biblioth\u00e8ques, administrations, entreprises,<\/strong><br \/>\n\tacc\u00e9dez \u00e0 la base de donn\u00e9es en ligne de tous les articles du <i>Monde diplomatique<\/i> de 1954 \u00e0 nos\u00a0jours.<br \/>\n\t<a target=\"_blank\" id=\"pw-institutions\" class=\"suivi\" href=\"https:\/\/www.monde-diplomatique.fr\/archives\/institutions\">Retrouvez cette\u00a0offre sp\u00e9cifique<\/a>.\n<\/div>\n<\/div><\/div>\n<p><br \/>\n<br \/><a href=\"https:\/\/www.monde-diplomatique.fr\/2022\/11\/BELKAID\/65226\" target=\"_blank\"\">Source link <\/a><\/p>\n","protected":false},"excerpt":{"rendered":"<p>Alberto Zamboni. \u2013 \u00ab\u00a0Old Football\u00a0\u00bb (Vieux football), 2019 \u00a9 Alberto Zamboni &#8211; Galleria Stefano Forni, Bologne Le 2\u00a0d\u00e9cembre\u00a02010, \u00e0 Zurich, un vote du comit\u00e9 ex\u00e9cutif de la F\u00e9d\u00e9ration internationale de&hellip; <\/p>\n","protected":false},"author":1,"featured_media":15681,"comment_status":"open","ping_status":"open","sticky":false,"template":"","format":"standard","meta":{"footnotes":""},"categories":[1],"tags":[],"class_list":["post-15680","post","type-post","status-publish","format-standard","has-post-thumbnail","hentry","category-non-classe"],"_links":{"self":[{"href":"https:\/\/monde25.info\/index.php\/wp-json\/wp\/v2\/posts\/15680","targetHints":{"allow":["GET"]}}],"collection":[{"href":"https:\/\/monde25.info\/index.php\/wp-json\/wp\/v2\/posts"}],"about":[{"href":"https:\/\/monde25.info\/index.php\/wp-json\/wp\/v2\/types\/post"}],"author":[{"embeddable":true,"href":"https:\/\/monde25.info\/index.php\/wp-json\/wp\/v2\/users\/1"}],"replies":[{"embeddable":true,"href":"https:\/\/monde25.info\/index.php\/wp-json\/wp\/v2\/comments?post=15680"}],"version-history":[{"count":0,"href":"https:\/\/monde25.info\/index.php\/wp-json\/wp\/v2\/posts\/15680\/revisions"}],"wp:featuredmedia":[{"embeddable":true,"href":"https:\/\/monde25.info\/index.php\/wp-json\/wp\/v2\/media\/15681"}],"wp:attachment":[{"href":"https:\/\/monde25.info\/index.php\/wp-json\/wp\/v2\/media?parent=15680"}],"wp:term":[{"taxonomy":"category","embeddable":true,"href":"https:\/\/monde25.info\/index.php\/wp-json\/wp\/v2\/categories?post=15680"},{"taxonomy":"post_tag","embeddable":true,"href":"https:\/\/monde25.info\/index.php\/wp-json\/wp\/v2\/tags?post=15680"}],"curies":[{"name":"wp","href":"https:\/\/api.w.org\/{rel}","templated":true}]}}