{"id":15682,"date":"2025-09-11T21:05:47","date_gmt":"2025-09-11T19:05:47","guid":{"rendered":"https:\/\/monde25.info\/index.php\/2025\/09\/11\/juste-avant-de-partir-francois-bayrou-a-enchaine-les-decisions-anti-ecologiques\/"},"modified":"2025-09-11T21:05:47","modified_gmt":"2025-09-11T19:05:47","slug":"juste-avant-de-partir-francois-bayrou-a-enchaine-les-decisions-anti-ecologiques","status":"publish","type":"post","link":"https:\/\/monde25.info\/index.php\/2025\/09\/11\/juste-avant-de-partir-francois-bayrou-a-enchaine-les-decisions-anti-ecologiques\/","title":{"rendered":"Juste avant de partir, Fran\u00e7ois Bayrou a encha\u00een\u00e9 les d\u00e9cisions anti-\u00e9cologiques"},"content":{"rendered":"<p> <br \/>\n<br \/><img loading=\"lazy\" decoding=\"async\" src=\"https:\/\/reporterre.net\/local\/cache-vignettes\/L700xH467\/54763600722_b249ce3b0a_o_1_1_-7e303.jpg?1757603459\" class=\"spip_logo\" width=\"700\" height=\"467\" alt=\"\" \/><\/p>\n<p>Pendant ses derniers jours \u00e0 Matignon, Fran\u00e7ois Bayrou a valid\u00e9 une s\u00e9rie de d\u00e9crets aux lourdes cons\u00e9quences pour la biodiversit\u00e9 et la sant\u00e9, a r\u00e9v\u00e9l\u00e9 Mediapart, le 10\u00a0septembre. <br class=\"autobr\" \/><br \/>\nLa veille, un d\u00e9cret a consid\u00e9rablement r\u00e9duit la port\u00e9e de la loi vot\u00e9e en f\u00e9vrier sur les <span class=\"caps\">PFAS<\/span>, aussi surnomm\u00e9s \u00ab<small class=\"fine d-inline\">\u00a0<\/small>polluants \u00e9ternels<small class=\"fine d-inline\">\u00a0<\/small>\u00bb. Le texte sign\u00e9 par la ministre de la Transition \u00e9cologique d\u00e9missionnaire, Agn\u00e8s Pannier-Runacher, \u00ab<small class=\"fine d-inline\">\u00a0<\/small>ne retient qu&rsquo;un nombre limit\u00e9<small class=\"fine d-inline\">\u00a0<\/small>\u00bb de substances, avance Mediapart, en\u00a0(\u2026)<\/p>\n<p>                    <a target=\"_blank\" href=\"https:\/\/reporterre.net\/Juste-avant-de-partir-Francois-Bayrou-a-enchaine-les-decisions-anti-ecologiques?utm_source=RSS&amp;utm_medium=RSS\">Lire la suite<\/a><\/p>\n<p>                    &#8211;<br \/>\n                        <a target=\"_blank\" href=\"https:\/\/reporterre.net\/Breves-20\" rel=\"directory\">En bref<\/a><\/p>\n<p>                    \/<br \/>\n                        <a target=\"_blank\" href=\"https:\/\/reporterre.net\/Politique\" rel=\"tag\">Politique<\/a><br \/>\n<br \/><br \/>\n<br \/><a href=\"https:\/\/reporterre.net\/Juste-avant-de-partir-Francois-Bayrou-a-enchaine-les-decisions-anti-ecologiques\" target=\"_blank\"\">Source link <\/a><\/p>\n","protected":false},"excerpt":{"rendered":"<p>Pendant ses derniers jours \u00e0 Matignon, Fran\u00e7ois Bayrou a valid\u00e9 une s\u00e9rie de d\u00e9crets aux lourdes cons\u00e9quences pour la biodiversit\u00e9 et la sant\u00e9, a r\u00e9v\u00e9l\u00e9 Mediapart, le 10\u00a0septembre. La veille,&hellip; <\/p>\n","protected":false},"author":1,"featured_media":0,"comment_status":"open","ping_status":"open","sticky":false,"template":"","format":"standard","meta":{"footnotes":""},"categories":[1],"tags":[],"class_list":["post-15682","post","type-post","status-publish","format-standard","hentry","category-non-classe"],"_links":{"self":[{"href":"https:\/\/monde25.info\/index.php\/wp-json\/wp\/v2\/posts\/15682","targetHints":{"allow":["GET"]}}],"collection":[{"href":"https:\/\/monde25.info\/index.php\/wp-json\/wp\/v2\/posts"}],"about":[{"href":"https:\/\/monde25.info\/index.php\/wp-json\/wp\/v2\/types\/post"}],"author":[{"embeddable":true,"href":"https:\/\/monde25.info\/index.php\/wp-json\/wp\/v2\/users\/1"}],"replies":[{"embeddable":true,"href":"https:\/\/monde25.info\/index.php\/wp-json\/wp\/v2\/comments?post=15682"}],"version-history":[{"count":0,"href":"https:\/\/monde25.info\/index.php\/wp-json\/wp\/v2\/posts\/15682\/revisions"}],"wp:attachment":[{"href":"https:\/\/monde25.info\/index.php\/wp-json\/wp\/v2\/media?parent=15682"}],"wp:term":[{"taxonomy":"category","embeddable":true,"href":"https:\/\/monde25.info\/index.php\/wp-json\/wp\/v2\/categories?post=15682"},{"taxonomy":"post_tag","embeddable":true,"href":"https:\/\/monde25.info\/index.php\/wp-json\/wp\/v2\/tags?post=15682"}],"curies":[{"name":"wp","href":"https:\/\/api.w.org\/{rel}","templated":true}]}}