{"id":15683,"date":"2025-09-11T21:39:05","date_gmt":"2025-09-11T19:39:05","guid":{"rendered":"https:\/\/monde25.info\/index.php\/2025\/09\/11\/dmitri-medvedev-rouvre-le-dossier-de-la-grande-finlande-et-des-crimes-racistes-en-carelie\/"},"modified":"2025-09-11T21:39:05","modified_gmt":"2025-09-11T19:39:05","slug":"dmitri-medvedev-rouvre-le-dossier-de-la-grande-finlande-et-des-crimes-racistes-en-carelie","status":"publish","type":"post","link":"https:\/\/monde25.info\/index.php\/2025\/09\/11\/dmitri-medvedev-rouvre-le-dossier-de-la-grande-finlande-et-des-crimes-racistes-en-carelie\/","title":{"rendered":"Dmitri Medvedev rouvre le dossier de la \u00ab Grande Finlande \u00bb et des crimes racistes en Car\u00e9lie"},"content":{"rendered":"<p> <br \/>\n<\/p>\n<div>\n<div align=\"center\"><img loading=\"lazy\" decoding=\"async\" src=\"https:\/\/www.voltairenet.org\/local\/cache-vignettes\/L535xH334\/400_-_1_2_-261-ea2c4.jpg?1757593404\" class=\"spip_logo\" width=\"535\" height=\"334\" alt=\"\"\/><\/div>\n<p>L\u2019agence Tass a publi\u00e9, le 8 septembre, un long article de Dmitri Medvedev, vice-pr\u00e9sident du conseil de S\u00e9curit\u00e9 de Russie, sous le titre<i> The New Finnish Doctrine\u00a0: Stupidity, Lies, Ingratitude<\/i> (La nouvelle doctrine finlandaise\u00a0: stupidit\u00e9, mensonges et ingratitude)<span class=\"spip_note_ref\">\u00a0[<a target=\"_blank\" href=\"#nb1\" class=\"spip_note\" rel=\"appendix\" title=\"\u00ab The New Finnish Doctrine : Stupidity, Lies, Ingratitude \u00bb, Dmitri\u00a0(\u2026)\" id=\"nh1\">1<\/a>]<\/span>. Il y pr\u00e9sente les conclusions de ses recherches dans les archives nationales sur l\u2019occupation de la Car\u00e9lie par la Finlande durant la Seconde Guerre mondiale.<\/p>\n<p>Bien que cet article ne comprenne aucune allusion \u00e0 l\u2019actualit\u00e9 imm\u00e9diate, il pourrait s\u2019agir d\u2019une r\u00e9ponse \u00e0 la participation du pr\u00e9sident finlandais, le tr\u00e8s atlantiste Alexander Stubb, \u00e0 la d\u00e9l\u00e9gation de la coalition des volontaires pour l\u2019Ukraine qui s\u2019est rendue \u00e0 la Maison-Blanche.<\/p>\n<p>\u261e Depuis une vingtaine d\u2019ann\u00e9es, de nombreux Finlandais esp\u00e8rent la restitution de la Car\u00e9lie devenue sovi\u00e9tique \u00e0 l\u2019issue de la Seconde Guerre mondiale. C\u2019est oublier (1) l\u2019offre faite par la Finlande \u00e0 l\u2019Allemagne nazie d\u2019\u00e9touffer L\u00e9ningrad (aujourd\u2019hui\u00a0: Saint-P\u00e9tersbourg) en bloquant l\u2019acc\u00e8s des Slaves au golfe de Finlande, conflit qui suscita la Guerre d\u2019Hiver (1939-1940)\u00a0; (2) la tentative de cr\u00e9er la \u00ab\u00a0Grande Finlande\u00a0\u00bb, conflit qui suscita la \u00ab\u00a0Guerre de continuation\u00a0\u00bb (1941-1944).<\/p>\n<div class=\"spip_document_250109 spip_document spip_documents spip_document_image spip_documents_right spip_document_right\">\n<figure class=\"spip_doc_inner\">\n<img loading=\"lazy\" decoding=\"async\" src=\"https:\/\/www.voltairenet.org\/local\/cache-vignettes\/L318xH447\/capture_d_e_cran_2025-09-11_a_17.20_18-1c32c.png?1757594246\" width=\"318\" height=\"447\" alt=\"\"\/><br \/>\n<\/figure>\n<\/div>\n<p>Les \u00e9v\u00e8nements rapport\u00e9s par Dmitri Medvedev se d\u00e9roul\u00e8rent pendant cette seconde p\u00e9riode. Ils sont g\u00e9n\u00e9ralement ignor\u00e9s des historiens ouest-europ\u00e9ens. La Finlande partageait les conceptions racistes des nazis, mais ne consid\u00e9rait pas la pr\u00e9sence de quelques juifs comme un probl\u00e8me. Elle les a donc incorpor\u00e9s dans ses forces arm\u00e9es pour an\u00e9antir les Slaves. Elle a particip\u00e9 au si\u00e8ge de L\u00e9ningrad, mettant ses a\u00e9roports au service de la Luftwaffe et coupant les liaisons ferroviaires. Les fascistes finlandais ont organis\u00e9 un vaste r\u00e9seau de camps de concentration et ont intern\u00e9 un dixi\u00e8me des habitants de Car\u00e9lie assassinant un grand nombre d\u2019entre eux.<\/p>\n<p>Le bataillon des volontaires finnois de la SS a \u00e9t\u00e9 incorpor\u00e9 \u00e0 la division Viking. Il s\u2019est battu en Ukraine, dans le Donbass.<\/p>\n<p>\u00c0 la Lib\u00e9ration, les Alli\u00e9s ont autoris\u00e9 l\u2019URSS \u00e0 annexer la Car\u00e9lie, mais celle-ci n\u2019a pas poursuivi les dirigeants finnois, se contentant de les d\u00e9porter. Le projet de Grande Finlande n\u2019a r\u00e9apparu qu\u2019en 2008, lors de la guerre d\u2019Oss\u00e9tie du Sud.<\/p>\n<p>En 2019, une commission d\u2019historiens a conduit des recherches dans les Archives nationales pour \u00e9tablir le r\u00f4le des SS finlandais<span class=\"spip_note_ref\">\u00a0[<a target=\"_blank\" href=\"#nb2\" class=\"spip_note\" rel=\"appendix\" title=\"Suomalaiset SS-VAPAAEHTOISET ja v\u00e4kivaltaisuudet 1941\u20131943, Lars Westerlund,\u00a0(\u2026)\" id=\"nh2\">2<\/a>]<\/span>. Le ministre de la D\u00e9fense de l\u2019\u00e9poque, l\u2019historien militaire Jussi Niinist\u00f6 (extr\u00eame droite, les Vrais Finlandais) prit alors la d\u00e9fense des SS finlandais et de la \u00ab\u00a0Grande Finlande\u00a0\u00bb.<\/p>\n<blockquote class=\"spip\">\n<p>Cet article est extrait du num\u00e9ro 142 de \u00ab\u00a0Voltaire, actualit\u00e9 internationale\u00a0\u00bb. Le monde change vite. <a target=\"_blank\" href=\"https:\/\/buy.stripe.com\/7sI16i222cRI4UgcN9\" class=\"spip_out\" rel=\"external\">Abonnez-vous<\/a> \u00e0 notre lettre confidentielle hebdomadaire\u00a0; une source exceptionnelle d\u2019information sur la transition vers un monde multipolaire.<\/p>\n<\/blockquote>\n<\/div>\n<p><br \/>\n<br \/><a href=\"https:\/\/www.voltairenet.org\/article222766.html\" target=\"_blank\"\">Source link <\/a><\/p>\n","protected":false},"excerpt":{"rendered":"<p>L\u2019agence Tass a publi\u00e9, le 8 septembre, un long article de Dmitri Medvedev, vice-pr\u00e9sident du conseil de S\u00e9curit\u00e9 de Russie, sous le titre The New Finnish Doctrine\u00a0: Stupidity, Lies, Ingratitude&hellip; <\/p>\n","protected":false},"author":1,"featured_media":15684,"comment_status":"open","ping_status":"open","sticky":false,"template":"","format":"standard","meta":{"footnotes":""},"categories":[1],"tags":[],"class_list":["post-15683","post","type-post","status-publish","format-standard","has-post-thumbnail","hentry","category-non-classe"],"_links":{"self":[{"href":"https:\/\/monde25.info\/index.php\/wp-json\/wp\/v2\/posts\/15683","targetHints":{"allow":["GET"]}}],"collection":[{"href":"https:\/\/monde25.info\/index.php\/wp-json\/wp\/v2\/posts"}],"about":[{"href":"https:\/\/monde25.info\/index.php\/wp-json\/wp\/v2\/types\/post"}],"author":[{"embeddable":true,"href":"https:\/\/monde25.info\/index.php\/wp-json\/wp\/v2\/users\/1"}],"replies":[{"embeddable":true,"href":"https:\/\/monde25.info\/index.php\/wp-json\/wp\/v2\/comments?post=15683"}],"version-history":[{"count":0,"href":"https:\/\/monde25.info\/index.php\/wp-json\/wp\/v2\/posts\/15683\/revisions"}],"wp:featuredmedia":[{"embeddable":true,"href":"https:\/\/monde25.info\/index.php\/wp-json\/wp\/v2\/media\/15684"}],"wp:attachment":[{"href":"https:\/\/monde25.info\/index.php\/wp-json\/wp\/v2\/media?parent=15683"}],"wp:term":[{"taxonomy":"category","embeddable":true,"href":"https:\/\/monde25.info\/index.php\/wp-json\/wp\/v2\/categories?post=15683"},{"taxonomy":"post_tag","embeddable":true,"href":"https:\/\/monde25.info\/index.php\/wp-json\/wp\/v2\/tags?post=15683"}],"curies":[{"name":"wp","href":"https:\/\/api.w.org\/{rel}","templated":true}]}}