{"id":15685,"date":"2025-09-11T22:12:00","date_gmt":"2025-09-11T20:12:00","guid":{"rendered":"https:\/\/monde25.info\/index.php\/2025\/09\/11\/socialistes-anarchistes-feministes-par-ernest-london-le-monde-diplomatique-novembre-2022\/"},"modified":"2025-09-11T22:12:00","modified_gmt":"2025-09-11T20:12:00","slug":"socialistes-anarchistes-feministes-par-ernest-london-le-monde-diplomatique-novembre-2022","status":"publish","type":"post","link":"https:\/\/monde25.info\/index.php\/2025\/09\/11\/socialistes-anarchistes-feministes-par-ernest-london-le-monde-diplomatique-novembre-2022\/","title":{"rendered":"Socialistes, anarchistes, f\u00e9ministes, par Ernest London (Le Monde diplomatique, novembre 2022)"},"content":{"rendered":"<p> <br \/>\n<\/p>\n<div couleurfade=\"fbe5e6\" couleurclaire=\"fecccd\" couleurpale=\"f4a3a6\" couleurmi=\"ca0106\" couleurfoncee=\"890f12\" couleursombre=\"320001\" couleurfond=\"794c4d\" couleurtexte=\"ffffff\">\n<figure class=\"spip_document_30525 spip_documents spip_documents_right\" style=\"float:right; width:200px;\">\n<div class=\"limage\">\n<p>            <img loading=\"lazy\" decoding=\"async\" src=\"https:\/\/www.monde-diplomatique.fr\/\/local\/cache-vignettes\/L200xH308\/vivre-ma-vie-poche---couv-d92e0.jpg?1666781380\" width=\"200\" alt=\"\" height=\"308\"\/><\/p><\/div>\n<\/figure>\n<p><span class=\"mot-lettrine\"><span class=\"lettrine\">E<\/span>lle<\/span> fut une combattante indomptable. Emma Goldman (1869-1940), n\u00e9e en Russie, \u00e9migre aux \u00c9tats-Unis en 1885, obtient la nationalit\u00e9 am\u00e9ricaine en 1887, la perd deux ans apr\u00e8s \u2014 \u00ab<small class=\"fine\">\u00a0<\/small>d\u00e9naturalisation politique<small class=\"fine\">\u00a0<\/small>\u00bb. Elle rejoint, en 1917, la Russie pour d\u00e9couvrir <i>\u00ab<small class=\"fine\">\u00a0<\/small>l\u2019\u00c9tat communiste en action<small class=\"fine\">\u00a0<\/small>\u00bb,<\/i> puis la quitte en 1921, ne pouvant plus cautionner le <i>\u00ab<small class=\"fine\">\u00a0<\/small>mythe bolchevique<small class=\"fine\">\u00a0<\/small>\u00bb.<\/i> Son autobiographie, publi\u00e9e \u00e0 New York en deux volumes (1931, 1934), est aussi riche que le fut son existence<span class=\"spip_note_ref\">\u00a0(<a target=\"_blank\" href=\"http:\/\/www.monde-diplomatique.fr\/2022\/11\/LONDON\/65244#nb1\" class=\"spip_note\" rel=\"appendix\" title=\"Emma Goldman, Vivre ma vie, L\u2019\u00c9chapp\u00e9e, Paris, 2022, 1\u00a0128 pages, 19,90\u00a0euros.\u00a0(...)\" id=\"nh1\">1<\/a>)<\/span>. De l\u2019ex\u00e9cution, le 11\u00a0novembre\u00a01887 (qu\u2019on appellera le <i>Black Friday<\/i>), d\u2019anarchistes syndicalistes \u00e0 Chicago, \u00e0 la condamnation d\u2019Alexandre Berkman, son compagnon et ami, pour la tentative d\u2019assassinat d\u2019un directeur d\u2019usine commanditaire d\u2019une violente r\u00e9pression des gr\u00e9vistes, elle t\u00e9moigne de tout un pan de l\u2019histoire populaire des \u00c9tats-Unis, mais offre aussi une contribution de premi\u00e8re main \u00e0 l\u2019histoire de l\u2019anarchisme\u00a0: elle a rencontr\u00e9 Errico Malatesta, Louise Michel, Pierre Kropotkine et Nestor Makhno, entre autres\u2026 Pendant plus de dix ans, elle aura anim\u00e9 la revue <i>Mother Earth,<\/i> qu\u2019elle avait cr\u00e9\u00e9e en 1906 et utilis\u00e9e autant pour s\u2019opposer \u00e0 l\u2019entr\u00e9e en guerre des \u00c9tats-Unis, pour appeler \u00e0 d\u00e9sob\u00e9ir \u00e0 la conscription que pour lutter pour l\u2019\u00e9mancipation des femmes, la contraception et la lib\u00e9ration sexuelle. Cette \u0153uvre monumentale, dans tous les sens du terme, est pour la premi\u00e8re fois traduite int\u00e9gralement en fran\u00e7ais, par Laure Batier et Jacqueline Reuss.<\/p>\n<figure class=\"spip_document_30526 spip_documents spip_documents_right\" style=\"float:right; width:200px;\">\n<div class=\"limage\">\n<p>            <img loading=\"lazy\" decoding=\"async\" src=\"https:\/\/www.monde-diplomatique.fr\/\/local\/cache-vignettes\/L200xH296\/linsurgee-severine-couv-9566b.jpg?1666781380\" width=\"200\" alt=\"\" height=\"296\"\/><\/p><\/div>\n<\/figure>\n<p>Une remarquable et intelligente anthologie d\u2019articles de Caroline R\u00e9my, dite S\u00e9verine (1855-1929), permet de (re)d\u00e9couvrir une autre figure du combat social et f\u00e9ministe<span class=\"spip_note_ref\">\u00a0(<a target=\"_blank\" href=\"http:\/\/www.monde-diplomatique.fr\/2022\/11\/LONDON\/65244#nb2\" class=\"spip_note\" rel=\"appendix\" title=\"S\u00e9verine, L\u2019Insurg\u00e9e, L\u2019\u00c9chapp\u00e9e, 2022, 274\u00a0pages, 20\u00a0euros. Cf. \u00e9galement la\u00a0(...)\" id=\"nh2\">2<\/a>)<\/span>. <i>\u00ab<small class=\"fine\">\u00a0<\/small>Apprentie<small class=\"fine\">\u00a0<\/small>\u00bb<\/i> puis collaboratrice de Jules Vall\u00e8s au <i>Cri du peuple,<\/i> qu\u2019il a fond\u00e9 en 1871, et premi\u00e8re femme \u00e0 diriger un quotidien national, elle \u00e9crit ensuite dans des journaux divers et gagne une notori\u00e9t\u00e9 certaine. Au fil de ses prises de position ardentes pour d\u00e9fendre le droit \u00e0 l\u2019avortement ou fustiger les crimes dits \u00ab<small class=\"fine\">\u00a0<\/small>passionnels<small class=\"fine\">\u00a0<\/small>\u00bb, pour d\u00e9noncer le colonialisme et l\u2019antis\u00e9mitisme, notamment, c\u2019est son propre parcours que l\u2019on suit dans ce qui compose une sorte d\u2019autobiographie militante. <i>\u00ab<small class=\"fine\">\u00a0<\/small>Avec les pauvres, toujours<small class=\"fine\">\u00a0<\/small>\u00bb,<\/i> c\u2019est la ligne que suit celle qui tenta de se faire embaucher comme casseuse de sucre pour t\u00e9moigner au plus pr\u00e8s du quotidien de ces femmes qui venaient de se mettre en gr\u00e8ve, pour <i>\u00ab<small class=\"fine\">\u00a0<\/small>conna\u00eetre, par exp\u00e9rience plut\u00f4t que par ou\u00ef-dire, les \u00e2pret\u00e9s, les tristesses de ce m\u00e9tier<small class=\"fine\">\u00a0<\/small>\u00bb<\/i>\u00a0: <i>\u00ab<small class=\"fine\">\u00a0<\/small>D\u00e9crire la vie ouvri\u00e8re ne suffit pas \u2014 il faut la vivre, pour en bien appr\u00e9cier toute l\u2019injustice et toute l\u2019horreur. Alors, on sait ce dont on parle.<small class=\"fine\">\u00a0<\/small>\u00bb<\/i> Plus t\u00f4t dans le si\u00e8cle, Flora Tristan (1803-1844) avait port\u00e9 un socialisme f\u00e9ministe en veillant \u00e0 toujours lier dans son \u0153uvre le r\u00e9cit de ses exp\u00e9riences personnelles \u00e0 ses r\u00e9flexions et propositions. Fille ill\u00e9gitime d\u2019une Fran\u00e7aise de la petite bourgeoisie et d\u2019un descendant d\u2019une des plus riches familles du P\u00e9rou, elle se d\u00e9finissait comme <i>\u00ab<small class=\"fine\">\u00a0<\/small>paria<small class=\"fine\">\u00a0<\/small>\u00bb<\/i>\u00a0: <i>\u00ab<small class=\"fine\">\u00a0<\/small>Je me suis mise en r\u00e9volte ouverte contre un ordre de choses dont j\u2019\u00e9tais si cruellement victime, qui sanctionnait la servitude du sexe faible, la spoliation de l\u2019orphelin.<small class=\"fine\">\u00a0<\/small>\u00bb<\/i> La biographie que lui consacre Olivier Gaudefroy situe son parcours dans le contexte sociopolitique de son \u00e9poque, dont elle ne saurait \u00eatre dissoci\u00e9e<span class=\"spip_note_ref\">\u00a0(<a target=\"_blank\" href=\"http:\/\/www.monde-diplomatique.fr\/2022\/11\/LONDON\/65244#nb3\" class=\"spip_note\" rel=\"appendix\" title=\"Olivier Gaudefroy, Flora Tristan. Une insoumise sous le r\u00e8gne de\u00a0(...)\" id=\"nh3\">3<\/a>)<\/span>. Ses analyses, \u00e9minemment pragmatiques, se fondent sur l\u2019observation et la connaissance directe, plut\u00f4t que sur une id\u00e9ologie, m\u00eame si elle reconna\u00eet l\u2019influence des penseurs de l\u2019utopie socialiste, des saint-simoniens pour leur d\u00e9fense de l\u2019\u00e9galit\u00e9 entre les sexes, de Robert Owen pour son id\u00e9e de coop\u00e9ratives, et de Mary Wollstonecraft pour son \u00e9loge de la libert\u00e9 sexuelle. Avant de s\u2019adresser au peuple, elle d\u00e9cide de l\u2019\u00e9tudier et se rend en Angleterre pour s\u2019informer de la situation sociale\u00a0: elle pr\u00f4nera la constitution d\u2019une vaste organisation ouvri\u00e8re, autog\u00e9r\u00e9e et autofinanc\u00e9e, dans <i>L\u2019Union ouvri\u00e8re<\/i> (1843, r\u00e9\u00e9dit\u00e9 aux \u00c9ditions des femmes, 1886), qui int\u00e8gre la lutte sp\u00e9cifique des femmes.<\/p>\n<\/p><\/div>\n<div>\n<div id=\"nb1\">\n<p><span class=\"spip_note_ref\">(<a target=\"_blank\" href=\"http:\/\/www.monde-diplomatique.fr\/2022\/11\/LONDON\/65244#nh1\" class=\"spip_note\" title=\"Notes 1\" rev=\"appendix\">1<\/a>)\u00a0<\/span>Emma Goldman, <i>Vivre ma vie,<\/i> L\u2019\u00c9chapp\u00e9e, Paris, 2022, 1\u00a0128 pages, 19,90\u00a0euros. Et aussi <i>La Libert\u00e9 ou rien,<\/i> Lux, Montr\u00e9al, 2021.<\/p>\n<\/div>\n<div id=\"nb2\">\n<p><span class=\"spip_note_ref\">(<a target=\"_blank\" href=\"http:\/\/www.monde-diplomatique.fr\/2022\/11\/LONDON\/65244#nh2\" class=\"spip_note\" title=\"Notes 2\" rev=\"appendix\">2<\/a>)\u00a0<\/span>S\u00e9verine, <i>L\u2019Insurg\u00e9e,<\/i> L\u2019\u00c9chapp\u00e9e, 2022, 274\u00a0pages, 20\u00a0euros. <i>Cf.<\/i> \u00e9galement la revue <i>Retronews,<\/i> n\u00b0\u00a04, publi\u00e9e le 21\u00a0septembre\u00a02022, qui consacre un dossier aux \u00ab<small class=\"fine\">\u00a0<\/small>femmes de presse<small class=\"fine\">\u00a0<\/small>\u00bb.<\/p>\n<\/div>\n<div id=\"nb3\">\n<p><span class=\"spip_note_ref\">(<a target=\"_blank\" href=\"http:\/\/www.monde-diplomatique.fr\/2022\/11\/LONDON\/65244#nh3\" class=\"spip_note\" title=\"Notes 3\" rev=\"appendix\">3<\/a>)\u00a0<\/span>Olivier Gaudefroy, <i>Flora Tristan. Une insoumise sous le r\u00e8gne de Louis-Philippe,<\/i> Syllepse, Paris, 2022, 130\u00a0pages, 9\u00a0euros.<\/p>\n<\/div>\n<\/div>\n<p><br \/>\n<br \/><a href=\"https:\/\/www.monde-diplomatique.fr\/2022\/11\/LONDON\/65244\" target=\"_blank\"\">Source link <\/a><\/p>\n","protected":false},"excerpt":{"rendered":"<p>Elle fut une combattante indomptable. Emma Goldman (1869-1940), n\u00e9e en Russie, \u00e9migre aux \u00c9tats-Unis en 1885, obtient la nationalit\u00e9 am\u00e9ricaine en 1887, la perd deux ans apr\u00e8s \u2014 \u00ab\u00a0d\u00e9naturalisation politique\u00a0\u00bb.&hellip; <\/p>\n","protected":false},"author":1,"featured_media":15686,"comment_status":"open","ping_status":"open","sticky":false,"template":"","format":"standard","meta":{"footnotes":""},"categories":[1],"tags":[],"class_list":["post-15685","post","type-post","status-publish","format-standard","has-post-thumbnail","hentry","category-non-classe"],"_links":{"self":[{"href":"https:\/\/monde25.info\/index.php\/wp-json\/wp\/v2\/posts\/15685","targetHints":{"allow":["GET"]}}],"collection":[{"href":"https:\/\/monde25.info\/index.php\/wp-json\/wp\/v2\/posts"}],"about":[{"href":"https:\/\/monde25.info\/index.php\/wp-json\/wp\/v2\/types\/post"}],"author":[{"embeddable":true,"href":"https:\/\/monde25.info\/index.php\/wp-json\/wp\/v2\/users\/1"}],"replies":[{"embeddable":true,"href":"https:\/\/monde25.info\/index.php\/wp-json\/wp\/v2\/comments?post=15685"}],"version-history":[{"count":0,"href":"https:\/\/monde25.info\/index.php\/wp-json\/wp\/v2\/posts\/15685\/revisions"}],"wp:featuredmedia":[{"embeddable":true,"href":"https:\/\/monde25.info\/index.php\/wp-json\/wp\/v2\/media\/15686"}],"wp:attachment":[{"href":"https:\/\/monde25.info\/index.php\/wp-json\/wp\/v2\/media?parent=15685"}],"wp:term":[{"taxonomy":"category","embeddable":true,"href":"https:\/\/monde25.info\/index.php\/wp-json\/wp\/v2\/categories?post=15685"},{"taxonomy":"post_tag","embeddable":true,"href":"https:\/\/monde25.info\/index.php\/wp-json\/wp\/v2\/tags?post=15685"}],"curies":[{"name":"wp","href":"https:\/\/api.w.org\/{rel}","templated":true}]}}