{"id":15687,"date":"2025-09-11T22:44:47","date_gmt":"2025-09-11T20:44:47","guid":{"rendered":"https:\/\/monde25.info\/index.php\/2025\/09\/11\/au-moins-280-morts-de-plus-que-la-normale-lors-de-la-canicule-daout-en-france\/"},"modified":"2025-09-11T22:44:47","modified_gmt":"2025-09-11T20:44:47","slug":"au-moins-280-morts-de-plus-que-la-normale-lors-de-la-canicule-daout-en-france","status":"publish","type":"post","link":"https:\/\/monde25.info\/index.php\/2025\/09\/11\/au-moins-280-morts-de-plus-que-la-normale-lors-de-la-canicule-daout-en-france\/","title":{"rendered":"Au moins 280 morts de plus que la normale lors de la canicule d&#039;ao\u00fbt en France"},"content":{"rendered":"<p> <br \/>\n<br \/><img loading=\"lazy\" decoding=\"async\" src=\"https:\/\/reporterre.net\/local\/cache-vignettes\/L700xH467\/pexels-goumbik-296234_1_-c7912.jpg?1757601784\" class=\"spip_logo\" width=\"700\" height=\"467\" alt=\"\" \/><\/p>\n<p>Au moins 280. Tel est le nombre de d\u00e9c\u00e8s de plus que la normale, observ\u00e9 lors de la canicule du 8 au 19\u00a0ao\u00fbt dans l&rsquo;Hexagone. D&rsquo;apr\u00e8s Sant\u00e9 publique France, cette mortalit\u00e9 en exc\u00e8s de pr\u00e8s de 5<small class=\"fine d-inline\">\u00a0<\/small>% \u00ab<small class=\"fine d-inline\">\u00a0<\/small>n&rsquo;est observ\u00e9e que chez les personnes \u00e2g\u00e9es de 75 ans et plus<small class=\"fine d-inline\">\u00a0<\/small>\u00bb. Parmi les principaux territoires affect\u00e9s figurent la Nouvelle-Aquitaine et la Provence-Alpes-C\u00f4te d&rsquo;Azur, ayant chacune enregistr\u00e9 au moins 90\u00a0d\u00e9c\u00e8s en exc\u00e8s, a pr\u00e9cis\u00e9 l&rsquo;agence \u00e0 l&rsquo;<span class=\"caps\">AFP<\/span> le 11\u00a0septembre. Un mois plus t\u00f4t, la\u00a0(\u2026)<\/p>\n<p>                    <a target=\"_blank\" href=\"https:\/\/reporterre.net\/Au-moins-280-morts-de-plus-que-la-normale-lors-de-la-canicule-d-aout-en-France?utm_source=RSS&amp;utm_medium=RSS\">Lire la suite<\/a><\/p>\n<p>                    &#8211;<br \/>\n                        <a target=\"_blank\" href=\"https:\/\/reporterre.net\/Breves-20\" rel=\"directory\">En bref<\/a><\/p>\n<p>                    \/<br \/>\n                        <a target=\"_blank\" href=\"https:\/\/reporterre.net\/Climat-18\" rel=\"tag\">Climat <\/a><br \/>\n<br \/><br \/>\n<br \/><a href=\"https:\/\/reporterre.net\/Au-moins-280-morts-de-plus-que-la-normale-lors-de-la-canicule-d-aout-en-France\" target=\"_blank\"\">Source link <\/a><\/p>\n","protected":false},"excerpt":{"rendered":"<p>Au moins 280. Tel est le nombre de d\u00e9c\u00e8s de plus que la normale, observ\u00e9 lors de la canicule du 8 au 19\u00a0ao\u00fbt dans l&rsquo;Hexagone. D&rsquo;apr\u00e8s Sant\u00e9 publique France, cette&hellip; <\/p>\n","protected":false},"author":1,"featured_media":0,"comment_status":"open","ping_status":"open","sticky":false,"template":"","format":"standard","meta":{"footnotes":""},"categories":[1],"tags":[],"class_list":["post-15687","post","type-post","status-publish","format-standard","hentry","category-non-classe"],"_links":{"self":[{"href":"https:\/\/monde25.info\/index.php\/wp-json\/wp\/v2\/posts\/15687","targetHints":{"allow":["GET"]}}],"collection":[{"href":"https:\/\/monde25.info\/index.php\/wp-json\/wp\/v2\/posts"}],"about":[{"href":"https:\/\/monde25.info\/index.php\/wp-json\/wp\/v2\/types\/post"}],"author":[{"embeddable":true,"href":"https:\/\/monde25.info\/index.php\/wp-json\/wp\/v2\/users\/1"}],"replies":[{"embeddable":true,"href":"https:\/\/monde25.info\/index.php\/wp-json\/wp\/v2\/comments?post=15687"}],"version-history":[{"count":0,"href":"https:\/\/monde25.info\/index.php\/wp-json\/wp\/v2\/posts\/15687\/revisions"}],"wp:attachment":[{"href":"https:\/\/monde25.info\/index.php\/wp-json\/wp\/v2\/media?parent=15687"}],"wp:term":[{"taxonomy":"category","embeddable":true,"href":"https:\/\/monde25.info\/index.php\/wp-json\/wp\/v2\/categories?post=15687"},{"taxonomy":"post_tag","embeddable":true,"href":"https:\/\/monde25.info\/index.php\/wp-json\/wp\/v2\/tags?post=15687"}],"curies":[{"name":"wp","href":"https:\/\/api.w.org\/{rel}","templated":true}]}}