{"id":1577,"date":"2024-12-05T19:40:43","date_gmt":"2024-12-05T18:40:43","guid":{"rendered":"https:\/\/monde25.info\/index.php\/2024\/12\/05\/la-turquie-est-en-pleine-escalade-en-syrie\/"},"modified":"2024-12-05T19:40:43","modified_gmt":"2024-12-05T18:40:43","slug":"la-turquie-est-en-pleine-escalade-en-syrie","status":"publish","type":"post","link":"https:\/\/monde25.info\/index.php\/2024\/12\/05\/la-turquie-est-en-pleine-escalade-en-syrie\/","title":{"rendered":"La Turquie est en pleine escalade en Syrie"},"content":{"rendered":"<p> <br \/>\n<\/p>\n<div>\n<ol class=\"campaign-loop campaign-list\">\n<li id=\"campaign-433393\" class=\"post-433393 campaign type-campaign status-publish hentry campaign-has-goal campaign-has-not-achieved-goal campaign-has-end-date campaign-has-not-ended\">\n\t<a target=\"_blank\" href=\"https:\/\/reseauinternational.net\/campaigns\/campagne-de-dons-decembre-2024\/\"><\/p>\n<h3>Campagne de dons D\u00e9cembre 2024<\/h3>\n<p>\t\t\t<\/a><\/p>\n<p>\n\tChers amis lecteurs, R\u00e9seau International a de nouveau besoin de vous. Gr\u00e2ce \u00e0 vous, nous avons pu nous doter d\u2019un serveur plus s\u00e9curis\u00e9, avec des capacit\u00e9s bien plus aptes \u00e0 g\u00e9rer la tr\u00e8s grosse taille des donn\u00e9es du site et son important trafic. C\u2019est gr\u00e2ce \u00e0 vos dons que nous pouvons garder notre ind\u00e9pendance et\u00a0 vous fournir le meilleur de l\u2019information internationale alternative. Votre soutien nous est indispensable; nous comptons sur vous.<\/p>\n<p>\n<span class=\"amount\">1 736,00\u00a0\u20ac<\/span> de l\u2019objectif de <span class=\"goal-amount\">25 000,00\u00a0\u20ac<\/span> atteint<\/p>\n<\/li>\n<\/ol>\n<p>par <strong>Alexandr Svaranc<\/strong><\/p>\n<p><strong>La crise au Moyen-Orient comprend le conflit syrien, o\u00f9 la r\u00e9conciliation entre Damas et Ankara peut servir l\u2019int\u00e9r\u00eat commun de la paix et de la s\u00e9curit\u00e9.<\/strong> <strong>Cependant, la Turquie coordonne \u00e0 nouveau l\u2019intensification des relations avec la Syrie dans les provinces d\u2019Alep et d\u2019Idlib.<\/strong><\/p>\n<h5 class=\"wp-block-heading\"><strong>Quelle est la cause de l\u2019escalade des tensions militaires en Syrie ?<\/strong><\/h5>\n<p>Comme on le sait, le 27 novembre, quatre ans apr\u00e8s la signature de l\u2019accord de cessez-le-feu russo-turc de 2020, les forces rebelles syriennes radicales pro-turques ont repris les combats dans les provinces d\u2019Alep et d\u2019Idlib au nord-ouest de la Syrie. En particulier, l\u2019organisation Haiyat Tahrir al-Cham (HTS, anciennement Jabhat al-Nusra, une organisation interdite en Russie) a d\u00e9sign\u00e9 son objectif comme \u00e9tant le \u00abconfinement de l\u2019arm\u00e9e gouvernementale\u00bb de Bachar al-Assad et de ses combattants chiites alli\u00e9s (c.-\u00e0-d. le Hezbollah). Dans le m\u00eame temps, HTS est soutenu par un autre loyal \u00e0 Ankara et l\u2019opposition \u00e0 la structure de Damas \u00abarm\u00e9e nationale syrienne\u00bb (ANS, interdite en Russie).<\/p>\n<p>Curieusement, l\u2019activation militaire des combattants a co\u00efncid\u00e9 avec le cessez-le-feu dans le conflit arm\u00e9 entre Isra\u00ebl et le Liban. Cette escalade se d\u00e9roule d\u2019ailleurs dans le contexte de la stagnation des pourparlers turco-syriens sur la normalisation, o\u00f9 Ankara n\u2019accepte pas la position de Damas de retirer les troupes turques des territoires occup\u00e9s au Nord-Ouest. \u00c0 cet \u00e9gard, le MAE turc Hakan Fidan a not\u00e9 que \u00ab<em>la Syrie n\u2019a pas l\u2019intention de discuter trop de certaines questions<\/em>\u00bb.<\/p>\n<p>En fait, la zone de combat est partiellement sous la responsabilit\u00e9 de la Turquie elle-m\u00eame en tant que participant au processus de n\u00e9gociation d\u2019Astana. Cependant, les terroristes ont men\u00e9 des attaques \u00e0 grande \u00e9chelle sur un front large, bien \u00e9quip\u00e9s et \u00e9quip\u00e9s avec les derni\u00e8res armes (y compris les drones) avec dans leurs rangs un grand nombre de combattants. Cela implique que le HTS et l\u2019ANS b\u00e9n\u00e9ficient d\u2019un soutien externe, tant en termes de mat\u00e9riel militaire et d\u2019entra\u00eenement, qu\u2019en termes de coordination op\u00e9rationnelle des actions offensives et du soutien par les tirs et autres de la Turquie.<\/p>\n<p>Dans les premiers jours de l\u2019offensive, les forces pro-turques ont captur\u00e9 un certain nombre d\u2019objets critiques. Les Forces a\u00e9rospatiales russes sont du c\u00f4t\u00e9 des troupes gouvernementales syriennes, aidant l\u2019arm\u00e9e d\u2019Assad \u00e0 r\u00e9primer l\u2019attaque des militants. Moscou a qualifi\u00e9 les actions des militants d\u2019attaque contre la souverainet\u00e9 de la Syrie. La position de la Russie a \u00e9t\u00e9 soutenue par l\u2019Iran.<\/p>\n<p><em><a target=\"_blank\" href=\"https:\/\/www.middleeasteye.net\/news\/turkey-says-syrian-rebels-launched-limited-operation-near-aleppo\" target=\"_blank\" rel=\"noopener\" title=\"\">The Middle East Eye<\/a><\/em> note qu\u2019Ankara aurait tent\u00e9 d\u2019emp\u00eacher une op\u00e9ration militaire afin d\u2019\u00e9viter une nouvelle escalade des tensions au Moyen-Orient et d\u2019exclure un autre flux de r\u00e9fugi\u00e9s vers la Turquie voisine.<\/p>\n<p>Aux fins du contr\u00f4le de s\u00e9curit\u00e9, le minist\u00e8re turc de la D\u00e9fense, niant leur implication dans ces \u00e9v\u00e9nements, se limite \u00e0 suivre la situation. La m\u00eame position est tenue par le MAE turc, qui s\u2019est officiellement dissoci\u00e9 des combats en Syrie. Comme le journal turc En Son Haber le note, <a target=\"_blank\" href=\"https:\/\/www.ensonhaber.com\/gundem\/turkiyenin-halepteki-catismalara-yaklasimi\" target=\"_blank\" rel=\"noopener\" title=\"\">Fidan a soulign\u00e9<\/a> que la Turquie ne soutient pas les combats entre l\u2019arm\u00e9e syrienne et les rebelles \u00e0 Alep et Idlib, et qu\u2019Ankara \u00ab<em>ne permettra jamais qu\u2019une structure terroriste en Syrie devienne un \u00c9tat<\/em>\u00bb. <a target=\"_blank\" href=\"https:\/\/www.ensonhaber.com\/gundem\/turkiyenin-halepteki-catismalara-yaklasimi\" target=\"_blank\" rel=\"noopener\" title=\"\">Selon le diplomate turc en chef<\/a>, les groupes terroristes ont le soutien des \u00c9tats-Unis (\u00e9videmment, ils parlent de structures de combat kurdes), sinon \u00ab<em>ils n\u2019auraient pas dur\u00e9 trois jours<\/em>\u00bb<em>.<\/em><\/p>\n<p>Le fait est que les forces kurdes des Forces d\u00e9mocratiques syriennes (FDS) \u00e0 Alep et \u00e0 Idlib ont \u00e9galement combattu contre les forces turques. En fait, HTS et ANS attaquent sur la ligne Manbij-Tel Rifat, c\u2019est-\u00e0-dire dans les colonies kurdes.<\/p>\n<h5 class=\"wp-block-heading\"><strong>L\u2019implication du r\u00e9gime de Kiev dans l\u2019escalade en Syrie est li\u00e9e aux plans am\u00e9ricains<\/strong><\/h5>\n<p>Il existe des donn\u00e9es qui indiquent que les combattants ukrainiens ont \u00e9t\u00e9 enregistr\u00e9s dans les rangs des terroristes. L\u2019implication du r\u00e9gime de Kiev dans l\u2019escalade syrienne est probablement li\u00e9e aux plans am\u00e9ricains visant \u00e0 cr\u00e9er une zone suppl\u00e9mentaire de menaces pour les int\u00e9r\u00eats russes et iraniens (par exemple, la r\u00e9duction des capacit\u00e9s militaires et militaro-techniques russes du c\u00f4t\u00e9 ukrainien).<\/p>\n<p>En m\u00eame temps, Ankara nie officiellement que la Turquie ait \u00e9t\u00e9 impliqu\u00e9e dans ces \u00e9v\u00e9nements, mais il y a aussi une contradiction dans les d\u00e9clarations de ce m\u00eame Fidan. Si les Turcs, comme ils l\u2019admettent eux-m\u00eames, avaient des informations sur l\u2019op\u00e9ration militaire pr\u00e9vue de HTS et de ANS et auraient essay\u00e9 de les dissuader d\u2019une escalade dans la r\u00e9gion par leurs communications, alors :<\/p>\n<p><em>Premi\u00e8rement,<\/em> comment ces forces pourraient refuser d\u2019Ankara si elles \u00abn\u2019auraient pas tenu trois jours\u00bb sans leur aide ;<\/p>\n<p><em>Deuxi\u00e8mement,<\/em> la Turquie est m\u00e9contente de la position intransigeante de Bachar al-Assad sur le retrait des troupes d\u2019occupation turques de la zone de s\u00e9curit\u00e9 dite des provinces du nord, par cons\u00e9quent, l\u2019op\u00e9ration militaire r\u00e9ussie contre Damas permet \u00e0 Ankara de gagner un certain avantage en dictant ses conditions dans les n\u00e9gociations ult\u00e9rieures ;<\/p>\n<p><em>Troisi\u00e8mement,<\/em> la position cat\u00e9gorique d\u2019Assad sur le r\u00e9tablissement de la souverainet\u00e9 de la SAR sans reconna\u00eetre les r\u00e9alit\u00e9s turques sur le terrain \u00e9tait apparemment bas\u00e9e sur le plan pour une offensive de printemps par l\u2019arm\u00e9e syrienne dans le nord-ouest pour r\u00e9soudre militairement la question du r\u00e9tablissement de sa d\u00e9l\u00e9gation et de facto, qui a conduit Ankara \u00e0 une frappe pr\u00e9ventive ;<\/p>\n<p><em>Quatri\u00e8mement,<\/em> si la Turquie ne permet pas \u00e0 la structure terroriste de devenir un \u00c9tat en Syrie, avec seulement le c\u00f4t\u00e9 kurde \u00e0 l\u2019esprit, pourquoi Fidan \u00aboublie\u00bb que HTS et ANS pour la Syrie sont des organisations terroristes radicales d\u2019opposition (en d\u2019autres termes, les Turcs ne sont pas objectifs sur cette question) ;<\/p>\n<p><em>Cinqui\u00e8mement,<\/em> o\u00f9 HTS et ANS ont des drones de combat et d\u2019autres \u00e9quipements militaires modernes, si ce n\u2019est de la Turquie, qui est avare de ses drones<\/p>\n<p>Bien s\u00fbr, les \u00c9tats-Unis et Isra\u00ebl ont int\u00e9r\u00eat \u00e0 ce que la tension militaire continue de s\u2019aggraver en Syrie et au Moyen-Orient dans son ensemble, car les deux pays misent sur les Kurdes et visent \u00e0 affaiblir davantage la position de l\u2019Iran (CGRI et \u00abHezbollah\u00bb) en Syrie et de la Russie en Syrie et en Ukraine.<\/p>\n<h5 class=\"wp-block-heading\"><strong>Quelles pourraient \u00eatre les cons\u00e9quences d\u2019une nouvelle escalade en Syrie ?<\/strong><\/h5>\n<p>Alep \u00e9tait le principal acteur \u00e9conomique de la Syrie. Selon qui le contr\u00f4le, il ou elle peut influencer l\u2019issue du conflit syrien. Ce n\u2019est pas un hasard si, apr\u00e8s avoir pris le contr\u00f4le d\u2019une partie d\u2019Alep par HTS \u00e0 Ankara, l\u2019\u00e9v\u00e9nement ram\u00e8nera un grand nombre de r\u00e9fugi\u00e9s syriens de Turquie (en r\u00e9alit\u00e9, les Turcs d\u00e9placeront des Turcomans \u00e0 Alep pour influencer la carte ethnique).<\/p>\n<p>La Turquie voit ses int\u00e9r\u00eats en Syrie menac\u00e9s par les forces kurdes et exclut toute forme d\u2019autonomie kurde \u00e0 Rojava, comme le Kurdistan irakien avec son centre \u00e0 Erbil. Mais les Kurdes sont soutenus par les \u00c9tats-Unis, le Royaume-Uni et Isra\u00ebl. Par cons\u00e9quent, les Turcs sont heureux de bl\u00e2mer les \u00c9tats-Unis et de parler de leur propre non-implication.<\/p>\n<p>En tout cas, si la Turquie intensifie sa participation officielle \u00e0 l\u2019escalade syrienne contre les forces gouvernementales, le processus de n\u00e9gociation sur la normalisation des relations avec la Syrie peut \u00eatre laiss\u00e9, sinon oubli\u00e9, puis mis dans une \u00ablongue bo\u00eete\u00bb. Dans un tel cas, la participation d\u2019Ankara \u00e0 la plateforme d\u2019Astana pourrait s\u2019av\u00e9rer probl\u00e9matique, car la Russie et l\u2019Iran n\u2019auront pas d\u2019arguments pour soutenir les initiatives pacifiques aux c\u00f4t\u00e9s de la Turquie.<\/p>\n<p>Dans le m\u00eame temps, l\u2019escalade militaire en Syrie avec la participation turque cr\u00e9era des tensions suppl\u00e9mentaires entre Ankara et Washington et Tel-Aviv si les deux derniers \u00c9tats soutiennent les forces kurdes au Rojava. La Turquie peut se tenir seule contre les principaux acteurs mondiaux et r\u00e9gionaux. Mais nous savons par l\u2019histoire que la Turquie a souvent la capacit\u00e9 de s\u2019arr\u00eater au bord d\u2019un pr\u00e9cipice, un \u00e9chec in\u00e9vitable de sa diplomatie.<\/p>\n<p>source : <a target=\"_blank\" href=\"https:\/\/journal-neo.su\/fr\/2024\/12\/04\/la-turquie-est-en-pleine-escalade-en-syrie\/\" target=\"_blank\" rel=\"noopener\" title=\"\">New Easern Outlook<\/a><\/p>\n<div class=\"sharedaddy sd-block sd-like jetpack-likes-widget-wrapper jetpack-likes-widget-unloaded\" id=\"like-post-wrapper-237719536-433923-6751f2ce09c92\" data-src=\"https:\/\/widgets.wp.com\/likes\/?ver=14.0#blog_id=237719536&amp;post_id=433923&amp;origin=reseauinternational.net&amp;obj_id=237719536-433923-6751f2ce09c92&amp;n=1\" data-name=\"like-post-frame-237719536-433923-6751f2ce09c92\" data-title=\"Aimer ou rebloguer\">\n<h3 class=\"sd-title\">J\u2019aime \u00e7a\u00a0:<\/h3>\n<p><span class=\"button\"><span>J\u2019aime<\/span><\/span> <span class=\"loading\">chargement\u2026<\/span><\/p>\n<p><span class=\"sd-text-color\"\/><a target=\"_blank\" class=\"sd-link-color\"\/><\/div>\n<p><meta itemscope=\"\" itemprop=\"mainEntityOfPage\" itemtype=\"https:\/\/schema.org\/WebPage\" itemid=\"https:\/\/reseauinternational.net\/la-turquie-est-en-pleine-escalade-en-syrie\/\"\/><meta itemprop=\"headline\" content=\"La Turquie est en pleine escalade en Syrie\"\/><span style=\"display: none;\" itemprop=\"author\" itemscope=\"\" itemtype=\"https:\/\/schema.org\/Person\"><meta itemprop=\"name\" content=\"R\u00e9seau International\"\/><\/span><span style=\"display: none;\" itemprop=\"image\" itemscope=\"\" itemtype=\"https:\/\/schema.org\/ImageObject\"><meta itemprop=\"url\" content=\"https:\/\/i0.wp.com\/reseauinternational.net\/wp-content\/uploads\/2024\/12\/Sans-titre-41.png?fit=800%2C467&amp;ssl=1\"\/><meta itemprop=\"width\" content=\"800\"\/><meta itemprop=\"height\" content=\"467\"\/><\/span><span style=\"display: none;\" itemprop=\"publisher\" itemscope=\"\" itemtype=\"https:\/\/schema.org\/Organization\"><span style=\"display: none;\" itemprop=\"logo\" itemscope=\"\" itemtype=\"https:\/\/schema.org\/ImageObject\"><meta itemprop=\"url\" content=\"https:\/\/reseauinternational.net\/wp-content\/uploads\/2022\/06\/Capture-de\u0301cran-2022-06-14-a\u0300-16.51.07.png\"\/><\/span><meta itemprop=\"name\" content=\"R\u00e9seau International\"\/><\/span><meta itemprop=\"datePublished\" content=\"2024-12-05T16:37:53+00:00\"\/><meta itemprop=\"dateModified\" content=\"2024-12-05T16:38:06+00:00\"\/><\/div>\n<p><br \/>\n<br \/><a href=\"https:\/\/reseauinternational.net\/la-turquie-est-en-pleine-escalade-en-syrie\/\" target=\"_blank\"\">Source link <\/a><\/p>\n","protected":false},"excerpt":{"rendered":"<p>Campagne de dons D\u00e9cembre 2024 Chers amis lecteurs, R\u00e9seau International a de nouveau besoin de vous. Gr\u00e2ce \u00e0 vous, nous avons pu nous doter d\u2019un serveur plus s\u00e9curis\u00e9, avec des&hellip; <\/p>\n","protected":false},"author":1,"featured_media":1578,"comment_status":"open","ping_status":"open","sticky":false,"template":"","format":"standard","meta":{"footnotes":""},"categories":[1],"tags":[],"class_list":["post-1577","post","type-post","status-publish","format-standard","has-post-thumbnail","hentry","category-non-classe"],"_links":{"self":[{"href":"https:\/\/monde25.info\/index.php\/wp-json\/wp\/v2\/posts\/1577","targetHints":{"allow":["GET"]}}],"collection":[{"href":"https:\/\/monde25.info\/index.php\/wp-json\/wp\/v2\/posts"}],"about":[{"href":"https:\/\/monde25.info\/index.php\/wp-json\/wp\/v2\/types\/post"}],"author":[{"embeddable":true,"href":"https:\/\/monde25.info\/index.php\/wp-json\/wp\/v2\/users\/1"}],"replies":[{"embeddable":true,"href":"https:\/\/monde25.info\/index.php\/wp-json\/wp\/v2\/comments?post=1577"}],"version-history":[{"count":0,"href":"https:\/\/monde25.info\/index.php\/wp-json\/wp\/v2\/posts\/1577\/revisions"}],"wp:featuredmedia":[{"embeddable":true,"href":"https:\/\/monde25.info\/index.php\/wp-json\/wp\/v2\/media\/1578"}],"wp:attachment":[{"href":"https:\/\/monde25.info\/index.php\/wp-json\/wp\/v2\/media?parent=1577"}],"wp:term":[{"taxonomy":"category","embeddable":true,"href":"https:\/\/monde25.info\/index.php\/wp-json\/wp\/v2\/categories?post=1577"},{"taxonomy":"post_tag","embeddable":true,"href":"https:\/\/monde25.info\/index.php\/wp-json\/wp\/v2\/tags?post=1577"}],"curies":[{"name":"wp","href":"https:\/\/api.w.org\/{rel}","templated":true}]}}