{"id":1579,"date":"2024-12-05T20:13:25","date_gmt":"2024-12-05T19:13:25","guid":{"rendered":"https:\/\/monde25.info\/index.php\/2024\/12\/05\/le-donald-trump-francais-cest-emmanuel-macron-partie-2-les-explications\/"},"modified":"2024-12-05T20:13:25","modified_gmt":"2024-12-05T19:13:25","slug":"le-donald-trump-francais-cest-emmanuel-macron-partie-2-les-explications","status":"publish","type":"post","link":"https:\/\/monde25.info\/index.php\/2024\/12\/05\/le-donald-trump-francais-cest-emmanuel-macron-partie-2-les-explications\/","title":{"rendered":"Le Donald Trump fran\u00e7ais, c&rsquo;est Emmanuel Macron ? (partie 2 : les explications)"},"content":{"rendered":"<p> <br \/>\n<\/p>\n<div>\n<p>Suite de l&rsquo;\u00e9dito pr\u00e9c\u00e9dent : <a target=\"_blank\" href=\"https:\/\/edition.francesoir.fr\/opinions-editos\/le-donald-trump-francais-c-est-emmanuel-macron-partie-1-les-derniers-degres-de\" target=\"_blank\">le Donald Trump fran\u00e7ais, c&rsquo;est Emmanuel Macron\u00a0!\u00a0(partie 1\u00a0: les derniers degr\u00e9s de libert\u00e9 d&rsquo;une fin de r\u00e8gne annonc\u00e9e)<\/a>.<\/p>\n<p>Le d\u00e9dain des Fran\u00e7ais qu&rsquo;Emmanuel Macron \u00e9prouve, et le fait qu\u2019il affirme \u00eatre la r\u00e9ponse \u00e0 tout (puisqu\u2019il dit \u00ab\u00a0faire le travail de tout le monde\u00a0\u00bb) pourraient \u00eatre un atout. La raison qui l&rsquo;incitera \u00e0 relever le d\u00e9fi.<\/p>\n<p>Et, les personnes objet de la question n\u00b0 1\u00a0:<\/p>\n<blockquote>\n<p>\u00ab\u00a0<em>Voulez-vous que toutes les personnes qui ont particip\u00e9, \u00e0 quelque titre que ce soit, \u00e0 l&rsquo;exercice du pouvoir politique sous l&rsquo;actuelle R\u00e9publique et ceux qui y participent actuellement, ne puissent plus jamais y participer, \u00e0 quelque titre que ce soit, hormis celui de conseiller, mais sans mandat ex\u00e9cutif, et ceci \u00e0 effet imm\u00e9diat \u00e0 compter des r\u00e9sultats de ces r\u00e9f\u00e9rendums en cours\u00a0? Et, pareillement pour les personnes qui ont exerc\u00e9 ou qui exercent des fonctions de hauts-fonctionnaire\u00a0?<\/em>\u00a0\u00bb\u00a0<\/p>\n<\/blockquote>\n<p>Ces personnes \u00e9tant celles qui constituent la caste politico-administrative renti\u00e8re du syst\u00e8me responsable d&rsquo;absolument tous les probl\u00e8mes de la France et des Fran\u00e7ais, nul doute que ces derniers seront une immense majorit\u00e9 \u00e0 r\u00e9pondre \u00ab\u00a0oui\u00a0\u00bb \u00e0 la question.<\/p>\n<p>Et, auquel cas, il en sera obligatoirement de m\u00eame pour les deux autres questions, \u00e0 savoir l&rsquo;\u00e9tablissement d&rsquo;une nouvelle Constitution et la mise en place d&rsquo;un Conseil de transition.<\/p>\n<p>Ce <strong>Conseil de transition aura les degr\u00e9s de libert\u00e9 n\u00e9cessaires \u00e0 prendre<\/strong>, par ordonnances, les mesures visant \u00e0 r\u00e9tablir la confiance du peuple dans le syst\u00e8me d\u00e9mocratique, avec comme mot d\u2019ordre la transparence. Cela ne se fera pas sans heurts ni casses. Des mesures draconiennes devront \u00eatre mises en place, ainsi que des mesures hautement symboliques sur la contribution de tous ceux, \u00e9lus et autres, qui ont men\u00e9 \u00e0 cette situation de crise sans pr\u00e9c\u00e9dent. En effet, aucune raison n&rsquo;existe que perdurent les avantages hautement disproportionn\u00e9s, et toujours dans le sens des \u00e9lus et hauts fonctionnaires. La fin s&rsquo;impose, des avantages exag\u00e9r\u00e9s qui co\u00fbtent un bras \u00e0 la Nation et gr\u00e8vent ainsi l&rsquo;avenir de nos enfants.<\/p>\n<p>Voil\u00e0. Cela fait, il ne restera plus au conseil de transition qu&rsquo;\u00e0 proposer et \u00e0 \u00e9crire cette nouvelle constitution. De telle sorte que son contenu garantisse que, dans la pratique du pouvoir, le principe de gouvernance pos\u00e9 par l&rsquo;article 2 de la Constitution actuelle (et qui doit s&rsquo;appliquer \u00e0 tous les niveaux du pouvoir), \u00e0 savoir <strong>\u00ab\u00a0<\/strong><em><strong>Gouvernement du peuple, par le peuple et pour le peuple<\/strong><\/em><strong>\u00a0\u00bb, soit appliqu\u00e9 et respect\u00e9.<\/strong><\/p>\n<p>Et, en due application de ce principe, le peuple est la seule entit\u00e9 politique l\u00e9gitime \u00e0 \u00e9crire une nouvelle constitution en ce sens. Il conviendra alors au peuple de s&rsquo;exprimer sur ce point pr\u00e9cis par la voie d&rsquo;assembl\u00e9es citoyennes, comme je l&rsquo;ai propos\u00e9 dans mon \u00e9dito du 4 novembre 2024\u00a0: <a target=\"_blank\" href=\"https:\/\/www.francesoir.fr\/opinions-editos\/il-est-l-heure-de-se-reveiller-partie-ii\">il est l\u2019heure de se r\u00e9veiller<\/a>.<\/p>\n<p>Certes, cela prendra du temps\u00a0: un peu, beaucoup et passionn\u00e9ment. Mais, d&rsquo;ici l\u00e0, le pays pourra continuer sa vie sans Gouvernement et sans parlementaires, immanquablement mieux que lorsque ces margoulins sont aux commandes. Diantre\u00a0! On en a eu un exemple criant, il n&rsquo;y a pas longtemps avec la Belgique. Ce pays ne s&rsquo;est jamais aussi bien port\u00e9, institutionnellement et \u00e9conomiquement, que pendant les 589 jours durant lesquels il n&rsquo;a pas eu de Gouvernement.<\/p>\n<p>En outre, les chefs naturels qui \u00e9mergeront lors de l&rsquo;\u00e9tablissement de cette nouvelle Constitution, seront forc\u00e9ment des personnes <strong>qui s&rsquo;y connaissent, elles, gr\u00e2ce \u00e0 leur exp\u00e9rience, dans les domaines professionnels o\u00f9 elles se r\u00e9v\u00e9leront \u00e0 cette occasion<\/strong>. Au contraire des profiteurs qui dirigent le pays et ses subdivisions territoriales, politiques et administratives depuis 60 ans. D\u00e8s lors, l&rsquo;\u00e9conomie nationale s&rsquo;en portera mille fois mieux. Et, en cons\u00e9quence, les industriels et les banquiers d&rsquo;affaires qui tirent les ficelles en coulisses aujourd&rsquo;hui, gagneront beaucoup-beaucoup plus d&rsquo;argent demain. Ceci sans devoir s&rsquo;attacher pour cela les services co\u00fbteux de marionnettes politiques auxquelles ils recourent, qui, en r\u00e9alit\u00e9, ne sont pas simplement des \u00ab\u00a0bons \u00e0 rien\u00a0\u00bb, comme on le dit souvent, mais carr\u00e9ment des \u00ab\u00a0mauvais \u00e0 tout.\u00a0\u00bb<\/p>\n<p>Emmanuel Macron adorant, semble-t-il plus que tout, faire la nique \u00e0 ceux qui croient pouvoir l&#8217;emp\u00eacher d&rsquo;arriver \u00e0 ses fins, et ouvertement ; \u00e0 savoir en le leur faisant savoir officiellement (1) ; il s&rsquo;offrirait l\u00e0 l&rsquo;occurrence supr\u00eame pour s&rsquo;en d\u00e9lecter.<\/p>\n<p>Diable\u00a0!<\/p>\n<p>Cela lui permettrait de sortir par la grande porte, la tr\u00e8s grande porte (un De Gaulle puissance 10), tout en privant \u00e0 tout jamais des bonnes gr\u00e2ces, bien grasses de la R\u00e9publique, ceux qui sont pr\u00eats \u00e0 tout pour avoir les bonnes places ou pour y rester, mais qui, en off, le conchient \u00e9hont\u00e9ment.<\/p>\n<p>Et pour ce qui est de garantir comme susdit un contr\u00f4le effectif des \u00e9lus et des hauts fonctionnaires, par le peuple, s&rsquo;agissant de la gestion des deniers publics, je propose d&rsquo;inscrire dans la Constitution que ce contr\u00f4le est assur\u00e9, tant au niveau national qu&rsquo;au niveau local, par un coll\u00e8ge de citoyens d\u00e9sign\u00e9s par les \u00e9lecteurs concern\u00e9s\u00a0: <strong>le Comit\u00e9 Libre d\u2019Efficacit\u00e9 Budg\u00e9taire Souveraine.<\/strong><\/p>\n<p>Oui. Comme son nom l&rsquo;indique, le CLEBS (2) officiera comme chien de garde.<\/p>\n<p>Ainsi les \u00ab\u00a0moutons\u00a0\u00bb seront prot\u00e9g\u00e9s. Prot\u00e9g\u00e9s des \u00ab\u00a0loups\u00a0\u00bb, criminels en col blanc qui, \u00e0 d\u00e9faut de les manger (il ne faut pas tuer la \u00ab\u00a0poule\u00a0\u00bb aux \u0153ufs d&rsquo;or), s&rsquo;\u00e9vertuent \u00e0 les tondre. Car, gagez que, d&rsquo;ici l\u00e0, les \u00ab\u00a0rats\u00a0\u00bb auront quitt\u00e9 le navire. \u00ab\u00a0Le Titanic\u00a0\u00bb, l&#8217;embarcation sabord\u00e9e de toutes parts qu&rsquo;ils ont fait du bateau France. Ce vaisseau fant\u00f4me sur lequel ils nous ont fait monter de force, tous, les 68 millions de Fran\u00e7ais que nous sommes.<\/p>\n<p>Ressources, volont\u00e9 de r\u00e9ussir et talents dans tous les domaines, il y a tout ce qu&rsquo;il faut dans le pays pour que, normalement, le bateau France ne sombre pas dans l&rsquo;abysse glac\u00e9 du naufrage programm\u00e9 en cours. Qu&rsquo;au contraire, il vogue paisiblement, avec du pain pour tous, tel le \u00ab\u00a0Pacific Princess\u00a0\u00bb (nom du bateau dans \u00ab\u00a0La croisi\u00e8re s&rsquo;amuse\u00a0\u00bb), et qu&rsquo;il am\u00e8ne autant que possible tous ses passagers \u00e0 bon port !<\/p>\n<p>Imaginez un peu le kif, le super pied pour Emmanuel Macron, si c&rsquo;est avec lui \u00e0 la barre, Jupiter 1\u1d49\u02b3 acclam\u00e9 par la foule, que ce bateau France nouveau, enfin lib\u00e9r\u00e9 des amarres qui le maintenaient accroch\u00e9 au quai funeste des augures malfaisants (les int\u00e9r\u00eats priv\u00e9s contraires \u00e0 l&rsquo;int\u00e9r\u00eat public), avance alors sur les flots, majestueux, sous ces auspices nouvelles vou\u00e9es, elles au succ\u00e8s populaire, parce que suivant l\u00e0 le destin radieux d&rsquo;une Nation. Un destin brillant, trac\u00e9 par un \u00ab\u00a0<em>Parce que c&rsquo;est notre projet\u00a0!<\/em>\u00a0\u00bb synonyme cette fois-ci d&rsquo;une r\u00e9ussite partag\u00e9e. Un succ\u00e8s notamment \u00e9conomique, profitant de fa\u00e7on \u00e9minemment substantielle (toutes proportions gard\u00e9es bien s\u00fbr), tout autant aux armateurs du bateau que sont les patrons du CAC40, qu&rsquo;\u00e0 tous ceux qui y travaillent et en prennent grand soin. \u00c0 savoir pour que vogue, non pas \u00ab\u00a0la gal\u00e8re\u00a0\u00bb, mais un vaisseau amiral. La version aquatique et gros porteur du fameux \u00ab\u00a0premier de cord\u00e9e\u00a0\u00bb cher \u00e0 Emmanuel Macron.<\/p>\n<p>Il ne tient qu&rsquo;au capitaine actuel du navire qu&rsquo;il est, qu&rsquo;il en soit ainsi.<\/p>\n<p>Oui. Emmanuel Macron a en mains toutes les cartes n\u00e9cessaires \u00e0 pouvoir mener \u00e0 bien cette version-ci du \u00ab\u00a0<em>Parce que c&rsquo;est notre projet\u00a0!\u00a0<\/em>\u00bb pour lequel il a \u00e9t\u00e9 plac\u00e9 \u00e0 l\u2019\u00c9lys\u00e9e, et non pas la version originelle qui lui a \u00e9t\u00e9 dict\u00e9e en d\u2019\u00e9loges obscurs. Et, si j&rsquo;\u00e9voque cela, c&rsquo;est avant tout pour son bien \u00e0 lui.<\/p>\n<p>En effet, si c&rsquo;est dans sa version originelle que ce \u00ab\u00a0<em>Parce que c&rsquo;est notre projet\u00a0!\u00a0<\/em>\u00bb est men\u00e9 \u00e0 son terme, pour le pays, c&rsquo;est la catastrophe. Le chaos comme les t\u00e9nors du gouvernement viennent tous d&rsquo;alerter hier d&rsquo;une seule voix. Une catastrophe tant institutionnelle qu&rsquo;\u00e9conomique et sociale, synonyme d&rsquo;une calamit\u00e9 pour Emmanuel Macron. L&rsquo;horreur absolue. Son pire cauchemar.\u00a0 L&rsquo;\u00e9chec insupportable pour son ego, concernant l&rsquo;\u00e9l\u00e9ment qui lui tient le plus \u00e0 c\u0153ur : l&#8217;empreinte ind\u00e9l\u00e9bile qu&rsquo;il laissera dans l&rsquo;Histoire. Le souvenir imp\u00e9rissable, qu&rsquo;il esp\u00e8re glorieux, qu&rsquo;il l\u00e9guera \u00e0 la post\u00e9rit\u00e9.<\/p>\n<p>Car quelle sera la mat\u00e9rialit\u00e9 de cette empreinte, si le terme auquel il m\u00e8ne, ce \u00ab\u00a0<em>Parce que c&rsquo;est notre projet\u00a0!\u00a0<\/em>\u00bb, est cette catastrophe\u00a0?<\/p>\n<p>En lieu et place d&rsquo;\u00eatre inscrit en lettres d&rsquo;or (et majuscules) sur le registre des grands de ce monde, cette catastrophe rel\u00e9guera Emmanuel Macron, dans les tr\u00e9fonds de l&rsquo;Histoire, mais carr\u00e9ment dans ses oubliettes. La signature disgracieuse, conforme au r\u00e8gne qui est le sien jusqu&rsquo;\u00e0 pr\u00e9sent. Celui d&rsquo;un roitelet ayant perdu la confiance de tout son peuple (seuls 3 % pensent qu\u2019il m\u00e8ne le pays dans la bonne direction). Le putatif \u00ab\u00a0Roi Soleil\u00a0\u00bb qui contribue au d\u00e9classement de la France \u00e0 l&rsquo;international. Un r\u00e8gne marqu\u00e9 par les scandales \u00e0 r\u00e9p\u00e9tition et en tous genres, de fesses particuli\u00e8rement, et ayant accouch\u00e9, en toute logique, d&rsquo;une r\u00e9jection. Le comble du comble est d\u2019avoir appel\u00e9 son parti la R\u00e9publique en Marche, g\u00e2chant \u00e0 tout jamais les si\u00e8cles et les si\u00e8cles du rayonnement exerc\u00e9 par la France en termes de bon go\u00fbt, de l&rsquo;\u00e9l\u00e9gance et du culte du beau qui ont fait sa grandeur. Le bon sens de l\u2019Histoire, en quelque sorte.<\/p>\n<p>Si\u00a0! Je le r\u00e9p\u00e8te expr\u00e8s. Emmanuel Macron a en mains absolument toutes les cartes qui sont n\u00e9cessaires \u00e0 r\u00e9ussir cette version du \u00ab\u00a0<em>Parce que c&rsquo;est notre projet\u00a0!\u00a0<\/em>\u00bb qui ferait sa grandeur. Une version qui sera nettement plus profitable pour ses commanditaires actuels (tant en p\u00e9cuniaire que niveau prestige), et qui surtout sera profitable aussi, \u00e0 la fois \u00e0 la France et au peuple fran\u00e7ais.<\/p>\n<p>Mais voil\u00e0. La question est l\u00e0\u00a0: \u00ab Aura-t-il le courage de le faire, aura-t-il les couilles de le faire\u00a0? \u00bb\u00a0\u00a0<\/p>\n<p>Dans sa garde rapproch\u00e9e, Brigitte, sa femme, est sans doute la personne la mieux plac\u00e9e pour r\u00e9pondre \u00e0 cette question.<\/p>\n<p>\u00c0 cet \u00e9gard (car en tant que Premi\u00e8re Dame, elle les m\u00e9rite tous), elle qui a affirm\u00e9\u00a0\u00e0 moult reprises qu&rsquo;elle est en \u00ab\u00a0cheville\u00a0\u00bb avec lui depuis le d\u00e9but, elle qui l&rsquo;a fait sauter sur ses \u00ab\u00a0genoux\u00a0\u00bb quand il \u00e9tait petit, et qui \u00ab\u00a0l&rsquo;\u00e9paule\u00a0\u00bb de son mieux, afin qu&rsquo;il soit au \u00ab\u00a0coude-\u00e0-coude\u00a0\u00bb avec les plus grands, au besoin \u00e0 la force du \u00ab\u00a0poignet\u00a0\u00bb, j&rsquo;aimerais qu&rsquo;elle mette les poings sur les \u00ab\u00a0hanches\u00a0\u00bb (3).<\/p>\n<p>J&rsquo;entends par l\u00e0 (4) qu&rsquo;elle le pousse pour qu&rsquo;il saute le pas. Au besoin en lui faisant manger \u00ab\u00a0une salade de phalanges.\u00a0\u00bb (5) Madame l&rsquo;avait d\u00e9j\u00e0 menac\u00e9 de lui en faire manger une, s&rsquo;il ne respectait pas les interdictions alimentaires qu&rsquo;elle avait d\u00e9cid\u00e9es pour lui, en premier celle de manger \u00ab\u00a0des petits chocolats.\u00a0\u00bb<\/p>\n<p>Mais si ! Rappelez-vous, c&rsquo;\u00e9tait dans <a target=\"_blank\" href=\"https:\/\/youtu.be\/Qx6xNrhrwoI\">\u00ab\u00a0<em>Les coulisses d&rsquo;une victoire<\/em>\u00a0\u00bb<\/a> : le reportage officiel tourn\u00e9 autour de sa personne durant la campagne pr\u00e9sidentielle 2017\u00a0:<\/p>\n<p><iframe loading=\"lazy\" title=\"Emmanuel Macron : OM , Chocolat, Cordon Bleu\" width=\"1110\" height=\"624\" src=\"https:\/\/www.youtube.com\/embed\/Qx6xNrhrwoI?feature=oembed\" frameborder=\"0\" allow=\"accelerometer; autoplay; clipboard-write; encrypted-media; gyroscope; picture-in-picture; web-share\" referrerpolicy=\"strict-origin-when-cross-origin\" allowfullscreen><\/iframe><\/p>\n<p>Donc, allez, Monsieur Macron ! Montrez-nous la r\u00e9alit\u00e9. Faites-nous voir si vous n&rsquo;\u00eates que paroles, comme nombreux l&rsquo;affirment, ou si vous \u00eates un dirigeant \u00e0 ce point fabuleux dans tous les registres que, effectivement, en l&rsquo;\u00e9tat, les Fran\u00e7ais ne vous m\u00e9ritent pas. Prouvez-nous que c&rsquo;est vrai.\u00a0<\/p>\n<p>Montrez-nous le bon sens que vous avez en vous. Ordonnez la tenue des trois r\u00e9f\u00e9rendums aux questions que j&rsquo;ai list\u00e9es ici. Et, dans la mansu\u00e9tude immense dont savent faire preuve les puissants envers les simples d&rsquo;esprit, qui est propre aux empereurs dont l&rsquo;\u00e9clat et l&rsquo;aura sont somptueux, accordez-nous le droit de vous glorifier, pour nous avoir guid\u00e9s vers la lumi\u00e8re. Que vous soyez aim\u00e9 et respect\u00e9 de tous, comme vous le souhaitez tant.\u00a0<\/p>\n<p>Je vous sais capable de vouloir redonner la France aux fran\u00e7ais, parce que, si je ne m&rsquo;abuse, c\u2019\u00e9tait \u00e7a votre projet.<\/p>\n<p>\u00a0<\/p>\n<p>(1) rappelez-vous, entre autres exemples, parmi les tirades tristement c\u00e9l\u00e8bres dont il nous a gratifi\u00e9s,\u00a0 son <a target=\"_blank\" href=\"https:\/\/youtu.be\/_e0XFhEmiS4\">\u00ab\u00a0<em>S&rsquo;ils veulent un responsable, il est l\u00e0 devant vous\u00a0: qu&rsquo;ils viennent le chercher !<\/em>\u00a0\u00bb<\/a> et son \u00ab\u00a0<em>J&rsquo;ai tr\u00e8s envie d&#8217;emmerder les non-vaccin\u00e9s.<\/em>\u00a0\u00bb<\/p>\n<p>(2) le mot \u00ab\u00a0clebs\u00a0\u00bb vient de l&rsquo;arabe alg\u00e9rien. \u00ab\u00a0Cleb\u00a0\u00bb est le pluriel de \u00ab\u00a0kelb\u00a0\u00bb\u00a0: le \u00ab\u00a0chien.\u00a0\u00bb. D\u00e9barqu\u00e9 en France au XIXe si\u00e8cle, il re\u00e7oit une premi\u00e8re transcription dans le Larousse en 1863 sous la forme \u00ab\u00a0cleb\u00a0\u00bb, au singulier et en gardant son sens originel. Puis, lors de la Premi\u00e8re Guerre mondiale, on lui ajouta le \u00ab\u00a0s\u00a0\u00bb de son orthographe actuelle, \u00ab\u00a0clebs\u00a0\u00bb, qui est invariable en nombre (un \u00ab\u00a0clebs\u00a0\u00bb \/ des \u00ab\u00a0clebs\u00a0\u00bb). En effet, \u00ab\u00a0clebs\u00a0\u00bb est apparu pour la premi\u00e8re fois sous cette forme dans \u00ab\u00a0<em>Le lexique des Poilu<\/em>s\u00a0\u00bb, en tant que d\u00e9nomination du caporal, en rapport avec ses fonctions sur le terrain\u00a0: \u00ab\u00a0<em>\u00catre caporal, c&rsquo;est un m\u00e9tier de chien. Le cabot est le clebs de ses hommes<\/em>.\u00a0\u00bb (Cendrars, <em>\u00ab\u00a0La main coup\u00e9e\u00a0\u00bb<\/em>).<\/p>\n<p>(3) \u00ab\u00a0<em>mettre les mains ou les poings sur les hanches\u00a0: exprimer le d\u00e9fi, la r\u00e9solution<\/em>.\u00a0\u00bb<\/p>\n<p>(4) pourquoi \u00ab\u00a0cheville\u00a0\u00bb, \u00ab\u00a0genou\u00a0\u00bb, \u00ab\u00a0\u00e9paule\u00a0\u00bb, \u00ab\u00a0coude\u00a0\u00bb, \u00ab\u00a0poignet\u00a0\u00bb et \u00ab\u00a0hanche\u00a0\u00bb\u00a0? Parce que fonctionne ainsi le pouvoir, niveau articulations. C&rsquo;est propre \u00e0 son anatomie.<\/p>\n<p>(5) donner \u00ab\u00a0une salade de phalanges\u00a0\u00bb\u00a0: donner plusieurs gifles \u00e0 la suite \u00e0 une m\u00eame personne<\/p>\n<\/div>\n<p><script>(function(d, s, id) {  var js, fjs = d.getElementsByTagName(s)[0];  if (d.getElementById(id)) return;  js = d.createElement(s); js.id = id;  js.src = \"\/\/connect.facebook.net\/fr_FR\/sdk.js#xfbml=1&version=v2.3\";  fjs.parentNode.insertBefore(js, fjs);}(document, \"script\", \"facebook-jssdk\"));<\/script><br \/>\n<br \/><br \/>\n<br \/><a href=\"https:\/\/www.francesoir.fr\/opinions-editos\/le-donald-trump-francais-c-est-emmanuel-macron-partie-2-les-explications\" target=\"_blank\"\">Source link <\/a><\/p>\n","protected":false},"excerpt":{"rendered":"<p>Suite de l&rsquo;\u00e9dito pr\u00e9c\u00e9dent : le Donald Trump fran\u00e7ais, c&rsquo;est Emmanuel Macron\u00a0!\u00a0(partie 1\u00a0: les derniers degr\u00e9s de libert\u00e9 d&rsquo;une fin de r\u00e8gne annonc\u00e9e). Le d\u00e9dain des Fran\u00e7ais qu&rsquo;Emmanuel Macron \u00e9prouve,&hellip; <\/p>\n","protected":false},"author":1,"featured_media":0,"comment_status":"open","ping_status":"open","sticky":false,"template":"","format":"standard","meta":{"footnotes":""},"categories":[1],"tags":[],"class_list":["post-1579","post","type-post","status-publish","format-standard","hentry","category-non-classe"],"_links":{"self":[{"href":"https:\/\/monde25.info\/index.php\/wp-json\/wp\/v2\/posts\/1579","targetHints":{"allow":["GET"]}}],"collection":[{"href":"https:\/\/monde25.info\/index.php\/wp-json\/wp\/v2\/posts"}],"about":[{"href":"https:\/\/monde25.info\/index.php\/wp-json\/wp\/v2\/types\/post"}],"author":[{"embeddable":true,"href":"https:\/\/monde25.info\/index.php\/wp-json\/wp\/v2\/users\/1"}],"replies":[{"embeddable":true,"href":"https:\/\/monde25.info\/index.php\/wp-json\/wp\/v2\/comments?post=1579"}],"version-history":[{"count":0,"href":"https:\/\/monde25.info\/index.php\/wp-json\/wp\/v2\/posts\/1579\/revisions"}],"wp:attachment":[{"href":"https:\/\/monde25.info\/index.php\/wp-json\/wp\/v2\/media?parent=1579"}],"wp:term":[{"taxonomy":"category","embeddable":true,"href":"https:\/\/monde25.info\/index.php\/wp-json\/wp\/v2\/categories?post=1579"},{"taxonomy":"post_tag","embeddable":true,"href":"https:\/\/monde25.info\/index.php\/wp-json\/wp\/v2\/tags?post=1579"}],"curies":[{"name":"wp","href":"https:\/\/api.w.org\/{rel}","templated":true}]}}