{"id":158,"date":"2024-11-15T07:54:51","date_gmt":"2024-11-15T06:54:51","guid":{"rendered":"https:\/\/monde25.info\/index.php\/2024\/11\/15\/la-pologne-deploie-des-chars-sud-coreens-k2-pres-de-la-frontiere-avec-la-russie-rt-en-francais\/"},"modified":"2024-11-15T07:54:51","modified_gmt":"2024-11-15T06:54:51","slug":"la-pologne-deploie-des-chars-sud-coreens-k2-pres-de-la-frontiere-avec-la-russie-rt-en-francais","status":"publish","type":"post","link":"https:\/\/monde25.info\/index.php\/2024\/11\/15\/la-pologne-deploie-des-chars-sud-coreens-k2-pres-de-la-frontiere-avec-la-russie-rt-en-francais\/","title":{"rendered":"La Pologne d\u00e9ploie des chars sud-cor\u00e9ens K2 pr\u00e8s de la fronti\u00e8re avec la Russie \u2014 RT en fran\u00e7ais"},"content":{"rendered":"<p> <br \/>\n<br \/><img decoding=\"async\" src=\"https:\/\/mf.b37mrtl.ru\/french\/images\/2024.11\/thumbnail\/67361a6a87f3ec4fd93f6d99.jpg\" \/><\/p>\n<div>\n<p class=\"text__summary\">\n                                        La Pologne installe des chars K2 sud-cor\u00e9ens \u00e0 Braniewo, une enclave russe proche de Kaliningrad, qui se trouve entre la Pologne et la Lituanie. Sept chars ont d\u00e9j\u00e0 \u00e9t\u00e9 livr\u00e9s \u00e0 la 9e brigade et des livraisons suppl\u00e9mentaires sont attendues avant la fin de l&rsquo;ann\u00e9e.\n                                    <\/p>\n<p>La Pologne d\u00e9ploie les chars K2 achet\u00e9s \u00e0 la Cor\u00e9e du Sud, \u00e0 Braniewo, une enclave russe entre la Pologne et la Lituanie, \u00e0 quelques kilom\u00e8tres de la fronti\u00e8re avec la r\u00e9gion russe de Kaliningrad, selon\u00a0la porte-parole de la 16e division m\u00e9canis\u00e9e de Pom\u00e9ranie, la major, Magdalena Koszczynska dont les propos ont \u00e9t\u00e9 rapport\u00e9s par<a target=\"_blank\" href=\"https:\/\/www.pap.pl\/aktualnosci\/do-jednostki-w-braniewie-przywieziono-poludniowokoreanskie-czolgi-k2-nasze-wideo\" target=\"_blank\" rel=\"noopener noreferrer\"> l&rsquo;agence de presse polonaise\u00a0<em>PAP<\/em><\/a>\u00a0.\u00a0<\/p>\n<p>\u00abLors de la premi\u00e8re livraison, la 9e brigade a re\u00e7u sept chars. Une autre livraison est attendue pour la fin de cette ann\u00e9e. Actuellement, l\u2019unit\u00e9 dispose de huit \u00e9quipages form\u00e9s, qui ont \u00e9t\u00e9 entra\u00een\u00e9s avec les instructeurs de la 20e brigade m\u00e9canis\u00e9e\u00bb, a d\u00e9clar\u00e9 Magdalena Koszczynska.<\/p>\n<p>En juillet 2022, la Pologne et la Cor\u00e9e du Sud ont sign\u00e9 un accord pour la livraison d&rsquo;environ 1 000 chars K2 produits par la soci\u00e9t\u00e9 sud-cor\u00e9enne Hyundai Rotem. En ao\u00fbt de la m\u00eame ann\u00e9e, un contrat de plus de 3 milliards de dollars a \u00e9t\u00e9 sign\u00e9, selon lequel Hyundai Rotem s&rsquo;est engag\u00e9 \u00e0 fournir les 180 premiers chars \u00e0 la Pologne.<\/p>\n<p>Fin octobre 2024, lors d&rsquo;une visite en Cor\u00e9e du Sud, le pr\u00e9sident polonais Andrzej Duda a exprim\u00e9 l&rsquo;espoir qu&rsquo;un accord serait bient\u00f4t conclu permettant l&rsquo;\u00e9tablissement de la production de chars K2 en Pologne.<\/p>\n<p>Le K2 \u00abBlack Panther\u00bb est un char de quatri\u00e8me g\u00e9n\u00e9ration. Il est \u00e9quip\u00e9 d&rsquo;un canon automatique de 120 mm, de deux mitrailleuses et d&rsquo;un missile antichar guid\u00e9.<\/p>\n<p>Le\u00a0mercredi 13 novembre, la Pologne a inaugur\u00e9 sa premi\u00e8re base de d\u00e9fense antimissile am\u00e9ricaine Aegis \u00e0 Redzikowie, situ\u00e9e \u00e0 seulement 165 km de la fronti\u00e8re avec Kaliningrad. Cette installation, plac\u00e9e sous le commandement des forces am\u00e9ricaines en Europe, est per\u00e7ue par le Kremlin comme une menace directe \u00e0 sa s\u00e9curit\u00e9 et ce, pour de bonnes raisons. Le pr\u00e9sident polonais Andrzej Duda a admis que la base am\u00e9ricaine de d\u00e9fense antimissile de Redzikowo \u00e9tait dirig\u00e9e contre la Russie.<\/p>\n<p>Le porte-parole du Kremlin, Dmitri Peskov, s&rsquo;est exprim\u00e9\u00a0\u00e0 propos de l&rsquo;installation de cette base am\u00e9ricaine aupr\u00e8s de la r\u00e9gion russe de Kaliningrad\u00a0: \u00abC&rsquo;est l&rsquo;avancement de l&rsquo;infrastructure militaire am\u00e9ricaine sur le territoire europ\u00e9en vers nos fronti\u00e8res. Ce n&rsquo;est rien d&rsquo;autre qu&rsquo;une tentative de contenir notre potentiel militaire\u00bb. Il a soulign\u00e9 que de telles d\u00e9marches pousseraient la Russie \u00e0 adopter des mesures pour assurer la parit\u00e9.<\/p>\n<\/div>\n<p><br \/>\n<br \/><a href=\"https:\/\/francais.rt.com\/russie\/114711-pologne-deploie-chars-sud-coreens-pres-frontiere-russie\" target=\"_blank\"\">Source link <\/a><\/p>\n","protected":false},"excerpt":{"rendered":"<p>La Pologne installe des chars K2 sud-cor\u00e9ens \u00e0 Braniewo, une enclave russe proche de Kaliningrad, qui se trouve entre la Pologne et la Lituanie. Sept chars ont d\u00e9j\u00e0 \u00e9t\u00e9 livr\u00e9s&hellip; <\/p>\n","protected":false},"author":1,"featured_media":159,"comment_status":"open","ping_status":"open","sticky":false,"template":"","format":"standard","meta":{"footnotes":""},"categories":[1],"tags":[],"class_list":["post-158","post","type-post","status-publish","format-standard","has-post-thumbnail","hentry","category-non-classe"],"_links":{"self":[{"href":"https:\/\/monde25.info\/index.php\/wp-json\/wp\/v2\/posts\/158","targetHints":{"allow":["GET"]}}],"collection":[{"href":"https:\/\/monde25.info\/index.php\/wp-json\/wp\/v2\/posts"}],"about":[{"href":"https:\/\/monde25.info\/index.php\/wp-json\/wp\/v2\/types\/post"}],"author":[{"embeddable":true,"href":"https:\/\/monde25.info\/index.php\/wp-json\/wp\/v2\/users\/1"}],"replies":[{"embeddable":true,"href":"https:\/\/monde25.info\/index.php\/wp-json\/wp\/v2\/comments?post=158"}],"version-history":[{"count":0,"href":"https:\/\/monde25.info\/index.php\/wp-json\/wp\/v2\/posts\/158\/revisions"}],"wp:featuredmedia":[{"embeddable":true,"href":"https:\/\/monde25.info\/index.php\/wp-json\/wp\/v2\/media\/159"}],"wp:attachment":[{"href":"https:\/\/monde25.info\/index.php\/wp-json\/wp\/v2\/media?parent=158"}],"wp:term":[{"taxonomy":"category","embeddable":true,"href":"https:\/\/monde25.info\/index.php\/wp-json\/wp\/v2\/categories?post=158"},{"taxonomy":"post_tag","embeddable":true,"href":"https:\/\/monde25.info\/index.php\/wp-json\/wp\/v2\/tags?post=158"}],"curies":[{"name":"wp","href":"https:\/\/api.w.org\/{rel}","templated":true}]}}